{"id":1793,"date":"2023-07-04T11:59:00","date_gmt":"2023-07-04T11:59:00","guid":{"rendered":"https:\/\/987aldia.com\/web\/?p=1793"},"modified":"2023-06-19T08:33:08","modified_gmt":"2023-06-19T08:33:08","slug":"las-familias-de-castilla-y-leon-con-hijos-de-0-a-3-anos-pueden-pedir-desde-hoy-y-hasta-el-21-de-julio-el-bono-concilia-por-importe-de-750-euros-por-nino","status":"publish","type":"post","link":"https:\/\/987aldia.com\/web\/las-familias-de-castilla-y-leon-con-hijos-de-0-a-3-anos-pueden-pedir-desde-hoy-y-hasta-el-21-de-julio-el-bono-concilia-por-importe-de-750-euros-por-nino\/","title":{"rendered":"Las familias de Castilla y Le\u00f3n con hijos de 0 a 3 a\u00f1os pueden pedir desde hoy y hasta el 21 de julio el \u2018Bono Concilia\u2019 por importe de 750 euros por ni\u00f1o"},"content":{"rendered":"\n<ul class=\"wp-block-list\">\n<li>En 2023, el presupuesto para este recurso de ayuda a la conciliaci\u00f3n de las familias asciende a 11 millones de euros, un mill\u00f3n m\u00e1s que el a\u00f1o pasado<\/li>\n\n\n\n<li>Para optar a la subvenci\u00f3n, padres, tutores o acogedores deber\u00e1n estar empadronados en un municipio de la Comunidad y acreditar una actividad por cuenta ajena o propia de al menos 90 d\u00edas durante el curso escolar 2022-2023, entre otros requisitos<\/li>\n<\/ul>\n\n\n\n<p>Desde hoy y hasta el pr\u00f3ximo 21 de julio se podr\u00e1 solicitar el \u2018Bono Concilia\u2019, dirigido a aquellas familias con hijos de 0 a 3 a\u00f1os nacidos entre el 1 de enero de 2020 y el 31 de diciembre de 2022 y cuyos progenitores, tutores o acogedores necesiten conciliar el cuidado de los ni\u00f1os con su actividad laboral. Se trata de una ayuda de 750 euros por menor que se realizar\u00e1 en un \u00fanico pago una vez resuelta esta subvenci\u00f3n de concurrencia competitiva. La dotaci\u00f3n presupuestaria con la que cuenta la Consejer\u00eda de Familia e Igualdad de Oportunidades para esta convocatoria es de 10.971.500 euros, un mill\u00f3n m\u00e1s que en 2022, cuant\u00eda con la que se financiaron 13.301 bonos.<\/p>\n\n\n\n<p>El \u2018Bono Concilia\u2019 trata de favorecer la permanencia en el mercado laboral de las personas con responsabilidades familiares, con el objetivo de que no se produzca un abandono de la actividad profesional por raz\u00f3n del cuidado y atenci\u00f3n de los hijos, especialmente en el medio rural. Esta medida se enmarca en el ya consolidado Plan Familias de la Junta de Castilla y Le\u00f3n, con el que se trata de garantizar el desarrollo de los proyectos familiares fomentando la crianza en igualdad y la conciliaci\u00f3n de la vida privada y profesional.<\/p>\n\n\n\n<p>Tal y como publica hoy el Bolet\u00edn Oficial de Castilla y Le\u00f3n, las familias deber\u00e1n presentar la solicitud a trav\u00e9s de la&nbsp;<a href=\"https:\/\/www.tramitacastillayleon.jcyl.es\/web\/jcyl\/AdministracionElectronica\/es\/Plantilla100Detalle\/1251181050732\/enlaces\/1285289826301\/Propuesta\">Sede Electr\u00f3nica de la Junta de Castilla y Le\u00f3n<\/a>&nbsp;, donde se ha puesto a su disposici\u00f3n una aplicaci\u00f3n web donde habr\u00e1 de cumplimentarse el formulario. Dicha solicitud, dirigida al Servicio de Ayudas a Familias de la Direcci\u00f3n General de Familias, Infancia y Atenci\u00f3n a la Diversidad de la Gerencia de Servicios Sociales, deber\u00e1 ser \u00fanica por cada n\u00facleo familiar \u2212independientemente del n\u00famero de hijos para el que se solicite el Bono\u2212 y tendr\u00e1n que constar los datos y la firma de los dos progenitores si ambos ostentan la patria potestad de los menores.<\/p>\n\n\n\n<p>Para poder optar a la subvenci\u00f3n, padres, tutores o acogedores deber\u00e1n cumplir una serie de requisitos, como estar empadronados en un municipio de Castilla y Le\u00f3n o acreditar una actividad por cuenta ajena o propia a trav\u00e9s del alta en la Seguridad Social o una Mutualidad de al menos 90 d\u00edas durante el curso escolar 2022-2023 \u2212excluyendo las situaciones asimiladas al alta\u2212.<\/p>\n\n\n\n<p>Adem\u00e1s, el nivel anual de renta de ambos progenitores no puede haber superado los 50.000 euros el pasado a\u00f1o o los 25.000 si se trata de familias monoparentales. En este sentido, los l\u00edmites se aligeran en el caso de n\u00facleos con necesidades especiales: se aplicar\u00e1 una reducci\u00f3n de 3.000 euros por hijo con un grado de discapacidad igual o superior al 33 % y de 9.000 euros si dicho porcentaje es del 65 % o m\u00e1s.<\/p>\n\n\n\n<p>Para facilitar la conciliaci\u00f3n en el medio rural, el nivel de renta exigido se recorta un 20 % si solicitante y menor est\u00e1n empadronados en un municipio de menos de 20.000 habitantes, reducci\u00f3n que tambi\u00e9n se aplica a acogedores, familias monoparentales y numerosas de categor\u00eda general, mientras que las de categor\u00eda especial tendr\u00e1n una minoraci\u00f3n del 30 %.<\/p>\n\n\n\n<p>Por \u00faltimo, los solicitantes no podr\u00e1n incurrir en ninguna de las prohibiciones establecidas en la normativa de subvenciones y deber\u00e1n hallarse al corriente de sus obligaciones tributarias y frente a la Seguridad Social.<\/p>\n\n\n\n<p><strong>Colectivos preferentes<\/strong><\/p>\n\n\n\n<p>El nivel de renta es determinante a la hora de ordenar los beneficiarios de esta subvenci\u00f3n de concurrencia competitiva, una vez aplicadas las bonificaciones para familias con hijos con discapacidad y los correspondientes coeficientes de reducci\u00f3n. De este modo, se situar\u00e1n en mejor posici\u00f3n las familias que residen en el medio rural, las que acrediten la condici\u00f3n de \u2018acogedor familiar de Castilla y Le\u00f3n\u2019, familias monoparentales y, finalmente, numerosas tanto de categor\u00eda general como especial.<\/p>\n","protected":false},"excerpt":{"rendered":"<p>Desde hoy y hasta el pr\u00f3ximo 21 de julio se podr\u00e1 solicitar el \u2018Bono Concilia\u2019, dirigido a aquellas familias con hijos de 0 a 3 a\u00f1os nacidos entre el 1 de enero de 2020 y el 31 de diciembre de 2022 y cuyos progenitores, tutores o acogedores necesiten conciliar el cuidado de los ni\u00f1os con [&hellip;]<\/p>\n","protected":false},"author":1,"featured_media":1794,"comment_status":"open","ping_status":"closed","sticky":false,"template":"","format":"standard","meta":{"_monsterinsights_skip_tracking":false,"_monsterinsights_sitenote_active":false,"_monsterinsights_sitenote_note":"","_monsterinsights_sitenote_category":0,"site-container-style":"default","site-container-layout":"default","site-sidebar-layout":"default","disable-article-header":"default","disable-site-header":"default","disable-site-footer":"default","disable-content-area-spacing":"default","_jetpack_memberships_contains_paid_content":false,"footnotes":"","jetpack_publicize_message":"","jetpack_publicize_feature_enabled":true,"jetpack_social_post_already_shared":false,"jetpack_social_options":{"image_generator_settings":{"template":"highway","default_image_id":0,"font":"","enabled":false},"version":2}},"categories":[10],"tags":[],"class_list":["post-1793","post","type-post","status-publish","format-standard","has-post-thumbnail","hentry","category-castilla-y-leon"],"jetpack_publicize_connections":[],"jetpack_featured_media_url":"https:\/\/987aldia.com\/web\/wp-content\/uploads\/2023\/06\/ben-wicks-iDCtsz-INHI-unsplash.jpg","jetpack_sharing_enabled":true,"_links":{"self":[{"href":"https:\/\/987aldia.com\/web\/wp-json\/wp\/v2\/posts\/1793","targetHints":{"allow":["GET"]}}],"collection":[{"href":"https:\/\/987aldia.com\/web\/wp-json\/wp\/v2\/posts"}],"about":[{"href":"https:\/\/987aldia.com\/web\/wp-json\/wp\/v2\/types\/post"}],"author":[{"embeddable":true,"href":"https:\/\/987aldia.com\/web\/wp-json\/wp\/v2\/users\/1"}],"replies":[{"embeddable":true,"href":"https:\/\/987aldia.com\/web\/wp-json\/wp\/v2\/comments?post=1793"}],"version-history":[{"count":1,"href":"https:\/\/987aldia.com\/web\/wp-json\/wp\/v2\/posts\/1793\/revisions"}],"predecessor-version":[{"id":1795,"href":"https:\/\/987aldia.com\/web\/wp-json\/wp\/v2\/posts\/1793\/revisions\/1795"}],"wp:featuredmedia":[{"embeddable":true,"href":"https:\/\/987aldia.com\/web\/wp-json\/wp\/v2\/media\/1794"}],"wp:attachment":[{"href":"https:\/\/987aldia.com\/web\/wp-json\/wp\/v2\/media?parent=1793"}],"wp:term":[{"taxonomy":"category","embeddable":true,"href":"https:\/\/987aldia.com\/web\/wp-json\/wp\/v2\/categories?post=1793"},{"taxonomy":"post_tag","embeddable":true,"href":"https:\/\/987aldia.com\/web\/wp-json\/wp\/v2\/tags?post=1793"}],"curies":[{"name":"wp","href":"https:\/\/api.w.org\/{rel}","templated":true}]}}