{"id":1800,"date":"2023-07-04T18:00:00","date_gmt":"2023-07-04T18:00:00","guid":{"rendered":"https:\/\/987aldia.com\/web\/?p=1800"},"modified":"2023-06-19T11:16:33","modified_gmt":"2023-06-19T11:16:33","slug":"facyl-2023-concluye-con-la-participacion-de-82-000-visitantes-al-medio-centenar-de-actividades-que-han-convertido-a-salamanca-en-un-espacio-de-creacion-y-produccion-artistica","status":"publish","type":"post","link":"https:\/\/987aldia.com\/web\/facyl-2023-concluye-con-la-participacion-de-82-000-visitantes-al-medio-centenar-de-actividades-que-han-convertido-a-salamanca-en-un-espacio-de-creacion-y-produccion-artistica\/","title":{"rendered":"FACYL 2023 concluye con la participaci\u00f3n de 82.000 visitantes al medio centenar de actividades que han convertido a Salamanca en un espacio de creaci\u00f3n y producci\u00f3n art\u00edstica"},"content":{"rendered":"\n<h2 class=\"wp-block-heading\"><strong>La Consejer\u00eda de Cultura, Turismo y Deporte destaca la importancia de la \u00faltima edici\u00f3n del Festival Internacional de las Artes de Castilla y Le\u00f3n, que ha apostado por la conexi\u00f3n con la capital salmantina, uniendo nuevas tecnolog\u00edas, artes esc\u00e9nicas y vanguardia.<\/strong><\/h2>\n\n\n\n<p>El consejero de Cultura, Turismo y Deporte, Gonzalo Santonja, ha valorado la edici\u00f3n del Festival Internacional de las Artes de Castilla y Le\u00f3n, que acaba de concluir con 82.000 visitantes al casi medio centenar de actividades programadas, \u00ablo que supone una importante participaci\u00f3n del p\u00fablico, que ha acogido, con gran expectaci\u00f3n y muchas ganas, esta nueva edici\u00f3n\u201d.<\/p>\n\n\n\n<p>Santonja ha se\u00f1alado c\u00f3mo \u201cse han cumplido los objetivos planteados en esta edici\u00f3n de FACYL, que ha supuesto una reformulaci\u00f3n del festival, buscando una nueva identidad, dotando a FACYL de las nuevas propuestas art\u00edsticas m\u00e1s actuales y novedosas, a la vez que haciendo de lo multidisciplinar una se\u00f1a de identidad propia\u201d.<\/p>\n\n\n\n<p>En este sentido, hay que destacar que, durante los \u00faltimos cinco d\u00edas, tal y como ha se\u00f1alado el consejero, \u201cSalamanca ha sido testigo de un festival de las artes integral, que ha englobado toda la variedad de la producci\u00f3n art\u00edstica m\u00e1s contempor\u00e1nea y actual, desde la m\u00fasica y las artes esc\u00e9nicas, hasta la pintura y la danza, pasando por el circo o el videmapping, y todo ello con un hilo conductor que han sido las nuevas tecnolog\u00edas, en un marco patrimonial \u00fanico e incomparable\u201d.<\/p>\n\n\n\n<p>El consejero ha querido agradecer el trabajo desarrollado por Rodrigo Tamariz, nuevo coordinador art\u00edstico de FACYL y de todo el equipo del festival, gracias a los que se ha podido vivir en las calles de Salamanca un di\u00e1logo con la m\u00fasica, el arte y las artes esc\u00e9nicas en una propuesta novedosa.<\/p>\n\n\n\n<p><strong>Conexi\u00f3n entre Salamanca y FACYL<\/strong><\/p>\n\n\n\n<p>La programaci\u00f3n de FACYL 2023 ha contado con un total de 48 conciertos y espect\u00e1culos de vanguardia, con la participaci\u00f3n de artistas de primer nivel en un total de 17 espacios patrimoniales de la ciudad, \u201ccon lo que se ha alcanzado la conexi\u00f3n entre la ciudad de Salamanca y el propio festival, uno de los aspectos m\u00e1s olvidados en las \u00faltimas ediciones y que ha sido uno de los objetivos principales este a\u00f1o\u201d, seg\u00fan ha recordado el consejero.<\/p>\n\n\n\n<p>En este sentido, la programaci\u00f3n ha contado con el talento emergente que aporta la propia ciudad gracias a la colaboraci\u00f3n de la Universidad de Salamanca a trav\u00e9s de la Facultad de Bellas Artes, el Conservatorio Superior de M\u00fasica de Castilla y Le\u00f3n y la Escuela Profesional de Danza de Castilla y Le\u00f3n. Adem\u00e1s, se ha conseguido la implicaci\u00f3n de asociaciones y colectivos culturales y sociales de la ciudad, como el \u2018espacio Nuca\u2019, o de instituciones culturales, como la Sala Unamuno, la Biblioteca P\u00fablica de Salamanca, el Museo de Salamanca, la Casa Lis o el Teatro Liceo, entre otros, que han acogido diferentes espect\u00e1culos.<\/p>\n\n\n\n<p><strong>Espacio de creaci\u00f3n y producci\u00f3n art\u00edstica<\/strong><\/p>\n\n\n\n<p>Durante los cinco d\u00edas de duraci\u00f3n de FACYL, han participado m\u00e1s de 100 artistas, pertenecientes a 40 compa\u00f1\u00edas: 18 de Castilla y Le\u00f3n, dentro de la apuesta por el talento art\u00edstico de la Comunidad; adem\u00e1s de 12 nacionales y 10 internacionales procedentes de Canad\u00e1, Francia, Italia, B\u00e9lgica o Venezuela, que han posicionado a FACYL como un referente internacional en artes esc\u00e9nicas de vanguardia.<\/p>\n\n\n\n<p>En la presente edici\u00f3n, FACYL ha cumplido el objetivo de convertirse en un espacio de creaci\u00f3n y producci\u00f3n art\u00edstica, con propuestas \u00fanicas y dise\u00f1adas para el propio festival, que ha contado con cuatro producciones propias: el espect\u00e1culo de \u2018Imaginart Teatro\u2019 en el Huerto de Calixto y Melibea, que ha cubierto todos sus pases con un gran \u00e9xito de p\u00fablico; el Videomapping creado en colaboraci\u00f3n con el p\u00fablico infantil y escolar de Salamanca; los espect\u00e1culos de Poledance y Parkour que se han celebrado en la plaza de Anaya; as\u00ed como la obra art\u00edstica de la ilustradora Iris Serrano y el colectivo TAV, una intervenci\u00f3n con &#8216;tape art&#8217; que ha llenado de color e imaginaci\u00f3n el Museo de Salamanca.<\/p>\n\n\n\n<p><strong>Programa multidisciplinar<\/strong><\/p>\n\n\n\n<p>FACYL 2023 arranc\u00f3 el mi\u00e9rcoles 14 con el espect\u00e1culo \u2018The Whale Street\u2019, de la compa\u00f1\u00eda francesa CPPP, que supuso una declaraci\u00f3n de intenciones de lo que iba a ser el festival. Desde ese momento, la m\u00fasica ha tenido un papel muy importante, con las tendencias musicales m\u00e1s actuales, que inclu\u00edan artistas como la cantautora Sof\u00eda Ellar, junto a grupos la Comunidad como Feten Fet\u00e9n. La m\u00fasica electr\u00f3nica de baile ha estado representada por los DJs Yves V y Bryan Cross, que han sido titulares en uno de los festivales europeos m\u00e1s influyentes de este g\u00e9nero, como es el Festival Tomorrowland (B\u00e9lgica). Adem\u00e1s, uno de los mejores exponentes de la m\u00fasica venezolana de vanguardia, Omar Acosta, present\u00f3 su espect\u00e1culo tecnol\u00f3gico musical y de danza flamenca en un marco patrimonial incomparable, como el Patio Chico.<\/p>\n\n\n\n<p>Las tardes del Festival han sido testigo del regreso del programa \u2018Las Conchas Literarias\u2019 con un encuentro en el que han participado escritores consagrados y poetas, junto a otras disciplinas como son la escultura y la pintura. Y en el mismo espacio patrimonial de la Casa de las Conchas se ha desarrollado \u2018El rinc\u00f3n del FACYL\u2019, que ha permitido conocer a los protagonistas de FACYL 2023 en unas conversaciones con los artistas de esta edici\u00f3n.<\/p>\n\n\n\n<p>Las calles y espacios de Salamanca se han llenado de sonidos y colores gracias a las instalaciones art\u00edsticas de Clara Mart\u00edn en Plaza Liceo y el &#8216;tape art&#8217; de Iris Serrano y Colectivo TAV en el Museo de Salamanca, adem\u00e1s de los videomapping proyectados en la Casa de las Conchas o el \u2018M\u00e1s Multimedia. Memoria, Arte y Salamanca\u2019 en la Plaza Mayor, de igual forma que \u2018La magia en el lienzo: Arte y Salamanca\u2019, de Francheska Rodr\u00edguez y Sergio Gervilla, y el \u2018Mapping_On \/\/ El poder de las piedras\u2019, de Alberto Santos &amp; Gerard Mart\u00ednez, adem\u00e1s del impactante videomapping con el que se cerr\u00f3 la edici\u00f3n, una obra colectiva compuesta por varios de los mejores video-artistas mundiales.<\/p>\n","protected":false},"excerpt":{"rendered":"<p>La Consejer\u00eda de Cultura, Turismo y Deporte destaca la importancia de la \u00faltima edici\u00f3n del Festival Internacional de las Artes de Castilla y Le\u00f3n, que ha apostado por la conexi\u00f3n con la capital salmantina, uniendo nuevas tecnolog\u00edas, artes esc\u00e9nicas y vanguardia. El consejero de Cultura, Turismo y Deporte, Gonzalo Santonja, ha valorado la edici\u00f3n del [&hellip;]<\/p>\n","protected":false},"author":1,"featured_media":1801,"comment_status":"open","ping_status":"closed","sticky":false,"template":"","format":"standard","meta":{"_monsterinsights_skip_tracking":false,"_monsterinsights_sitenote_active":false,"_monsterinsights_sitenote_note":"","_monsterinsights_sitenote_category":0,"site-container-style":"default","site-container-layout":"default","site-sidebar-layout":"default","disable-article-header":"default","disable-site-header":"default","disable-site-footer":"default","disable-content-area-spacing":"default","_jetpack_memberships_contains_paid_content":false,"footnotes":"","jetpack_publicize_message":"","jetpack_publicize_feature_enabled":true,"jetpack_social_post_already_shared":false,"jetpack_social_options":{"image_generator_settings":{"template":"highway","default_image_id":0,"font":"","enabled":false},"version":2}},"categories":[10],"tags":[],"class_list":["post-1800","post","type-post","status-publish","format-standard","has-post-thumbnail","hentry","category-castilla-y-leon"],"jetpack_publicize_connections":[],"jetpack_featured_media_url":"https:\/\/987aldia.com\/web\/wp-content\/uploads\/2023\/06\/anna-kolosyuk-D5nh6mCW52c-unsplash.jpg","jetpack_sharing_enabled":true,"_links":{"self":[{"href":"https:\/\/987aldia.com\/web\/wp-json\/wp\/v2\/posts\/1800","targetHints":{"allow":["GET"]}}],"collection":[{"href":"https:\/\/987aldia.com\/web\/wp-json\/wp\/v2\/posts"}],"about":[{"href":"https:\/\/987aldia.com\/web\/wp-json\/wp\/v2\/types\/post"}],"author":[{"embeddable":true,"href":"https:\/\/987aldia.com\/web\/wp-json\/wp\/v2\/users\/1"}],"replies":[{"embeddable":true,"href":"https:\/\/987aldia.com\/web\/wp-json\/wp\/v2\/comments?post=1800"}],"version-history":[{"count":1,"href":"https:\/\/987aldia.com\/web\/wp-json\/wp\/v2\/posts\/1800\/revisions"}],"predecessor-version":[{"id":1802,"href":"https:\/\/987aldia.com\/web\/wp-json\/wp\/v2\/posts\/1800\/revisions\/1802"}],"wp:featuredmedia":[{"embeddable":true,"href":"https:\/\/987aldia.com\/web\/wp-json\/wp\/v2\/media\/1801"}],"wp:attachment":[{"href":"https:\/\/987aldia.com\/web\/wp-json\/wp\/v2\/media?parent=1800"}],"wp:term":[{"taxonomy":"category","embeddable":true,"href":"https:\/\/987aldia.com\/web\/wp-json\/wp\/v2\/categories?post=1800"},{"taxonomy":"post_tag","embeddable":true,"href":"https:\/\/987aldia.com\/web\/wp-json\/wp\/v2\/tags?post=1800"}],"curies":[{"name":"wp","href":"https:\/\/api.w.org\/{rel}","templated":true}]}}