{"id":1806,"date":"2023-07-05T11:59:00","date_gmt":"2023-07-05T11:59:00","guid":{"rendered":"https:\/\/987aldia.com\/web\/?p=1806"},"modified":"2023-06-19T11:26:19","modified_gmt":"2023-06-19T11:26:19","slug":"la-oficina-de-informacion-antiocupacion-de-valladolid-abre-sus-puertas-para-ofrecer-asesoramiento-a-las-personas-afectadas-ante-ocupaciones-ilegales","status":"publish","type":"post","link":"https:\/\/987aldia.com\/web\/la-oficina-de-informacion-antiocupacion-de-valladolid-abre-sus-puertas-para-ofrecer-asesoramiento-a-las-personas-afectadas-ante-ocupaciones-ilegales\/","title":{"rendered":"La oficina de informaci\u00f3n antiocupaci\u00f3n de Valladolid abre sus puertas para ofrecer asesoramiento a las personas afectadas ante ocupaciones ilegales"},"content":{"rendered":"\n<h2 class=\"wp-block-heading\"><strong>Fruto del convenio de colaboraci\u00f3n entre la Junta de Castilla y Le\u00f3n y las C\u00e1maras de la Propiedad Urbana, se han puesto en funcionamiento oficinas de informaci\u00f3n antiocupaci\u00f3n en las nueve provincias de la Comunidad, cuyo objetivo es garantizar el leg\u00edtimo ejercicio del derecho a la propiedad privada y atender las necesidades y demandas de los propietarios afectados por estas pr\u00e1cticas abusivas.<\/strong><\/h2>\n\n\n\n<p>La directora general de Vivienda, Arquitectura, Ordenaci\u00f3n del Territorio y Urbanismo, Mar\u00eda Pardo, ha visitado esta ma\u00f1ana la oficina de informaci\u00f3n antiocupaci\u00f3n de Valladolid, ubicada en la sede de la C\u00e1mara de la Propiedad Urbana de la ciudad. La puesta en marcha de esta oficina persigue cumplir con el deber que corresponde a los poderes pol\u00edticos de garantizar el leg\u00edtimo ejercicio de la propiedad privada, reconocido en el art\u00edculo 33 de la Constituci\u00f3n Espa\u00f1ola, y de protegerlo frente a un problema como es el de la ocupaci\u00f3n, que supone un ataque frontal a su contenido esencial, tal y como ha afirmado Pardo. Asimismo, la Administraci\u00f3n auton\u00f3mica trata con ello de velar tambi\u00e9n por otros derechos civiles, como son las buenas relaciones de vecindad y por la protecci\u00f3n de los derechos de los consumidores y usuarios de viviendas que se ven perjudicados por estas pr\u00e1cticas abusivas.<\/p>\n\n\n\n<p>Fruto del convenio de colaboraci\u00f3n firmado el pasado 19 de mayo entre la Junta de Castilla y Le\u00f3n y las C\u00e1maras de la Propiedad Urbana, se han puesto en funcionamiento estas oficinas de informaci\u00f3n antiocupaci\u00f3n en las nueve provincias de la Comunidad. Durante la visita a la oficina de antiocupaci\u00f3n de Valladolid, Pardo ha destacado que en este espacio los interesados encontrar\u00e1n toda la informaci\u00f3n y asesoramiento que soliciten en relaci\u00f3n con la prevenci\u00f3n, la actuaci\u00f3n inmediata, en su caso, y las actuaciones posteriores en caso de ocupaciones ilegales en curso.&nbsp; &nbsp;<\/p>\n\n\n\n<p>Asimismo, est\u00e1 prevista la posibilidad de que el personal que presta asesoramiento ponga en conocimiento de las Fuerzas y Cuerpos de Seguridad la existencia de un delito de usurpaci\u00f3n del art\u00edculo 245 del C\u00f3digo Penal o cualquier otro de persecuci\u00f3n p\u00fablica que detecte, cuando se determine una situaci\u00f3n de indefensi\u00f3n o dificultades para acceder a las autoridades por parte de la persona demandante del servicio. A ello ir\u00e1 encaminada tambi\u00e9n la formaci\u00f3n del personal que atender\u00e1 la oficina.<\/p>\n\n\n\n<p>En su visita a la oficina de informaci\u00f3n antiocupaci\u00f3n de Valladolid, Pardo ha reiterado que \u201cse trata de ofrecer un mensaje de tranquilidad al mercado inmobiliario para que no se dificulte la puesta en el mercado de viviendas para su alquiler, porque el problema del acceso a la vivienda por quienes tienen dificultades econ\u00f3micas y son vulnerables debe ser abordado a trav\u00e9s del incremento del parque p\u00fablico o del otorgamiento de ayudas a los m\u00e1s necesitados\u201d<\/p>\n\n\n\n<p>La informaci\u00f3n est\u00e1 tambi\u00e9n disponible en el Portal Web de la Junta de Castilla y Le\u00f3n y en el servicio de Atenci\u00f3n al Ciudadano 012, desde donde se derivan ya las consultas a las sedes de las C\u00e1maras de la Propiedad de Valladolid y del resto de provincias de la Comunidad.<\/p>\n","protected":false},"excerpt":{"rendered":"<p>Fruto del convenio de colaboraci\u00f3n entre la Junta de Castilla y Le\u00f3n y las C\u00e1maras de la Propiedad Urbana, se han puesto en funcionamiento oficinas de informaci\u00f3n antiocupaci\u00f3n en las nueve provincias de la Comunidad, cuyo objetivo es garantizar el leg\u00edtimo ejercicio del derecho a la propiedad privada y atender las necesidades y demandas de [&hellip;]<\/p>\n","protected":false},"author":1,"featured_media":1807,"comment_status":"open","ping_status":"closed","sticky":false,"template":"","format":"standard","meta":{"_monsterinsights_skip_tracking":false,"_monsterinsights_sitenote_active":false,"_monsterinsights_sitenote_note":"","_monsterinsights_sitenote_category":0,"site-container-style":"default","site-container-layout":"default","site-sidebar-layout":"default","disable-article-header":"default","disable-site-header":"default","disable-site-footer":"default","disable-content-area-spacing":"default","_jetpack_memberships_contains_paid_content":false,"footnotes":"","jetpack_publicize_message":"","jetpack_publicize_feature_enabled":true,"jetpack_social_post_already_shared":false,"jetpack_social_options":{"image_generator_settings":{"template":"highway","default_image_id":0,"font":"","enabled":false},"version":2}},"categories":[10],"tags":[],"class_list":["post-1806","post","type-post","status-publish","format-standard","has-post-thumbnail","hentry","category-castilla-y-leon"],"jetpack_publicize_connections":[],"jetpack_featured_media_url":"https:\/\/987aldia.com\/web\/wp-content\/uploads\/2023\/06\/ladrones-visten-sombreros-negros-levantan-ventanas-roban-cosas.jpg","jetpack_sharing_enabled":true,"_links":{"self":[{"href":"https:\/\/987aldia.com\/web\/wp-json\/wp\/v2\/posts\/1806","targetHints":{"allow":["GET"]}}],"collection":[{"href":"https:\/\/987aldia.com\/web\/wp-json\/wp\/v2\/posts"}],"about":[{"href":"https:\/\/987aldia.com\/web\/wp-json\/wp\/v2\/types\/post"}],"author":[{"embeddable":true,"href":"https:\/\/987aldia.com\/web\/wp-json\/wp\/v2\/users\/1"}],"replies":[{"embeddable":true,"href":"https:\/\/987aldia.com\/web\/wp-json\/wp\/v2\/comments?post=1806"}],"version-history":[{"count":1,"href":"https:\/\/987aldia.com\/web\/wp-json\/wp\/v2\/posts\/1806\/revisions"}],"predecessor-version":[{"id":1808,"href":"https:\/\/987aldia.com\/web\/wp-json\/wp\/v2\/posts\/1806\/revisions\/1808"}],"wp:featuredmedia":[{"embeddable":true,"href":"https:\/\/987aldia.com\/web\/wp-json\/wp\/v2\/media\/1807"}],"wp:attachment":[{"href":"https:\/\/987aldia.com\/web\/wp-json\/wp\/v2\/media?parent=1806"}],"wp:term":[{"taxonomy":"category","embeddable":true,"href":"https:\/\/987aldia.com\/web\/wp-json\/wp\/v2\/categories?post=1806"},{"taxonomy":"post_tag","embeddable":true,"href":"https:\/\/987aldia.com\/web\/wp-json\/wp\/v2\/tags?post=1806"}],"curies":[{"name":"wp","href":"https:\/\/api.w.org\/{rel}","templated":true}]}}