{"id":1809,"date":"2023-07-05T14:00:00","date_gmt":"2023-07-05T14:00:00","guid":{"rendered":"https:\/\/987aldia.com\/web\/?p=1809"},"modified":"2023-06-19T11:28:55","modified_gmt":"2023-06-19T11:28:55","slug":"la-junta-presenta-el-bono-digital-que-permitira-acceder-a-conexiones-de-alta-velocidad-a-personas-o-unidades-familiares-vulnerables","status":"publish","type":"post","link":"https:\/\/987aldia.com\/web\/la-junta-presenta-el-bono-digital-que-permitira-acceder-a-conexiones-de-alta-velocidad-a-personas-o-unidades-familiares-vulnerables\/","title":{"rendered":"La Junta presenta el bono digital que permitir\u00e1 acceder a conexiones de alta velocidad a personas o unidades familiares vulnerables"},"content":{"rendered":"\n<h2 class=\"wp-block-heading\"><strong>El director general de Telecomunicaciones y Administraci\u00f3n Digital, Antonio Ib\u00e1\u00f1ez, ha presentado en la Delegaci\u00f3n Territorial de la Junta en Le\u00f3n esta convocatoria, que est\u00e1 dirigida a los perceptores de la Renta Garantizada de Ciudadan\u00eda o el Ingreso M\u00ednimo Vital con el objetivo de lograr que este colectivo se dote de conexiones de banda ancha fija en sus domicilios o mejore la velocidad de las mismas hasta un m\u00ednimo de 30 Mbps. Las solicitudes para entrar a forma parte de esta iniciativa, financiada con Fondos Europeos NEXT Generation, se podr\u00e1n presentar hasta el 15 de septiembre a trav\u00e9s de la sede electr\u00f3nica de la Administraci\u00f3n Auton\u00f3mica.<\/strong><\/h2>\n\n\n\n<p>La Junta de Castilla y Le\u00f3n, a trav\u00e9s de la Consejer\u00eda de Movilidad y Transformaci\u00f3n Digital, abrir\u00e1 esta misma semana el plazo de solicitud del bono digital que permitir\u00e1 acceder a conexiones de alta velocidad a personas o unidades familiares consideradas en situaci\u00f3n de vulnerabilidad.<\/p>\n\n\n\n<p>M\u00e1s en concreto, esta convocatoria est\u00e1 dirigida a los perceptores de la Renta Garantizada de Ciudadan\u00eda (RGC) o el Ingreso M\u00ednimo Vital (IMV) con el objetivo de lograr que este colectivo se dote de conexiones de banda ancha fija en sus domicilios o mejore la velocidad de las mismas hasta un m\u00ednimo de 30 Megabits por segundo (Mbps).<\/p>\n\n\n\n<p>Para llevar a cabo esta iniciativa, financiada con Fondos Europeos NEXT Generation, se cuenta con un presupuesto total de 790.000 euros, que se repartir\u00e1n en bonos de 240 euros anuales por beneficiario para reducir en 20 euros al mes el coste total del servicio, IVA incluido, que deber\u00e1 ser prestado, obligatoriamente, por aquellas operadoras que se han inscrito en el registro de colaboradoras hasta el pasado 14 de junio, que son O2 y Lowi.<\/p>\n\n\n\n<p>Los que sean finalmente beneficiarios de este bono digital tendr\u00e1n un mes, a contar desde la fecha de notificaci\u00f3n de la resoluci\u00f3n positiva \u2013que deber\u00e1 llegarles antes de que se cumplan los seis meses de su presentaci\u00f3n\u2013&nbsp;para contratar el servicio o mejorar las prestaciones del existente y mantenerlo como m\u00ednimo durante un a\u00f1o.<\/p>\n\n\n\n<p>Las solicitudes podr\u00e1n presentarse tanto de forma presencial como telem\u00e1tica, en la&nbsp;sede electr\u00f3nica de la Administraci\u00f3n Auton\u00f3mica, hasta el pr\u00f3ximo 15 de septiembre y deber\u00e1n ir acompa\u00f1adas del certificado que acredite la condici\u00f3n de&nbsp;perceptor de la RGC o el IMV, el de empadronamiento y una copia del DNI o el NIE, siempre que no se desee que la Junta lo compruebe de forma autom\u00e1tica.<\/p>\n","protected":false},"excerpt":{"rendered":"<p>El director general de Telecomunicaciones y Administraci\u00f3n Digital, Antonio Ib\u00e1\u00f1ez, ha presentado en la Delegaci\u00f3n Territorial de la Junta en Le\u00f3n esta convocatoria, que est\u00e1 dirigida a los perceptores de la Renta Garantizada de Ciudadan\u00eda o el Ingreso M\u00ednimo Vital con el objetivo de lograr que este colectivo se dote de conexiones de banda ancha [&hellip;]<\/p>\n","protected":false},"author":1,"featured_media":1810,"comment_status":"open","ping_status":"closed","sticky":false,"template":"","format":"standard","meta":{"_monsterinsights_skip_tracking":false,"_monsterinsights_sitenote_active":false,"_monsterinsights_sitenote_note":"","_monsterinsights_sitenote_category":0,"site-container-style":"default","site-container-layout":"default","site-sidebar-layout":"default","disable-article-header":"default","disable-site-header":"default","disable-site-footer":"default","disable-content-area-spacing":"default","_jetpack_memberships_contains_paid_content":false,"footnotes":"","jetpack_publicize_message":"","jetpack_publicize_feature_enabled":true,"jetpack_social_post_already_shared":false,"jetpack_social_options":{"image_generator_settings":{"template":"highway","default_image_id":0,"font":"","enabled":false},"version":2}},"categories":[10],"tags":[],"class_list":["post-1809","post","type-post","status-publish","format-standard","has-post-thumbnail","hentry","category-castilla-y-leon"],"jetpack_publicize_connections":[],"jetpack_featured_media_url":"https:\/\/987aldia.com\/web\/wp-content\/uploads\/2023\/06\/thomas-jensen-h3vT1Kp0FxA-unsplash.jpg","jetpack_sharing_enabled":true,"_links":{"self":[{"href":"https:\/\/987aldia.com\/web\/wp-json\/wp\/v2\/posts\/1809","targetHints":{"allow":["GET"]}}],"collection":[{"href":"https:\/\/987aldia.com\/web\/wp-json\/wp\/v2\/posts"}],"about":[{"href":"https:\/\/987aldia.com\/web\/wp-json\/wp\/v2\/types\/post"}],"author":[{"embeddable":true,"href":"https:\/\/987aldia.com\/web\/wp-json\/wp\/v2\/users\/1"}],"replies":[{"embeddable":true,"href":"https:\/\/987aldia.com\/web\/wp-json\/wp\/v2\/comments?post=1809"}],"version-history":[{"count":1,"href":"https:\/\/987aldia.com\/web\/wp-json\/wp\/v2\/posts\/1809\/revisions"}],"predecessor-version":[{"id":1811,"href":"https:\/\/987aldia.com\/web\/wp-json\/wp\/v2\/posts\/1809\/revisions\/1811"}],"wp:featuredmedia":[{"embeddable":true,"href":"https:\/\/987aldia.com\/web\/wp-json\/wp\/v2\/media\/1810"}],"wp:attachment":[{"href":"https:\/\/987aldia.com\/web\/wp-json\/wp\/v2\/media?parent=1809"}],"wp:term":[{"taxonomy":"category","embeddable":true,"href":"https:\/\/987aldia.com\/web\/wp-json\/wp\/v2\/categories?post=1809"},{"taxonomy":"post_tag","embeddable":true,"href":"https:\/\/987aldia.com\/web\/wp-json\/wp\/v2\/tags?post=1809"}],"curies":[{"name":"wp","href":"https:\/\/api.w.org\/{rel}","templated":true}]}}