{"id":1833,"date":"2023-07-07T15:00:00","date_gmt":"2023-07-07T15:00:00","guid":{"rendered":"https:\/\/987aldia.com\/web\/?p=1833"},"modified":"2023-06-20T12:00:41","modified_gmt":"2023-06-20T12:00:41","slug":"la-junta-celebra-una-primera-jornada-sobre-formacion-e-industria-agroalimentaria-en-avila-para-conocer-la-demanda-de-trabajadores-cualificados-que-tiene-el-sector","status":"publish","type":"post","link":"https:\/\/987aldia.com\/web\/la-junta-celebra-una-primera-jornada-sobre-formacion-e-industria-agroalimentaria-en-avila-para-conocer-la-demanda-de-trabajadores-cualificados-que-tiene-el-sector\/","title":{"rendered":"La Junta celebra una primera jornada sobre Formaci\u00f3n e Industria Agroalimentaria en \u00c1vila para conocer la demanda de trabajadores cualificados que tiene el sector"},"content":{"rendered":"\n<ul class=\"wp-block-list\">\n<li>La Consejer\u00eda de Agricultura, Ganader\u00eda y Desarrollo Rural promueve un Ciclo de Jornadas de Formaci\u00f3n Profesional Agraria que se celebrar\u00e1 en sus ocho centros integrados, con tem\u00e1ticas relacionadas con las disciplinas impartidas en cada uno de ellos<\/li>\n\n\n\n<li>El periodo de matriculaci\u00f3n para el pr\u00f3ximo curso en estos centros formativos est\u00e1 abierto hasta el 7 de julio<\/li>\n<\/ul>\n\n\n\n<p>La Consejer\u00eda de Agricultura, Ganader\u00eda y Desarrollo Rural, con la colaboraci\u00f3n de Vitartis (Asociaci\u00f3n de la Industria Alimentaria de Castilla y Le\u00f3n) y de Avilagro (Asociaci\u00f3n de la Industria Agroalimentaria de \u00c1vila), as\u00ed como de otras empresas y asociaciones del sector, ha celebrado la primera Jornada sobre Formaci\u00f3n e Industria Agroalimentaria en Castilla y Le\u00f3n.<\/p>\n\n\n\n<p>El director general de Desarrollo Rural, Jorge Izquierdo, ha participado en esta cita,&nbsp;con el alumnado del Centro Integrado de Formaci\u00f3n Profesional de \u00c1vila como protagonista,&nbsp;y en la que han participado alguna de las principales empresas del sector. All\u00ed ha recordado que el periodo de matriculaci\u00f3n para el pr\u00f3ximo curso en estos centros formativos est\u00e1 abierto hasta el 7 de julio.<\/p>\n\n\n\n<p><strong>Objetivos de la jornada<\/strong><\/p>\n\n\n\n<p>La Junta de Castilla y Le\u00f3n ha programado esta jornada con tres objetivos fundamentales. Por un lado, dar a conocer los dos ciclos de la Familia Profesional de Industrias Alimentarias que se van a implantar el pr\u00f3ximo curso en el CIFP de \u00c1vila: el ciclo de grado medio \u2018Elaboraci\u00f3n de Productos Alimenticios\u2019 y el ciclo de grado superior \u2018Procesos y Calidad en la Industria Alimentaria\u2019.<\/p>\n\n\n\n<p>En segundo lugar, conocer el modo de mejorar la competitividad de la industria agroalimentaria y la incidencia de la tecnolog\u00eda en los procesos de esta industria. Y, por \u00faltimo, y gracias a empresas de primer nivel de la Comunidad, como son Acor, Quesos Entrepinares, Alma Carraovejas y Yemas de Santa Teresa, conocer la demanda presente y futura de trabajadores cualificados que tiene el sector, en cada una de las especialidades.<\/p>\n\n\n\n<p>Con este acto se ha iniciado el Ciclo de Jornadas de Formaci\u00f3n Profesional Agraria de Castilla y Le\u00f3n, que se ir\u00e1n celebrando en los ocho centros integrados de Formaci\u00f3n Profesional (CIFP) de la Consejer\u00eda de Agricultura, Ganader\u00eda y Desarrollo Rural.<\/p>\n\n\n\n<p><strong>La FP Dual<\/strong><\/p>\n\n\n\n<p>La Consejer\u00eda de Agricultura, Ganader\u00eda y Desarrollo Rural sigue apostando por esta modalidad educativa en los ocho centros integrados dependientes de la Consejer\u00eda, buscando una mayor relaci\u00f3n y ajuste entre la formaci\u00f3n del alumnado y las necesidades de las empresas, con demanda creciente de profesionales con cualificaciones m\u00e1s t\u00e9cnicas y especializadas.La FP, en su modalidad Dual, es una de las mejores alternativas dentro de toda la oferta educativa, ya que combina la formaci\u00f3n en el centro educativo con la que se realiza dentro de las propias empresas del sector, lo que aumenta la ratio de inserci\u00f3n laboral del alumnado. Es una gran oportunidad para desarrollarse profesional y personalmente, y para adquirir las competencias que permitan una incorporaci\u00f3n de \u00e9xito al mercado laboral.<\/p>\n","protected":false},"excerpt":{"rendered":"<p>La Consejer\u00eda de Agricultura, Ganader\u00eda y Desarrollo Rural, con la colaboraci\u00f3n de Vitartis (Asociaci\u00f3n de la Industria Alimentaria de Castilla y Le\u00f3n) y de Avilagro (Asociaci\u00f3n de la Industria Agroalimentaria de \u00c1vila), as\u00ed como de otras empresas y asociaciones del sector, ha celebrado la primera Jornada sobre Formaci\u00f3n e Industria Agroalimentaria en Castilla y Le\u00f3n. [&hellip;]<\/p>\n","protected":false},"author":1,"featured_media":1834,"comment_status":"open","ping_status":"closed","sticky":false,"template":"","format":"standard","meta":{"_monsterinsights_skip_tracking":false,"_monsterinsights_sitenote_active":false,"_monsterinsights_sitenote_note":"","_monsterinsights_sitenote_category":0,"site-container-style":"default","site-container-layout":"default","site-sidebar-layout":"default","disable-article-header":"default","disable-site-header":"default","disable-site-footer":"default","disable-content-area-spacing":"default","_jetpack_memberships_contains_paid_content":false,"footnotes":"","jetpack_publicize_message":"","jetpack_publicize_feature_enabled":true,"jetpack_social_post_already_shared":false,"jetpack_social_options":{"image_generator_settings":{"template":"highway","default_image_id":0,"font":"","enabled":false},"version":2}},"categories":[10],"tags":[],"class_list":["post-1833","post","type-post","status-publish","format-standard","has-post-thumbnail","hentry","category-castilla-y-leon"],"jetpack_publicize_connections":[],"jetpack_featured_media_url":"https:\/\/987aldia.com\/web\/wp-content\/uploads\/2023\/06\/20230620JornadaFormacionAvila2.jpg","jetpack_sharing_enabled":true,"_links":{"self":[{"href":"https:\/\/987aldia.com\/web\/wp-json\/wp\/v2\/posts\/1833","targetHints":{"allow":["GET"]}}],"collection":[{"href":"https:\/\/987aldia.com\/web\/wp-json\/wp\/v2\/posts"}],"about":[{"href":"https:\/\/987aldia.com\/web\/wp-json\/wp\/v2\/types\/post"}],"author":[{"embeddable":true,"href":"https:\/\/987aldia.com\/web\/wp-json\/wp\/v2\/users\/1"}],"replies":[{"embeddable":true,"href":"https:\/\/987aldia.com\/web\/wp-json\/wp\/v2\/comments?post=1833"}],"version-history":[{"count":1,"href":"https:\/\/987aldia.com\/web\/wp-json\/wp\/v2\/posts\/1833\/revisions"}],"predecessor-version":[{"id":1835,"href":"https:\/\/987aldia.com\/web\/wp-json\/wp\/v2\/posts\/1833\/revisions\/1835"}],"wp:featuredmedia":[{"embeddable":true,"href":"https:\/\/987aldia.com\/web\/wp-json\/wp\/v2\/media\/1834"}],"wp:attachment":[{"href":"https:\/\/987aldia.com\/web\/wp-json\/wp\/v2\/media?parent=1833"}],"wp:term":[{"taxonomy":"category","embeddable":true,"href":"https:\/\/987aldia.com\/web\/wp-json\/wp\/v2\/categories?post=1833"},{"taxonomy":"post_tag","embeddable":true,"href":"https:\/\/987aldia.com\/web\/wp-json\/wp\/v2\/tags?post=1833"}],"curies":[{"name":"wp","href":"https:\/\/api.w.org\/{rel}","templated":true}]}}