{"id":1840,"date":"2023-07-10T09:41:42","date_gmt":"2023-07-10T09:41:42","guid":{"rendered":"https:\/\/987aldia.com\/web\/?p=1840"},"modified":"2023-07-10T09:41:42","modified_gmt":"2023-07-10T09:41:42","slug":"el-oscyl-joven-ofrecera-dos-grandes-conciertos-sinfonicos-en-leon-y-valladolid-dirigida-por-vasily-petrenko","status":"publish","type":"post","link":"https:\/\/987aldia.com\/web\/el-oscyl-joven-ofrecera-dos-grandes-conciertos-sinfonicos-en-leon-y-valladolid-dirigida-por-vasily-petrenko\/","title":{"rendered":"El OSCyL Joven ofrecer\u00e1 dos &#8216;Grandes Conciertos Sinf\u00f3nicos&#8217; en Le\u00f3n y Valladolid dirigida por Vasily Petrenko"},"content":{"rendered":"\n<h2 class=\"wp-block-heading\"><strong>Las entradas para los conciertos en el Auditorio Ciudad de Le\u00f3n y en el Centro Cultural Miguel Delibes, en Valladolid, son gratuitas hasta completar el aforo, previa recogida de invitaci\u00f3n.<\/strong><\/h2>\n\n\n\n<p>La OSCyL Joven, impulsada por la Consejer\u00eda de Cultura, Turismo y Deporte durante la presente Temporada 2022\/23, est\u00e1 inmersa en el \u2018Encuentro de Verano\u2019 que la est\u00e1 llevando a recorrer toda la Comunidad a trav\u00e9s de los programas \u2018Plazas Sinf\u00f3nicas\u2019 y \u2018Grandes Conciertos Sinf\u00f3nicos\u2019, entre el 29 de junio y el 15 de julio.<\/p>\n\n\n\n<p>Tras la celebraci\u00f3n de los conciertos de \u2018Plazas Sinf\u00f3nicas\u2019 llegan ahora los \u2018Grandes Conciertos Sinf\u00f3nicos\u2019 que se celebrar\u00e1n el pr\u00f3ximo viernes 14 de julio a las 20:30 horas en el Auditorio Ciudad de Le\u00f3n y el s\u00e1bado 15 de julio a las 20:30 horas en el Centro Cultural Miguel Delibes, en Valladolid.<\/p>\n\n\n\n<p>Los dos \u2018Grandes Conciertos Sinf\u00f3nicos\u2019 estar\u00e1n dirigidos por el prestigioso director Vasily Petrenko, director asociado de la Orquesta Sinf\u00f3nica de Castilla y Le\u00f3n desde la pasada temporada, y estrecho colaborador que ha dirigido m\u00e1s de noventa conciertos al frente de la OSCyL durante los \u00faltimos veinte a\u00f1os.<\/p>\n\n\n\n<p>El programa de estos conciertos incluye la Suite n\u00ba 1 de Romeo y Julieta, op. 64 de Sergei Prokofiev y la Sinfon\u00eda n\u00ba 5 en re menor, op. 47, de Dmitri Shostakovich.<\/p>\n\n\n\n<p>Las entradas para ambos conciertos son gratuitas hasta completar el aforo, previa recogida de invitaci\u00f3n en el Auditorio Ciudad de Le\u00f3n a partir del lunes 10 de julio, en horario de taquillas del Auditorio, de 9 a 14h; y en el Centro Cultural Miguel Delibes, tanto en taquilla como a trav\u00e9s de la p\u00e1gina web del&nbsp;<a href=\"http:\/\/www.centroculturalmigueldelibes.com\/\">Centro Cultural Miguel Delibes<\/a><\/p>\n","protected":false},"excerpt":{"rendered":"<p>Las entradas para los conciertos en el Auditorio Ciudad de Le\u00f3n y en el Centro Cultural Miguel Delibes, en Valladolid, son gratuitas hasta completar el aforo, previa recogida de invitaci\u00f3n. La OSCyL Joven, impulsada por la Consejer\u00eda de Cultura, Turismo y Deporte durante la presente Temporada 2022\/23, est\u00e1 inmersa en el \u2018Encuentro de Verano\u2019 que [&hellip;]<\/p>\n","protected":false},"author":1,"featured_media":1841,"comment_status":"open","ping_status":"closed","sticky":false,"template":"","format":"standard","meta":{"_monsterinsights_skip_tracking":false,"_monsterinsights_sitenote_active":false,"_monsterinsights_sitenote_note":"","_monsterinsights_sitenote_category":0,"site-container-style":"default","site-container-layout":"default","site-sidebar-layout":"default","disable-article-header":"default","disable-site-header":"default","disable-site-footer":"default","disable-content-area-spacing":"default","_jetpack_memberships_contains_paid_content":false,"footnotes":"","jetpack_publicize_message":"","jetpack_publicize_feature_enabled":true,"jetpack_social_post_already_shared":false,"jetpack_social_options":{"image_generator_settings":{"template":"highway","default_image_id":0,"font":"","enabled":false},"version":2}},"categories":[10],"tags":[],"class_list":["post-1840","post","type-post","status-publish","format-standard","has-post-thumbnail","hentry","category-castilla-y-leon"],"jetpack_publicize_connections":[],"jetpack_featured_media_url":"https:\/\/987aldia.com\/web\/wp-content\/uploads\/2023\/07\/esther-tuttle-V1_7RfnZ-w4-unsplash.jpg","jetpack_sharing_enabled":true,"_links":{"self":[{"href":"https:\/\/987aldia.com\/web\/wp-json\/wp\/v2\/posts\/1840","targetHints":{"allow":["GET"]}}],"collection":[{"href":"https:\/\/987aldia.com\/web\/wp-json\/wp\/v2\/posts"}],"about":[{"href":"https:\/\/987aldia.com\/web\/wp-json\/wp\/v2\/types\/post"}],"author":[{"embeddable":true,"href":"https:\/\/987aldia.com\/web\/wp-json\/wp\/v2\/users\/1"}],"replies":[{"embeddable":true,"href":"https:\/\/987aldia.com\/web\/wp-json\/wp\/v2\/comments?post=1840"}],"version-history":[{"count":1,"href":"https:\/\/987aldia.com\/web\/wp-json\/wp\/v2\/posts\/1840\/revisions"}],"predecessor-version":[{"id":1842,"href":"https:\/\/987aldia.com\/web\/wp-json\/wp\/v2\/posts\/1840\/revisions\/1842"}],"wp:featuredmedia":[{"embeddable":true,"href":"https:\/\/987aldia.com\/web\/wp-json\/wp\/v2\/media\/1841"}],"wp:attachment":[{"href":"https:\/\/987aldia.com\/web\/wp-json\/wp\/v2\/media?parent=1840"}],"wp:term":[{"taxonomy":"category","embeddable":true,"href":"https:\/\/987aldia.com\/web\/wp-json\/wp\/v2\/categories?post=1840"},{"taxonomy":"post_tag","embeddable":true,"href":"https:\/\/987aldia.com\/web\/wp-json\/wp\/v2\/tags?post=1840"}],"curies":[{"name":"wp","href":"https:\/\/api.w.org\/{rel}","templated":true}]}}