{"id":1846,"date":"2023-07-10T09:45:50","date_gmt":"2023-07-10T09:45:50","guid":{"rendered":"https:\/\/987aldia.com\/web\/?p=1846"},"modified":"2023-07-10T09:45:51","modified_gmt":"2023-07-10T09:45:51","slug":"la-junta-licita-una-senda-circular-un-aparcamiento-y-un-mirador-en-el-termino-municipal-de-branosera-en-el-parque-natural-montana-palentina","status":"publish","type":"post","link":"https:\/\/987aldia.com\/web\/la-junta-licita-una-senda-circular-un-aparcamiento-y-un-mirador-en-el-termino-municipal-de-branosera-en-el-parque-natural-montana-palentina\/","title":{"rendered":"La Junta licita una senda circular, un aparcamiento y un mirador en el t\u00e9rmino municipal de Bra\u00f1osera, en el parque natural Monta\u00f1a Palentina"},"content":{"rendered":"\n<h2 class=\"wp-block-heading\"><strong>Las actuaciones que se llevar\u00e1n a cabo comprenden una senda circular, un aparcamiento y un mirador con una inversi\u00f3n superior a los 132.000 euros con cargo a los fondos de Transici\u00f3n Justa. En la Monta\u00f1a Palentina y a trav\u00e9s del plan de acci\u00f3n de la Carta Europea de Turismo Sostenible (C.E.T.S.) se realizar\u00e1n inversiones en diferentes infraestructuras que mejorar\u00e1n la oferta y la ordenaci\u00f3n del uso p\u00fablico por un importe cercano a los 5 millones de euros.<\/strong><\/h2>\n\n\n\n<p>La Consejer\u00eda de Medio Ambiente, Vivienda y Ordenaci\u00f3n del Territorio, a trav\u00e9s de la Fundaci\u00f3n Patrimonio Natural ha publicado, a trav\u00e9s de la plataforma de contrataci\u00f3n del Estado, la realizaci\u00f3n de diferentes mejoras en la red de uso p\u00fablico en el t\u00e9rmino municipal de Bra\u00f1osera, en la provincia de Palencia, perteneciente al parque natural de la Monta\u00f1a Palentina. El plazo de presentaci\u00f3n de ofertas finalizar\u00e1 el 31 de julio. Las obras tienen una duraci\u00f3n prevista de 6 meses.<\/p>\n\n\n\n<p>Las actuaciones contempladas en este plan establecen la creaci\u00f3n de una senda circular en el conocido como &#8216;Monte Mayor&#8217;&nbsp;entre las localidades Salcedillo y Valberzoso, un aparcamiento y un mirador, que estar\u00e1n conectados a la senda en el paraje de Los Grullos. Todas ellas tienen un presupuesto de licitaci\u00f3n de 132.082&nbsp;euros.<\/p>\n\n\n\n<p>La red de uso p\u00fablico del Parque Natural Monta\u00f1a Palentina est\u00e1 compuesta por la Casa del Parque ubicada en Cervera de Pisuerga, 11 senderos se\u00f1alizados de peque\u00f1o recorrido y uno de gran recorrido, as\u00ed como la red de miradores y refugios de monta\u00f1a. El conjunto de la red est\u00e1 acreditado con la &#8216;Q&#8217; de Calidad Tur\u00edstica y la red de sendas esta homologada por la Federaci\u00f3n de Deportes de Monta\u00f1a, Escalada y Senderismo de Castilla y Le\u00f3n (FEMESCYL).<\/p>\n\n\n\n<p>Estos equipamientos facilitan y ordenan el acercamiento de los visitantes a los valores naturales del Parque, siendo una alternativa de ocio muy valorada por turistas y la poblaci\u00f3n local. Durante los \u00faltimos a\u00f1os el volumen de visitas a estos equipamientos ha aumentado notablemente, super\u00e1ndose los 100.000 visitantes al a\u00f1o a la red de sendas y miradores.<\/p>\n\n\n\n<p>Estas actuaciones, enmarcadas en el plan de acci\u00f3n de la C.E.T.S, tienen como objetivo continuar con la mejora de la ordenaci\u00f3n del uso sostenible del espacio natural y ampliar la oferta de equipamientos. La Consejer\u00eda, a trav\u00e9s de la Fundaci\u00f3n Patrimonio Natural, junto con la direcci\u00f3n del parque natural, ha planificado todas estas actuaciones dentro del t\u00e9rmino municipal de Bra\u00f1osera.<\/p>\n\n\n\n<p><strong>Sobre las actuaciones<\/strong><\/p>\n\n\n\n<p>La primera de las actuaciones contempla la creaci\u00f3n de un sendero, de 8,7 km de longitud, que discurrir\u00e1 a tra-v\u00e9s del Monte Mayor entre Salcedillo y Valberzoso, recuperando antiguos caminos y por senderos existentes. Esta \u00e1rea contiene un extenso bosque caducifolio compuesto principalmente por robles y hayas en alternancia con zonas de bra\u00f1as y pastos aprovechados por la ganader\u00eda extensiva. La importancia patrimonial, cultural e hist\u00f3rico de \u201cMonte Mayor\u201d y su entorno se refleja en localidades como Bra\u00f1osera, (primera carta puebla otorga-da en Espa\u00f1a en el a\u00f1o 824), en la arquitectura popular monta\u00f1esa, en las localidades de Salcedillo y Valberzo-so (templos de San Mart\u00edn Obispo en Salcedillo y la iglesia de Santa Mar\u00eda La Real en Valbezoso), monumento megal\u00edtico en el alto de los \u201cGrullos\u201d, Puente Rojadillo el Monte Mayor, de origen romano, Chozo del t\u00edo Tonino.<\/p>\n\n\n\n<p>El mirador que se va a realizar se encuentra ubicado en un lugar privilegiado con unas vistas sobre la localidad de Bra\u00f1osera, en el conocido como paraje de los Grullos. Esta estar\u00e1 conectada con la senda del \u201cMonte Mayor\u201d, ofreciendo unas extraordinarias vistas, tambi\u00e9n de Barruelo y de los densos bosques de los montes de Pamporquero y del Valle de Santull\u00e1n.<\/p>\n\n\n\n<p>El aparcamiento de Los Grullos, situado entre Bra\u00f1osera y Salcedillo estar\u00e1 conectado a la senda del Monte Mayor y con el mirador de los Grullos y tiene como objetivo dar servicio, durante todo el a\u00f1o y en especial en la \u00e9poca invernal, cubriendo as\u00ed las necesidades de los usuarios de trineos de nieve que acuden a este paraje para disfrutar de esta actividad.<\/p>\n\n\n\n<p><strong>Otras actuaciones enmarcadas en el Plan de Acci\u00f3n de la C.E.T.S.<\/strong><\/p>\n\n\n\n<p>Junto a las acciones que se van a realizar en el t\u00e9rmino municipal de Bra\u00f1osera, la Consejer\u00eda tienen previsto invertir 4.994.010&nbsp;euros en diferentes proyectos encaminado a la mejora de la ordenaci\u00f3n del uso sostenible del espacio natural y ampliar as\u00ed la oferta de equipamientos.<\/p>\n\n\n\n<p>Se crear\u00e1 una senda circular en el embalse de Ruesga (Cervera de Pisuerga) con un presupuesto de 461.307&nbsp;euros. Actualmente se est\u00e1n tramitando los permisos.<\/p>\n\n\n\n<p>La senda de la Venganza del Conde (San Salvador de Cantamuda), se est\u00e1 ejecutando en la actualidad y cuenta con un presupuesto de 141.164&nbsp;euros.<\/p>\n\n\n\n<p>A nivel de mejora y actualizaci\u00f3n de la se\u00f1alizaci\u00f3n en la red de uso p\u00fablico de las \u00c1reas Naturales Protegidas de la provincia de Palencia se est\u00e1 ejecutando el proyecto que cuenta con una inversi\u00f3n de 82.327,66 euros. En este mismo \u00e1mbito, se est\u00e1 actualizando la se\u00f1alizaci\u00f3n de las carreteras de las \u00c1reas Naturales de la provincia palentina, con un presupuesto de 359.210&nbsp;euros. Esta actuaci\u00f3n ya ha sido adjudicada.<\/p>\n\n\n\n<p>El Centro de Interpretaci\u00f3n del Geoparque de Las Loras y de los Monumentos Naturales de Covalagua y Las Tuerces en Aguilar de Campoo, ya ha finalizado la fase constructiva y se est\u00e1, en estos momentos, en la redacci\u00f3n del proyecto de la dotaci\u00f3n expositiva. La inversi\u00f3n total asciende a 1.25 millones de euros.<\/p>\n\n\n\n<p>Junto al Camino Natural Lebaniego de los Puertos de Pineda, se va a construir un refugio de monta\u00f1a en el Valle de Pineda (Cervera de Pisuerga). En la actualidad se encuentra en fase de redacci\u00f3n de proyecto y permi-sos municipales. La inversi\u00f3n prevista es de 1 millones de euros.<\/p>\n\n\n\n<p>La actuaci\u00f3n que se llevar\u00e1 a cabo de creaci\u00f3n de miradores en las Carreteras Esc\u00e9nicas se encuentra en la fase de estudios previos y con una dotaci\u00f3n presupuestaria aprobada de 1,5 millones de euros.<\/p>\n\n\n\n<p>Debido a la alta afluencia de turistas de naturaleza, tambi\u00e9n se ha contemplado el acondicionamiento y ampliaci\u00f3n de los aparcamientos del Pozo Lomas y Mazobre, con una inversi\u00f3n de 100.000 euros.<\/p>\n\n\n\n<p>El turismo de observaci\u00f3n de grandes mam\u00edferos est\u00e1 en estos momentos en auge y la Monta\u00f1a Palentina es uno de los lugares m\u00e1s demandados para esta actividad. Con el objetivo de asegurar un turismo sostenible, y de calidad, y que evite la masificaci\u00f3n y presi\u00f3n a zonas cr\u00edticas para la conservaci\u00f3n de la especie, se est\u00e1 trabajando en un estudio previo para la creaci\u00f3n de diferentes puntos de observaci\u00f3n, por un importe de 100.000 euros.<\/p>\n\n\n\n<p><strong>Sobre la Carta Europea de Turismo Sostenible (C.E.T.S.)<\/strong><\/p>\n\n\n\n<p>La carta es una iniciativa de la Federaci\u00f3n Europarc que tiene como objetivo el de favorecer el desarrollo de actividades tur\u00edsticas que respeten los valores naturales, culturales y sociales, en las \u00e1reas naturales protegidas europeas. La CETS es un espacio de encuentro, comunicaci\u00f3n y colaboraci\u00f3n para llevar adelante, entre todos, las mejores ideas de desarrollo tur\u00edstico.&nbsp; El compromiso y reconocimiento de la CETS, exige la puesta en mar-cha de una estrategia voluntaria de colaboraci\u00f3n entre los actores implicados en el turismo en el territorio. El conjunto de la comarca Monta\u00f1a Palentina, que alberga el Parque Natural Monta\u00f1a Palentina, los Paisajes Pro-tegidos de Las Tuerces y Covalagua y el Geoparque Mundial de las Loras, fue acreditada con la CETS en el a\u00f1o 2015. Actualmente de desarrolla un plan de acci\u00f3n renovado en el a\u00f1o 2021 y hay 24 empresas acreditadas con la CETS en Monta\u00f1a Palentina.<\/p>\n","protected":false},"excerpt":{"rendered":"<p>Las actuaciones que se llevar\u00e1n a cabo comprenden una senda circular, un aparcamiento y un mirador con una inversi\u00f3n superior a los 132.000 euros con cargo a los fondos de Transici\u00f3n Justa. En la Monta\u00f1a Palentina y a trav\u00e9s del plan de acci\u00f3n de la Carta Europea de Turismo Sostenible (C.E.T.S.) se realizar\u00e1n inversiones en [&hellip;]<\/p>\n","protected":false},"author":1,"featured_media":1847,"comment_status":"open","ping_status":"closed","sticky":false,"template":"","format":"standard","meta":{"_monsterinsights_skip_tracking":false,"_monsterinsights_sitenote_active":false,"_monsterinsights_sitenote_note":"","_monsterinsights_sitenote_category":0,"site-container-style":"default","site-container-layout":"default","site-sidebar-layout":"default","disable-article-header":"default","disable-site-header":"default","disable-site-footer":"default","disable-content-area-spacing":"default","_jetpack_memberships_contains_paid_content":false,"footnotes":"","jetpack_publicize_message":"","jetpack_publicize_feature_enabled":true,"jetpack_social_post_already_shared":false,"jetpack_social_options":{"image_generator_settings":{"template":"highway","default_image_id":0,"font":"","enabled":false},"version":2}},"categories":[10],"tags":[],"class_list":["post-1846","post","type-post","status-publish","format-standard","has-post-thumbnail","hentry","category-castilla-y-leon"],"jetpack_publicize_connections":[],"jetpack_featured_media_url":"https:\/\/987aldia.com\/web\/wp-content\/uploads\/2023\/07\/mikolas-voborsky-rLzTvOtA69U-unsplash.jpg","jetpack_sharing_enabled":true,"_links":{"self":[{"href":"https:\/\/987aldia.com\/web\/wp-json\/wp\/v2\/posts\/1846","targetHints":{"allow":["GET"]}}],"collection":[{"href":"https:\/\/987aldia.com\/web\/wp-json\/wp\/v2\/posts"}],"about":[{"href":"https:\/\/987aldia.com\/web\/wp-json\/wp\/v2\/types\/post"}],"author":[{"embeddable":true,"href":"https:\/\/987aldia.com\/web\/wp-json\/wp\/v2\/users\/1"}],"replies":[{"embeddable":true,"href":"https:\/\/987aldia.com\/web\/wp-json\/wp\/v2\/comments?post=1846"}],"version-history":[{"count":1,"href":"https:\/\/987aldia.com\/web\/wp-json\/wp\/v2\/posts\/1846\/revisions"}],"predecessor-version":[{"id":1848,"href":"https:\/\/987aldia.com\/web\/wp-json\/wp\/v2\/posts\/1846\/revisions\/1848"}],"wp:featuredmedia":[{"embeddable":true,"href":"https:\/\/987aldia.com\/web\/wp-json\/wp\/v2\/media\/1847"}],"wp:attachment":[{"href":"https:\/\/987aldia.com\/web\/wp-json\/wp\/v2\/media?parent=1846"}],"wp:term":[{"taxonomy":"category","embeddable":true,"href":"https:\/\/987aldia.com\/web\/wp-json\/wp\/v2\/categories?post=1846"},{"taxonomy":"post_tag","embeddable":true,"href":"https:\/\/987aldia.com\/web\/wp-json\/wp\/v2\/tags?post=1846"}],"curies":[{"name":"wp","href":"https:\/\/api.w.org\/{rel}","templated":true}]}}