{"id":1855,"date":"2023-07-10T11:23:01","date_gmt":"2023-07-10T11:23:01","guid":{"rendered":"https:\/\/987aldia.com\/web\/?p=1855"},"modified":"2023-07-10T11:23:01","modified_gmt":"2023-07-10T11:23:01","slug":"el-palacio-quintanar-acoge-la-exposicion-miedo-divino-de-montserrat-soto","status":"publish","type":"post","link":"https:\/\/987aldia.com\/web\/el-palacio-quintanar-acoge-la-exposicion-miedo-divino-de-montserrat-soto\/","title":{"rendered":"El Palacio Quintanar acoge la exposici\u00f3n \u2018Miedo divino\u2019 de Montserrat Soto"},"content":{"rendered":"\n<h2 class=\"wp-block-heading\"><strong>La muestra, comisariada por Alicia Murr\u00eda, podr\u00e1 visitarse hasta el pr\u00f3ximo 12 de noviembre. La artista, en sus montajes fotogr\u00e1ficos, reproduce los formatos de las antiguas pinacotecas, deteni\u00e9ndose en aquellas donde el texto escrito est\u00e1 presente.<\/strong><\/h2>\n\n\n\n<p>El Palacio Quintanar presenta la exposici\u00f3n \u2018Miedo divino\u2019, de Montserrat Soto, artista e investigadora, que a trav\u00e9s de la fotograf\u00eda como documento recorre una historia en im\u00e1genes de temas tales como la censura, los libros y la memoria. En la muestra, comisariada por Alicia Murr\u00eda, la artista ofrece una nueva entrega de un proceso de investigaci\u00f3n que abarca m\u00e1s de quince a\u00f1os, a trav\u00e9s de im\u00e1genes y textos, fotograf\u00edas, esculturas en forma de se\u00f1al\u00e9tica, documentaci\u00f3n diversa y una videoinstalaci\u00f3n, donde aborda c\u00f3mo se ha estructurado, a trav\u00e9s de los siglos y en diferentes civilizaciones, el conocimiento, su conservaci\u00f3n y traslaci\u00f3n. En paralelo, tambi\u00e9n se centra en las formas de censura, de borrado, y al extremo, en el intento de aniquilaci\u00f3n del pensamiento de las culturas dominadas por parte de sus dominadores.<\/p>\n\n\n\n<p>La exposici\u00f3n, que se podr\u00e1 visitar hasta el pr\u00f3ximo 12 de noviembre, trata del libro con el mismo t\u00edtulo, fundamentalmente, de su representaci\u00f3n en las im\u00e1genes de la pintura occidental, desde la Edad Media hasta el siglo XVIII. En este sentido, Soto en sus montajes fotogr\u00e1ficos reproduce los formatos de las antiguas pinacotecas, deteni\u00e9ndose en aquellas donde el texto escrito est\u00e1 presente.<\/p>\n\n\n\n<p>El espectador de hoy ve en estas pinturas obras de arte, pero ignora c\u00f3mo en su momento ostentaban un poder de adoctrinamiento, hablaban de la intermediaci\u00f3n divina en el \u00e1mbito de los saberes o de disputas teol\u00f3gicas. La aparici\u00f3n de la imprenta supuso un avance incuestionable en la difusi\u00f3n del conocimiento, pero se olvida que la censura y la persecuci\u00f3n de las ideas se hizo mucho m\u00e1s f\u00e1cil gracias a la firma de los textos y la dataci\u00f3n de los impresores, un proceso que guarda ciertas similitudes con lo que hoy supone Internet en cuanto a difusi\u00f3n de la informaci\u00f3n por un lado y, de otro, el control sobre los individuos que facilita su tecnolog\u00eda.<\/p>\n\n\n\n<p>Por \u00faltimo, la exposici\u00f3n incluye una gran videoinstalaci\u00f3n donde, en dos pantallas y con un lenguaje teatralizado, aborda un episodio en la vida de Goya: los problemas que atraves\u00f3 en la realizaci\u00f3n de sus pinturas para el Pilar de Zaragoza, y su reivindicaci\u00f3n de la independencia creadora como artista.<\/p>\n\n\n\n<p><strong>Montserrat Soto<\/strong><\/p>\n\n\n\n<p>Formada en Barcelona y Grenoble, la artista ha realizado una extensa trayectoria en el mundo de la fotograf\u00eda y el v\u00eddeo. A trav\u00e9s de dos grandes l\u00edneas de investigaci\u00f3n, ha desplegado amplias series que se centran en el paisaje a trav\u00e9s del viaje y los espacios del arte, tema al que esta exposici\u00f3n pertenece.<\/p>\n\n\n\n<p>Ha sido galardonada con el Premio Nacional de Fotograf\u00eda en 2019, concedido por el Ministerio de Cultura de Espa\u00f1a, y el Premio Trayectoria de la Fundaci\u00f3n Enaire, tambi\u00e9n en 2019<\/p>\n\n\n\n<p>Adem\u00e1s, durante su carrera profesional ha expuesto su trabajo en numerosas fundaciones, museos y galer\u00edas, entre los que se puede destacar el Museo Charlottenbourg, Copenhague; Museo de Arte Contempor\u00e1neo, Barcelona;&nbsp; Kunst Museum, Lucerna, Suiza; Kunstraum, Innsbruck, Austria; Huis a\/d Werf, Utrecht, Holanda; Ulrich Fiedler Gallery, Colonia; Museo Nacional de Bellas Artes, Buenos Aires; P.S. 1 Studio Program, The Clocktower, Nueva York; Galer\u00eda Presenca, Oporto; Culturgest, Lisboa; Galer\u00eda Mario Sequeira, Oporto o la Galer\u00eda Helga de Alvear, Madrid, entre otros.<\/p>\n","protected":false},"excerpt":{"rendered":"<p>La muestra, comisariada por Alicia Murr\u00eda, podr\u00e1 visitarse hasta el pr\u00f3ximo 12 de noviembre. La artista, en sus montajes fotogr\u00e1ficos, reproduce los formatos de las antiguas pinacotecas, deteni\u00e9ndose en aquellas donde el texto escrito est\u00e1 presente. El Palacio Quintanar presenta la exposici\u00f3n \u2018Miedo divino\u2019, de Montserrat Soto, artista e investigadora, que a trav\u00e9s de la [&hellip;]<\/p>\n","protected":false},"author":1,"featured_media":1856,"comment_status":"open","ping_status":"closed","sticky":false,"template":"","format":"standard","meta":{"_monsterinsights_skip_tracking":false,"_monsterinsights_sitenote_active":false,"_monsterinsights_sitenote_note":"","_monsterinsights_sitenote_category":0,"site-container-style":"default","site-container-layout":"default","site-sidebar-layout":"default","disable-article-header":"default","disable-site-header":"default","disable-site-footer":"default","disable-content-area-spacing":"default","_jetpack_memberships_contains_paid_content":false,"footnotes":"","jetpack_publicize_message":"","jetpack_publicize_feature_enabled":true,"jetpack_social_post_already_shared":false,"jetpack_social_options":{"image_generator_settings":{"template":"highway","default_image_id":0,"font":"","enabled":false},"version":2}},"categories":[10],"tags":[],"class_list":["post-1855","post","type-post","status-publish","format-standard","has-post-thumbnail","hentry","category-castilla-y-leon"],"jetpack_publicize_connections":[],"jetpack_featured_media_url":"https:\/\/987aldia.com\/web\/wp-content\/uploads\/2023\/07\/AperturaalpublicodelaexposicionMiedodivinoenelPalacioQuintanar.jpg","jetpack_sharing_enabled":true,"_links":{"self":[{"href":"https:\/\/987aldia.com\/web\/wp-json\/wp\/v2\/posts\/1855","targetHints":{"allow":["GET"]}}],"collection":[{"href":"https:\/\/987aldia.com\/web\/wp-json\/wp\/v2\/posts"}],"about":[{"href":"https:\/\/987aldia.com\/web\/wp-json\/wp\/v2\/types\/post"}],"author":[{"embeddable":true,"href":"https:\/\/987aldia.com\/web\/wp-json\/wp\/v2\/users\/1"}],"replies":[{"embeddable":true,"href":"https:\/\/987aldia.com\/web\/wp-json\/wp\/v2\/comments?post=1855"}],"version-history":[{"count":1,"href":"https:\/\/987aldia.com\/web\/wp-json\/wp\/v2\/posts\/1855\/revisions"}],"predecessor-version":[{"id":1857,"href":"https:\/\/987aldia.com\/web\/wp-json\/wp\/v2\/posts\/1855\/revisions\/1857"}],"wp:featuredmedia":[{"embeddable":true,"href":"https:\/\/987aldia.com\/web\/wp-json\/wp\/v2\/media\/1856"}],"wp:attachment":[{"href":"https:\/\/987aldia.com\/web\/wp-json\/wp\/v2\/media?parent=1855"}],"wp:term":[{"taxonomy":"category","embeddable":true,"href":"https:\/\/987aldia.com\/web\/wp-json\/wp\/v2\/categories?post=1855"},{"taxonomy":"post_tag","embeddable":true,"href":"https:\/\/987aldia.com\/web\/wp-json\/wp\/v2\/tags?post=1855"}],"curies":[{"name":"wp","href":"https:\/\/api.w.org\/{rel}","templated":true}]}}