{"id":1858,"date":"2023-07-10T11:24:31","date_gmt":"2023-07-10T11:24:31","guid":{"rendered":"https:\/\/987aldia.com\/web\/?p=1858"},"modified":"2023-07-10T11:24:31","modified_gmt":"2023-07-10T11:24:31","slug":"la-agencia-de-proteccion-civil-y-emergencias-forma-a-457-profesionales-y-voluntarios-en-los-ultimos-cursos-del-primer-semestre-de-2023-con-una-inversion-de-137-000-euros","status":"publish","type":"post","link":"https:\/\/987aldia.com\/web\/la-agencia-de-proteccion-civil-y-emergencias-forma-a-457-profesionales-y-voluntarios-en-los-ultimos-cursos-del-primer-semestre-de-2023-con-una-inversion-de-137-000-euros\/","title":{"rendered":"La Agencia de Protecci\u00f3n Civil y Emergencias forma a 457 profesionales y voluntarios en los \u00faltimos cursos del primer semestre de 2023 con una inversi\u00f3n de 137.000 euros"},"content":{"rendered":"\n<h2 class=\"wp-block-heading\"><strong>Un total de 27 cursos, 580 horas de formaci\u00f3n, 457 participantes y una inversi\u00f3n que supera los 137.000 euros son los n\u00fameros que resumen las \u00faltimas actividades formativas del primer semestre del Plan de Formaci\u00f3n de la Agencia de Protecci\u00f3n Civil y Emergencias para 2023 que han tenido lugar entre el 15 de mayo y el 30 de junio. La modalidad presencial se mantiene en los cursos que as\u00ed lo requieren, y se combina con la formaci\u00f3n online y la formaci\u00f3n mixta a trav\u00e9s de la plataforma FOPCYL. Entre estos cursos destacan el curso de gu\u00edas caninos y los cursos de pilotos de drones.<\/strong><\/h2>\n\n\n\n<p>120 bomberos, 210 agentes de polic\u00eda local, 95 voluntarios de protecci\u00f3n civil, y 32 integrantes del Centro Coordinador de Emergencias de Castilla y Le\u00f3n, la Unidad de Apoyo Log\u00edstico y el Grupo de Rescate, se han repartido entre los 27 cursos que han sumado 580 horas lectivas a lo largo de la segunda quincena de mayo y el mes de junio.<\/p>\n\n\n\n<p><strong>Formaci\u00f3n para bomberos profesionales<\/strong><\/p>\n\n\n\n<p>En los 6 cursos especializados desarrollados en este periodo, el alumnado lo han conformado 120 bomberos profesionales que han realizado:<\/p>\n\n\n\n<ul class=\"wp-block-list\">\n<li>T\u00e9cnicas de intervenci\u00f3n en incendios en t\u00faneles. Los d\u00edas 30, 31 de mayo y 1 de junio. Curso presencial impartido en La Ribera del Folgoso (Le\u00f3n), para 18 alumnos y 24 horas lectivas, con un presupuesto de 9.700 euros.<\/li>\n\n\n\n<li>Orientaci\u00f3n, movilidad y rescate en condiciones de baja visibilidad. Primera edici\u00f3n, los d\u00edas 30 y 31 de mayo, curso para 15 alumnos en el parque de bomberos del Ayuntamiento de Ponferrada (Le\u00f3n). La segunda edici\u00f3n en el parque de bomberos del Ayuntamiento de Miranda de Ebro (Burgos), los d\u00edas 5 y 6 de junio, para 15 alumnos. Con 14 horas lectivas de cada edici\u00f3n y con un presupuesto total de 6.400 euros.<\/li>\n\n\n\n<li>Resoluci\u00f3n de conflictos, actuaciones y prevenci\u00f3n de suicidios. Este curso se ha repetido hasta en 4 ediciones, la primera y la segunda en el parque de bomberos del Ayuntamiento de Valladolid, entre los d\u00edas 22 y 26 de mayo; la tercera, en el parque de bomberos del Ayuntamiento de \u00c1vila, los d\u00edas 29 y 30 de mayo; y la cuarta en el parque de bomberos de la localidad de Almaz\u00e1n de la Diputaci\u00f3n Provincial de Soria, los d\u00edas 1 y 2 de junio. En cada edici\u00f3n cont\u00f3 con la participaci\u00f3n de 18 bomberos, que durante 12 horas, se formaron en estrategias para enfrentarse a conductas autol\u00edticas en orden a poder evitar el suicidio.<\/li>\n<\/ul>\n\n\n\n<p>Esta formaci\u00f3n ha sido presencial y ha tenido un presupuesto de 4.600 euros.<\/p>\n\n\n\n<p><strong>Formaci\u00f3n para polic\u00edas locales<\/strong><\/p>\n\n\n\n<p>210 agentes de polic\u00eda local han participado en alguno de los 10 cursos especializados para este cuerpo que han tenido con las siguientes tem\u00e1ticas:<\/p>\n\n\n\n<ul class=\"wp-block-list\">\n<li>Inspecci\u00f3n y seguridad en establecimientos p\u00fablicos. Acci\u00f3n formativa programada en dos ediciones, desarrolladas en Valladolid los d\u00edas 7 y 8 de junio, con una asistencia de 21 alumnos, y en Segovia los d\u00edas 20 y 21 de junio, con 19 participantes. El presupuesto ha sido de 3.010 euros.<\/li>\n\n\n\n<li>Polic\u00eda judicial de tr\u00e1fico y detecci\u00f3n de drogas. &nbsp;La tercera edici\u00f3n anual de este curso se celebr\u00f3 en Palencia, entre los d\u00edas 5 al 8 de junio, con 26 participantes, cuyo &nbsp;presupuesto ha sido de 1875 euros.<\/li>\n\n\n\n<li>T\u00e9cnicas de conducci\u00f3n y operativa policial. El 28 de junio termin\u00f3 la primera edici\u00f3n de las dos que se van a impartir de este curso, que empez\u00f3 el pasado 3 de mayo. Tiene &nbsp;una duraci\u00f3n de 55 horas. Se imparte en modalidad mixta y participan en \u00e9l 21 polic\u00edas, con un presupuesto de 19.700 euros.<\/li>\n\n\n\n<li>Intervenci\u00f3n educativa y social con menores infractores. Se desarroll\u00f3 entre el 5 y el 30 de junio, en modalidad mixta, durante 30 horas lectivas. La parte presencial en la Escuela Regional de Polic\u00eda Local de \u00c1vila. El presupuesto destinado ha sido 5.600 euros.<\/li>\n\n\n\n<li>T\u00e1ctica operativa policial. Los d\u00edas 16 y 17 de mayo se celebr\u00f3 en Aranda de Duero esta formaci\u00f3n presencial, eminentemente pr\u00e1ctica, de 12 horas de duraci\u00f3n, en la que participaron 23 agentes de polic\u00eda local con un presupuesto de 2.200 euros.<\/li>\n\n\n\n<li>Actuaciones en conductas y riesgos suicidas. Palencia, Salamanca y Segovia fueron las tres localidades donde se imparti\u00f3 este curso; tres ediciones celebradas los d\u00edas 23 y 24 de mayo, el 30 y 31 de mayo y el 5 y 6 de junio, respectivamente.<\/li>\n<\/ul>\n\n\n\n<p>En Palencia y Salamanca participaron 22 agentes de polic\u00eda local y el Segovia, 16. Su presupuesto ha sido de 3.700 euros.<\/p>\n\n\n\n<p>El 12 de junio de 2023, comenz\u00f3 el curso de Gu\u00edas caninos y adiestramiento de perros detectores pasivos de drogas y sustancias estupefacientes. Es la primera vez que la Agencia de Protecci\u00f3n Civil y Emergencias organiza un curso con esta tem\u00e1tica. La formaci\u00f3n se repartir\u00e1 a lo largo de los meses de junio, septiembre, octubre y noviembre en modalidad mixta.<\/p>\n\n\n\n<p>Cada uno de los 15 alumnos aporta un perro para ser adiestrado como detector de droga y estupefacientes, conforme al sistema de \u201cmarcaje lapa\u201d, que es un sistema de trabajo registrado en la Oficina Espa\u00f1ola de Patentes y Marcas por D. Javier Macho, que act\u00faa como coordinador del curso y se basa en ense\u00f1ar al perro a marcar la sustancia que previamente se le ha asociado despu\u00e9s de detectarla, en distintas circunstancias. Participan en el curso agentes de las polic\u00edas locales de Astorga, Briviesca, Soria, Le\u00f3n, Palencia y Burgos. Esta acci\u00f3n ha contado con un presupuesto de 40.000 euros.<\/p>\n\n\n\n<p><strong>Cursos para el voluntariado de protecci\u00f3n civil<\/strong><\/p>\n\n\n\n<p>En estos \u00faltimos d\u00edas del primer semestre de 2023, la Agencia de Protecci\u00f3n Civil y Emergencias ha organizado 6 cursos para el voluntariado de protecci\u00f3n civil en los que han podido participar 95 voluntarios.<\/p>\n\n\n\n<p>La tem\u00e1tica formativa ha sido la siguiente:<\/p>\n\n\n\n<ul class=\"wp-block-list\">\n<li>Atenci\u00f3n psicol\u00f3gica en emergencias. Se han celebrado 2 ediciones, una en Le\u00f3n, el 20 de mayo, con 20 voluntarios\/as y otra en Golmayo (Soria) el 10 de junio, para 15 voluntarios\/as. La formaci\u00f3n fue presencial durante las 8 horas de duraci\u00f3n. El presupuesto de ambas ediciones ha sido de 3.080 euros.<\/li>\n\n\n\n<li>Primeros auxilios. Curso impartido en Villares de la Reina (Salamanca) el d\u00eda 10 de junio, de forma presencial, con una duraci\u00f3n de 8 horas. Asistieron 20 voluntarios\/as. Su presupuesto ha sido 1.060 euros.<\/li>\n\n\n\n<li>Planes de emergencia y evacuaci\u00f3n de centros p\u00fablicos para coordinadores y jefes de agrupaciones y asociaciones de voluntarios de protecci\u00f3n civil. Este curso se imparte en la modalidad mixta, comenzando con la parte on-line (30 horas) el 2 de mayo y finalizando el curso el 3 de junio con la parte presencial (8 horas), en Arroyo de la Encomienda (Valladolid). Participaron 20 voluntarios\/as. Esta acci\u00f3n ha contado con un presupuesto de 4.000 euros<\/li>\n\n\n\n<li>Funci\u00f3n del voluntariado de protecci\u00f3n civil en los grandes eventos. Impartido en Le\u00f3n, los d\u00edas 10 y 11 de junio, en modalidad presencial, con una duraci\u00f3n de 16 horas para 20 voluntarios\/as. Su presupuesto ha sido de 2.515 euros.<\/li>\n<\/ul>\n\n\n\n<p><strong>Formaci\u00f3n multidisciplinar<\/strong><\/p>\n\n\n\n<p>La Agencia de Protecci\u00f3n Civil y Emergencias sigue apostando por la formaci\u00f3n multidisciplinar en la que participen agentes integrantes del sistema de protecci\u00f3n ciudadana de diferentes perfiles profesionales en orden a mejorar la coordinaci\u00f3n entre los mimos que son quienes han de gestionar una emergencia a fin de reducir significativamente el tiempo de resoluci\u00f3n de la emergencia.<\/p>\n\n\n\n<p>Entre los d\u00edas 13 y 15 de junio, han sido 12 bomberos, 8 polic\u00edas locales y 10 sanitarios del sistema regional de salud de Castilla y Le\u00f3n de Burgos quienes han interactuado en el curso de coordinaci\u00f3n, seguridad e intervenci\u00f3n en accidentes de tr\u00e1fico que se desarroll\u00f3 a lo largo de 21 horas lectivas, en el parque de bomberos de la capital burgalesa, con un presupuesto de 13.250 euros.<\/p>\n\n\n\n<p>Tras la formaci\u00f3n te\u00f3rica, la formaci\u00f3n finaliz\u00f3 con un simulacro de accidente de tr\u00e1fico m\u00faltiple en el que intervino todo el alumnado que reprodujeron en la ficci\u00f3n el rol que deben desempe\u00f1ar en una situaci\u00f3n real.<\/p>\n\n\n\n<p><strong>Formaci\u00f3n para otros agentes del servicio de protecci\u00f3n civil<\/strong><\/p>\n\n\n\n<p>32 agentes de colectivos tan importantes para el sistema de protecci\u00f3n civil como el Centro Coordinador de Emergencias de Castilla y Le\u00f3n, la Unidad de Apoyo Log\u00edstico o el Grupo de Rescate y Salvamento, han participado en las dos ediciones del curso&nbsp; de pilotos a distancia de DRONES\/UAS\/RPAS.<\/p>\n\n\n\n<p>Las dos ediciones han tenido lugar a lo largo del mes de junio. En total han sido 64 horas lectivas de las que las pr\u00e1cticas se han realizado en el campo de vuelo de Alcazar\u00e9n (Valladolid).<\/p>\n\n\n\n<p>El presupuesto para ambas ediciones ha sido de 9.000,00 euros.<\/p>\n\n\n\n<p><strong>Segunda parte del Plan de Formaci\u00f3n de la Agencia de Protecci\u00f3n Civil y Emergencias para 2023<\/strong><\/p>\n\n\n\n<p>A fin de que la participaci\u00f3n en los cursos sea la m\u00e1xima posible, la \u00e9poca estival abre un par\u00e9ntesis en la formaci\u00f3n de los grupos intervinientes en la protecci\u00f3n civil y la ejecuci\u00f3n del Plan de Formaci\u00f3n de la Agencia de Protecci\u00f3n Civil y Emergencias para 2023 se reanudar\u00e1 en el mes de septiembre.<\/p>\n","protected":false},"excerpt":{"rendered":"<p>Un total de 27 cursos, 580 horas de formaci\u00f3n, 457 participantes y una inversi\u00f3n que supera los 137.000 euros son los n\u00fameros que resumen las \u00faltimas actividades formativas del primer semestre del Plan de Formaci\u00f3n de la Agencia de Protecci\u00f3n Civil y Emergencias para 2023 que han tenido lugar entre el 15 de mayo y [&hellip;]<\/p>\n","protected":false},"author":1,"featured_media":1859,"comment_status":"open","ping_status":"closed","sticky":false,"template":"","format":"standard","meta":{"_monsterinsights_skip_tracking":false,"_monsterinsights_sitenote_active":false,"_monsterinsights_sitenote_note":"","_monsterinsights_sitenote_category":0,"site-container-style":"default","site-container-layout":"default","site-sidebar-layout":"default","disable-article-header":"default","disable-site-header":"default","disable-site-footer":"default","disable-content-area-spacing":"default","_jetpack_memberships_contains_paid_content":false,"footnotes":"","jetpack_publicize_message":"","jetpack_publicize_feature_enabled":true,"jetpack_social_post_already_shared":false,"jetpack_social_options":{"image_generator_settings":{"template":"highway","default_image_id":0,"font":"","enabled":false},"version":2}},"categories":[10],"tags":[],"class_list":["post-1858","post","type-post","status-publish","format-standard","has-post-thumbnail","hentry","category-castilla-y-leon"],"jetpack_publicize_connections":[],"jetpack_featured_media_url":"https:\/\/987aldia.com\/web\/wp-content\/uploads\/2023\/07\/AperturaalpublicodelaexposicionMiedodivinoenelPalacioQuintanar-1.jpg","jetpack_sharing_enabled":true,"_links":{"self":[{"href":"https:\/\/987aldia.com\/web\/wp-json\/wp\/v2\/posts\/1858","targetHints":{"allow":["GET"]}}],"collection":[{"href":"https:\/\/987aldia.com\/web\/wp-json\/wp\/v2\/posts"}],"about":[{"href":"https:\/\/987aldia.com\/web\/wp-json\/wp\/v2\/types\/post"}],"author":[{"embeddable":true,"href":"https:\/\/987aldia.com\/web\/wp-json\/wp\/v2\/users\/1"}],"replies":[{"embeddable":true,"href":"https:\/\/987aldia.com\/web\/wp-json\/wp\/v2\/comments?post=1858"}],"version-history":[{"count":1,"href":"https:\/\/987aldia.com\/web\/wp-json\/wp\/v2\/posts\/1858\/revisions"}],"predecessor-version":[{"id":1860,"href":"https:\/\/987aldia.com\/web\/wp-json\/wp\/v2\/posts\/1858\/revisions\/1860"}],"wp:featuredmedia":[{"embeddable":true,"href":"https:\/\/987aldia.com\/web\/wp-json\/wp\/v2\/media\/1859"}],"wp:attachment":[{"href":"https:\/\/987aldia.com\/web\/wp-json\/wp\/v2\/media?parent=1858"}],"wp:term":[{"taxonomy":"category","embeddable":true,"href":"https:\/\/987aldia.com\/web\/wp-json\/wp\/v2\/categories?post=1858"},{"taxonomy":"post_tag","embeddable":true,"href":"https:\/\/987aldia.com\/web\/wp-json\/wp\/v2\/tags?post=1858"}],"curies":[{"name":"wp","href":"https:\/\/api.w.org\/{rel}","templated":true}]}}