{"id":1861,"date":"2023-07-10T11:26:11","date_gmt":"2023-07-10T11:26:11","guid":{"rendered":"https:\/\/987aldia.com\/web\/?p=1861"},"modified":"2023-07-10T11:26:11","modified_gmt":"2023-07-10T11:26:11","slug":"la-junta-adjudica-en-562-mil-euros-la-construccion-del-obrador-comunitario-de-el-royo","status":"publish","type":"post","link":"https:\/\/987aldia.com\/web\/la-junta-adjudica-en-562-mil-euros-la-construccion-del-obrador-comunitario-de-el-royo\/","title":{"rendered":"La Junta adjudica en 562 mil euros la construcci\u00f3n del obrador comunitario de El Royo"},"content":{"rendered":"\n<ul class=\"wp-block-list\">\n<li>Con esta infraestructura se pretende dotar a la provincia de un espacio que favorezca la explotaci\u00f3n de los productos end\u00f3genos, desarrolle actividad econ\u00f3mica, fije poblaci\u00f3n y genere empleo en las zonas rurales.<\/li>\n\n\n\n<li>Somacyl y el Ayuntamiento de El Royo firmaron un convenio de cooperaci\u00f3n para apostar por los recursos end\u00f3genos como dinamizadores econ\u00f3micos y demogr\u00e1ficos del mundo rural.<\/li>\n<\/ul>\n\n\n\n<p>La Junta de Castilla y Le\u00f3n, a trav\u00e9s de la Sociedad P\u00fablica de Infraestructuras y Medio Ambiente de Castilla y Le\u00f3n (Somacyl), ha adjudicado a la empresa San Miguel Estructuras de Hormig\u00f3n, S.L., &nbsp;por un importe de &nbsp;562.393,96 euros (IVA incluido) y un plazo de ejecuci\u00f3n de seis meses, la construcci\u00f3n de la nave destinada a albergar un obrador comunitario compartido en el municipio de El Royo.<\/p>\n\n\n\n<p>Esta adjudicaci\u00f3n supone el primer paso para hacer realidad el convenio de cooperaci\u00f3n que Somacyl y el Ayuntamiento de El Royo firmaron en el pasado mes de marzo, en un acto en la sede de la Delegaci\u00f3n Territorial de Soria presidido por el viceconsejero de Econom\u00eda y Competitividad, Carlos Mart\u00edn Tobalina.<\/p>\n\n\n\n<p>Este acuerdo preve\u00eda la construcci\u00f3n de esta nave de uso como obrador comunitario compartido para poner en valor los productos end\u00f3genos de la provincia de Soria mediante la recuperaci\u00f3n de las tierras abandonadas o infrautilizadas del municipio, la implantaci\u00f3n de cultivos de gran valor, la creaci\u00f3n de empleo y el fomento de la actividad agraria.<\/p>\n\n\n\n<p><strong>Desarrollo de los recursos end\u00f3genos<\/strong><\/p>\n\n\n\n<p>La Junta de Castilla y Le\u00f3n apuesta por el desarrollo de los recursos end\u00f3genos de sus territorios para luchar contra la despoblaci\u00f3n, con un modelo que busca potenciar las capacidades internas de una regi\u00f3n o comunidad local, de modo que puedan ser utilizadas para fortalecer la sociedad y su econom\u00eda, y para que sean sostenibles en el tiempo y atraigan poblaci\u00f3n.<\/p>\n\n\n\n<p>El desarrollo de los productos end\u00f3genos aumenta el nivel de vida de los territorios, impulsa ventajas competitivas, fomenta el sentido de pertenencia, promueve la innovaci\u00f3n y el desarrollo y es una medida de reactivaci\u00f3n de lo rural para combatir la despoblaci\u00f3n.<\/p>\n\n\n\n<p>El Royo ha obtenido gran \u00e9xito en un proyecto de aprovechamiento de siete hect\u00e1reas para cultivo de frutos del bosque de las tierras que estaban abandonadas, una iniciativa socioecon\u00f3mica que ha demostrado que un producto end\u00f3geno se puede convertir en un proyecto empresarial con impacto positivo en la econom\u00eda local y en los datos del padr\u00f3n de habitantes.<\/p>\n\n\n\n<p>Soria cuenta con un gran potencial en productos end\u00f3genos en diferentes puntos geogr\u00e1ficos de la provincia, que precisa de una estructura industrial que los ponga en valor y ofrezca la oportunidad de su transformaci\u00f3n, permitiendo ampliar la oferta de sus actividades a trav\u00e9s de la conservaci\u00f3n, envasado y comercializaci\u00f3n que cubra las necesidades de peque\u00f1os productores que tienen que salir fuera de la provincia, o que quieran ampliar sus inversiones, as\u00ed como servir de impulso a nuevas iniciativas.<\/p>\n\n\n\n<p>La nueva nave responder\u00e1 a la demanda para dotar a la provincia de un obrador comunitario compartido que favorezca la explotaci\u00f3n de los productos end\u00f3genos de origen, y que, adem\u00e1s, desarrolle la actividad econ\u00f3mica, fije poblaci\u00f3n y genere empleo en las zonas rurales.<\/p>\n\n\n\n<p><strong>Nave para apoyar la demanda de proyectos provinciales<\/strong><\/p>\n\n\n\n<p>La construcci\u00f3n de esta nave, que complementa al proyecto iniciado en 2016 por El Royo, responde a la necesidad de apoyar iniciativas a nivel provincial que pongan en valor los recursos end\u00f3genos de Soria con una infraestructura que atienda, adem\u00e1s del cultivo de frutos del bosque, cualquier otro producto agroalimentario para su conservaci\u00f3n, transformaci\u00f3n, envasado y comercializaci\u00f3n.<\/p>\n\n\n\n<p>El proyecto prev\u00e9 la construcci\u00f3n de un edificio de planta \u00fanica y forma rectangular, de 35 metros de largo por 15 metros de ancho, con una superficie de 1.696 metros cuadrados, que se rematar\u00e1 con una cubierta a dos aguas con un 15 % de pendiente.<\/p>\n\n\n\n<p>La esquina noroeste se dotar\u00e1 con una entreplanta, de manera que la parte inferior quede destinada a dependencias para el personal, y la superior a albergar usos administrativos y una sala de exposici\u00f3n.<\/p>\n\n\n\n<p>El acceso a la materia prima se har\u00e1 desde el hastial noroeste, mediante una puerta mec\u00e1nica seccional con unas dimensiones de cuatro por cinco metros, desde donde las mercanc\u00edas recibidas pasar\u00e1n a una c\u00e1mara frigor\u00edfica.<\/p>\n\n\n\n<p>Desde esta c\u00e1mara de recepci\u00f3n, la materia prima llegar\u00e1 al obrador, donde se realizar\u00e1 la transformaci\u00f3n de la materia prima para convertirla en productos destinados al consumo, mediante procesos como, por ejemplo, la elaboraci\u00f3n de mermeladas.<\/p>\n\n\n\n<p>La parte posterior de la nave contar\u00e1 con espacios para el almacenamiento de los productos ya elaborados, que, en el momento de su comercializaci\u00f3n, pasar\u00e1n por la zona de etiquetado para su envasado y expedici\u00f3n desde el muelle situado en un lateral.<\/p>\n\n\n\n<p>La nueva nave contar\u00e1 con instalaciones b\u00e1sicas, entre las que se incluyen la protecci\u00f3n contra incendios, la instalaci\u00f3n de electricidad en baja tensi\u00f3n, iluminaci\u00f3n, fontaner\u00eda, saneamiento, calefacci\u00f3n y climatizaci\u00f3n, entre otras.<\/p>\n\n\n\n<p>Adem\u00e1s de estas instalaciones generales, el espacio dispondr\u00e1 tambi\u00e9n de otras m\u00e1s espec\u00edficas, como la frigor\u00edfica y la fotovoltaica, pendientes a\u00fan de contratar con un especialista.<\/p>\n","protected":false},"excerpt":{"rendered":"<p>La Junta de Castilla y Le\u00f3n, a trav\u00e9s de la Sociedad P\u00fablica de Infraestructuras y Medio Ambiente de Castilla y Le\u00f3n (Somacyl), ha adjudicado a la empresa San Miguel Estructuras de Hormig\u00f3n, S.L., &nbsp;por un importe de &nbsp;562.393,96 euros (IVA incluido) y un plazo de ejecuci\u00f3n de seis meses, la construcci\u00f3n de la nave destinada [&hellip;]<\/p>\n","protected":false},"author":1,"featured_media":1862,"comment_status":"open","ping_status":"closed","sticky":false,"template":"","format":"standard","meta":{"_monsterinsights_skip_tracking":false,"_monsterinsights_sitenote_active":false,"_monsterinsights_sitenote_note":"","_monsterinsights_sitenote_category":0,"site-container-style":"default","site-container-layout":"default","site-sidebar-layout":"default","disable-article-header":"default","disable-site-header":"default","disable-site-footer":"default","disable-content-area-spacing":"default","_jetpack_memberships_contains_paid_content":false,"footnotes":"","jetpack_publicize_message":"","jetpack_publicize_feature_enabled":true,"jetpack_social_post_already_shared":false,"jetpack_social_options":{"image_generator_settings":{"template":"highway","default_image_id":0,"font":"","enabled":false},"version":2}},"categories":[10],"tags":[],"class_list":["post-1861","post","type-post","status-publish","format-standard","has-post-thumbnail","hentry","category-castilla-y-leon"],"jetpack_publicize_connections":[],"jetpack_featured_media_url":"https:\/\/987aldia.com\/web\/wp-content\/uploads\/2023\/07\/umit-yildirim-9OB46apMbC4-unsplash.jpg","jetpack_sharing_enabled":true,"_links":{"self":[{"href":"https:\/\/987aldia.com\/web\/wp-json\/wp\/v2\/posts\/1861","targetHints":{"allow":["GET"]}}],"collection":[{"href":"https:\/\/987aldia.com\/web\/wp-json\/wp\/v2\/posts"}],"about":[{"href":"https:\/\/987aldia.com\/web\/wp-json\/wp\/v2\/types\/post"}],"author":[{"embeddable":true,"href":"https:\/\/987aldia.com\/web\/wp-json\/wp\/v2\/users\/1"}],"replies":[{"embeddable":true,"href":"https:\/\/987aldia.com\/web\/wp-json\/wp\/v2\/comments?post=1861"}],"version-history":[{"count":1,"href":"https:\/\/987aldia.com\/web\/wp-json\/wp\/v2\/posts\/1861\/revisions"}],"predecessor-version":[{"id":1863,"href":"https:\/\/987aldia.com\/web\/wp-json\/wp\/v2\/posts\/1861\/revisions\/1863"}],"wp:featuredmedia":[{"embeddable":true,"href":"https:\/\/987aldia.com\/web\/wp-json\/wp\/v2\/media\/1862"}],"wp:attachment":[{"href":"https:\/\/987aldia.com\/web\/wp-json\/wp\/v2\/media?parent=1861"}],"wp:term":[{"taxonomy":"category","embeddable":true,"href":"https:\/\/987aldia.com\/web\/wp-json\/wp\/v2\/categories?post=1861"},{"taxonomy":"post_tag","embeddable":true,"href":"https:\/\/987aldia.com\/web\/wp-json\/wp\/v2\/tags?post=1861"}],"curies":[{"name":"wp","href":"https:\/\/api.w.org\/{rel}","templated":true}]}}