{"id":1864,"date":"2023-07-10T11:28:00","date_gmt":"2023-07-10T11:28:00","guid":{"rendered":"https:\/\/987aldia.com\/web\/?p=1864"},"modified":"2023-07-10T11:28:00","modified_gmt":"2023-07-10T11:28:00","slug":"la-junta-impulsa-la-instalacion-de-fotovoltaica-en-autoconsumo-multiplicando-25-veces-en-2022-la-potencia-instalada-el-ano-anterior-hasta-un-total-de-134-mw","status":"publish","type":"post","link":"https:\/\/987aldia.com\/web\/la-junta-impulsa-la-instalacion-de-fotovoltaica-en-autoconsumo-multiplicando-25-veces-en-2022-la-potencia-instalada-el-ano-anterior-hasta-un-total-de-134-mw\/","title":{"rendered":"La Junta impulsa la instalaci\u00f3n de fotovoltaica en autoconsumo multiplicando 2,5 veces en 2022 la potencia instalada el a\u00f1o anterior, hasta un total de 134 MW"},"content":{"rendered":"\n<ul class=\"wp-block-list\">\n<li>El consejero de Econom\u00eda y Hacienda preside la 3\u00aa Mesa del Autoconsumo que ha promovido la instalaci\u00f3n de 74,2 MW en 2022, lo que supone 2,5 veces m\u00e1s potencia fotovoltaica instalada que en 2021, hasta alcanzar un total de 134 MW en la Comunidad<\/li>\n\n\n\n<li>El EREN est\u00e1 ejecutando instalaciones de autoconsumo en el Cl\u00ednico Universitario de Salamanca, en el Hospital Universitario R\u00edo Hortega de Valladolid y en el Complejo Zamadue\u00f1as del Itacyl dentro del programa FEDER, dotado con 20,5 millones<\/li>\n\n\n\n<li>La 3\u00aa Mesa del Autoconsumo constituir\u00e1 grupos de trabajo de formaci\u00f3n y comunidades energ\u00e9ticas para dimensionar correctamente las instalaciones y facilitar el autoconsumo colectivo en edificios de viviendas en altura en entornos urbanos<\/li>\n<\/ul>\n\n\n\n<p>El consejero de Econom\u00eda y Hacienda, Carlos Fern\u00e1ndez Carriedo, ha presidido la tercera&nbsp;reuni\u00f3n de la Mesa del Autoconsumo, que ha impulsado la instalaci\u00f3n de una potencia total de 133,97 MW&nbsp;de fotovoltaica de autoconsumo en la Comunidad. En concreto, solo en 2022 se han puesto en marcha nuevas instalaciones de autoconsumo con una potencia de 74,2 MW, lo que supone multiplicar 2,5 veces la potencia instalada en el a\u00f1o 2021.<\/p>\n\n\n\n<p>En esta tercera reuni\u00f3n se ha informado del Plan de implantaci\u00f3n de instalaciones de autoconsumo en edificios de la administraci\u00f3n auton\u00f3mica&nbsp;que, con una dotaci\u00f3n de 20,5 millones de euros con cargo al Programa Operativo FEDER 2021-2027, se est\u00e1&nbsp;llevando a cabo desde el &nbsp;Ente Regional de la Energ\u00eda (EREN) como \u00f3rgano gestor.<\/p>\n\n\n\n<p>En concreto, se ha ejecutado una instalaci\u00f3n de 920 kW en el el Hospital Universitario R\u00edo Hortega de Valladolid;&nbsp;se est\u00e1 construyendo una de 430 kW en el Cl\u00ednico Universitario de Salamanca;&nbsp;se ha licitado la de 263 kW del Complejo Zamadue\u00f1as del Instituto Tecnol\u00f3gico Agrario de Castilla y Le\u00f3n (Itacyl),&nbsp;y se est\u00e1n redactando diversos proyectos para la licitaci\u00f3n de las obras.<\/p>\n\n\n\n<p>Asimismo, se ha realizado un seguimiento de las acciones acordadas y se han propuesto las nuevas: la constituci\u00f3n de los grupos de trabajo de Formaci\u00f3n y Comunidades Energ\u00e9ticas para abordar el conocimiento t\u00e9cnico de los instaladores y establecer los criterios de dimensionamiento de las instalaciones; y las posibilidades del autoconsumo colectivo, principalmente, en edificios de viviendas en altura y en los entornos urbanos.<\/p>\n\n\n\n<p>Adem\u00e1s, se revisar\u00e1 el material elaborado de acuerdo a las novedades normativas y se propondr\u00e1 la elaboraci\u00f3n de nuevas gu\u00edas y tr\u00edpticos que faciliten la puesta en marcha de instalaciones. Por \u00faltimo, se tramitar\u00e1 la admisi\u00f3n de la solicitud como nuevo miembro de la Mesa del Consejo de Colegios Profesionales de Peritos e Ingenieros T\u00e9cnicos Industriales de Castilla y Le\u00f3n (COGITICYL).<\/p>\n\n\n\n<p><strong>Facilitar la inversi\u00f3n y las instalaciones<\/strong><\/p>\n\n\n\n<p>La Mesa de Autoconsumo en Castilla y Le\u00f3n tiene como objetivo fomentar el autoconsumo el\u00e9ctrico mediante la detecci\u00f3n y eliminaci\u00f3n de las barreras que impiden su desarrollo. Asimismo, se prev\u00e9 un incremento de las instalaciones como consecuencia de las acciones realizadas por los grupos de trabajo que, al amparo de la Mesa de Autoconsumo, discuten y debaten sobre los aspectos de Normativa El\u00e9ctrica, Municipios, Comunicaci\u00f3n y Financiaci\u00f3n.<\/p>\n\n\n\n<p>As\u00ed, desde la constituci\u00f3n de la Mesa y sus grupos de trabajo, en octubre de 2020, se han redactado las gu\u00edas de Tramitaci\u00f3n administrativa del autoconsumo; de Interpretaci\u00f3n de los aspectos urban\u00edsticos y medio ambientales aplicables al usuario de energ\u00eda solar fotovoltaica; Oferta de instalaci\u00f3n de autoconsumo; tr\u00edpticos de Ventajas del autoconsumo; y v\u00eddeos explicativos del funcionamiento de las instalaciones de autoconsumo con y sin excedentes.<\/p>\n\n\n\n<p>Todo este material est\u00e1 a disposici\u00f3n del p\u00fablico y del sector en el portal institucional de energ\u00eda y miner\u00eda&nbsp;<a href=\"https:\/\/energia.jcyl.es\/web\/es\/energias-renovables-ordenacion-energetica\/autoconsumo.html\">Autoconsumo<\/a>&nbsp;, que ha contabilizado casi 35.000 accesos y m\u00e1s de 16.000 descargas de archivos desde su creaci\u00f3n en marzo de 2021.<\/p>\n\n\n\n<p>En la Mesa de Autoconsumo de energ\u00eda solar fotovoltaica participan la Junta de Castilla y Le\u00f3n, las distribuidoras y comercializadoras de energ\u00eda el\u00e9ctrica de la Comunidad, las asociaciones y patronales de instaladores, as\u00ed como las agencias de energ\u00eda y la Federaci\u00f3n de Profesionales Electricistas y de Telecomunicaciones de Castilla y Le\u00f3n (PECALE).<\/p>\n","protected":false},"excerpt":{"rendered":"<p>El consejero de Econom\u00eda y Hacienda, Carlos Fern\u00e1ndez Carriedo, ha presidido la tercera&nbsp;reuni\u00f3n de la Mesa del Autoconsumo, que ha impulsado la instalaci\u00f3n de una potencia total de 133,97 MW&nbsp;de fotovoltaica de autoconsumo en la Comunidad. En concreto, solo en 2022 se han puesto en marcha nuevas instalaciones de autoconsumo con una potencia de 74,2 [&hellip;]<\/p>\n","protected":false},"author":1,"featured_media":1865,"comment_status":"open","ping_status":"closed","sticky":false,"template":"","format":"standard","meta":{"_monsterinsights_skip_tracking":false,"_monsterinsights_sitenote_active":false,"_monsterinsights_sitenote_note":"","_monsterinsights_sitenote_category":0,"site-container-style":"default","site-container-layout":"default","site-sidebar-layout":"default","disable-article-header":"default","disable-site-header":"default","disable-site-footer":"default","disable-content-area-spacing":"default","_jetpack_memberships_contains_paid_content":false,"footnotes":"","jetpack_publicize_message":"","jetpack_publicize_feature_enabled":true,"jetpack_social_post_already_shared":false,"jetpack_social_options":{"image_generator_settings":{"template":"highway","default_image_id":0,"font":"","enabled":false},"version":2}},"categories":[10],"tags":[],"class_list":["post-1864","post","type-post","status-publish","format-standard","has-post-thumbnail","hentry","category-castilla-y-leon"],"jetpack_publicize_connections":[],"jetpack_featured_media_url":"https:\/\/987aldia.com\/web\/wp-content\/uploads\/2023\/07\/nuno-marques-0GbrjL3vZF4-unsplash.jpg","jetpack_sharing_enabled":true,"_links":{"self":[{"href":"https:\/\/987aldia.com\/web\/wp-json\/wp\/v2\/posts\/1864","targetHints":{"allow":["GET"]}}],"collection":[{"href":"https:\/\/987aldia.com\/web\/wp-json\/wp\/v2\/posts"}],"about":[{"href":"https:\/\/987aldia.com\/web\/wp-json\/wp\/v2\/types\/post"}],"author":[{"embeddable":true,"href":"https:\/\/987aldia.com\/web\/wp-json\/wp\/v2\/users\/1"}],"replies":[{"embeddable":true,"href":"https:\/\/987aldia.com\/web\/wp-json\/wp\/v2\/comments?post=1864"}],"version-history":[{"count":1,"href":"https:\/\/987aldia.com\/web\/wp-json\/wp\/v2\/posts\/1864\/revisions"}],"predecessor-version":[{"id":1866,"href":"https:\/\/987aldia.com\/web\/wp-json\/wp\/v2\/posts\/1864\/revisions\/1866"}],"wp:featuredmedia":[{"embeddable":true,"href":"https:\/\/987aldia.com\/web\/wp-json\/wp\/v2\/media\/1865"}],"wp:attachment":[{"href":"https:\/\/987aldia.com\/web\/wp-json\/wp\/v2\/media?parent=1864"}],"wp:term":[{"taxonomy":"category","embeddable":true,"href":"https:\/\/987aldia.com\/web\/wp-json\/wp\/v2\/categories?post=1864"},{"taxonomy":"post_tag","embeddable":true,"href":"https:\/\/987aldia.com\/web\/wp-json\/wp\/v2\/tags?post=1864"}],"curies":[{"name":"wp","href":"https:\/\/api.w.org\/{rel}","templated":true}]}}