{"id":1873,"date":"2023-07-11T09:05:20","date_gmt":"2023-07-11T09:05:20","guid":{"rendered":"https:\/\/987aldia.com\/web\/?p=1873"},"modified":"2023-07-11T09:05:21","modified_gmt":"2023-07-11T09:05:21","slug":"la-junta-oferta-51-plazas-en-13-pisos-para-apoyar-a-jovenes-en-riesgo-de-exclusion-social-en-la-transicion-a-la-vida-adulta","status":"publish","type":"post","link":"https:\/\/987aldia.com\/web\/la-junta-oferta-51-plazas-en-13-pisos-para-apoyar-a-jovenes-en-riesgo-de-exclusion-social-en-la-transicion-a-la-vida-adulta\/","title":{"rendered":"La Junta oferta 51 plazas en 13 pisos para apoyar a j\u00f3venes en riesgo de exclusi\u00f3n social en la transici\u00f3n a la vida adulta"},"content":{"rendered":"\n<h2 class=\"wp-block-heading\"><strong>Est\u00e1n dirigidos a j\u00f3venes de 18 a 21 a\u00f1os de Castilla y Le\u00f3n en situaci\u00f3n de riesgo de exclusi\u00f3n social donde la mayor\u00eda han estado bajo la guarda de la Administraci\u00f3n auton\u00f3mica mediante un expediente de protecci\u00f3n o de reforma<\/strong>.<\/h2>\n\n\n\n<p>La Junta de Castilla y Le\u00f3n sigue impulsando la creaci\u00f3n de oportunidades y la reducci\u00f3n de desigualdades en el colectivo de j\u00f3venes que tengan o hayan tenido expediente de protecci\u00f3n y reforma o que se encuentren en situaci\u00f3n de riesgo de exclusi\u00f3n social a trav\u00e9s de iniciativas como el \u2018Servicio de apoyo t\u00e9cnico a j\u00f3venes para la transici\u00f3n a la vida adulta\u2019. El objetivo de la Consejer\u00eda de Familia e Igualdad de Oportunidades es seguir trabajando en la mejora competencial de estos j\u00f3venes m\u00e1s vulnerables con un abanico m\u00e1s amplio de oportunidades sociales y laborales, a\u00fan m\u00e1s en la actual coyuntura econ\u00f3mica, y que puedan acceder a los distintos recursos y ofertas en condiciones de igualdad.<\/p>\n\n\n\n<p>A finales de 2022, se complet\u00f3 este programa instaur\u00e1ndose en todas las provincias de la Comunidad y, con el prop\u00f3sito de consolidarlo, el Bolet\u00edn Oficial de Castilla y Le\u00f3n (Bocyl) publica hoy la convocatoria de subvenciones para la realizaci\u00f3n de proyectos de inserci\u00f3n sociolaboral y de emancipaci\u00f3n de los j\u00f3venes que han sido tutelados por la Gerencia de Servicios Sociales o se encuentren en riesgo de exclusi\u00f3n social. Pueden optar a ellas entidades privadas sin \u00e1nimo de lucro adscritas a la Red de protecci\u00f3n e inclusi\u00f3n a personas y familias en situaci\u00f3n de mayor vulnerabilidad social y econ\u00f3mica en la Comunidad.<\/p>\n\n\n\n<p>Estos recursos est\u00e1n dirigidos a j\u00f3venes de 18 a 21 a\u00f1os de Castilla y Le\u00f3n en situaci\u00f3n de riesgo de exclusi\u00f3n social donde la mayor\u00eda han estado bajo la guarda de la Administraci\u00f3n auton\u00f3mica mediante un expediente de protecci\u00f3n o de reforma con anterioridad al cumplimiento de su mayor\u00eda de edad.<\/p>\n\n\n\n<p>Las subvenciones convocadas hoy se dirigen a favorecer la emancipaci\u00f3n e integraci\u00f3n en el mundo sociolaboral a trav\u00e9s de recursos de alojamiento y programas centrados en dotar a los usuarios de las habilidades de vida necesarias para lograr de forma exitosa llevar una vida independiente reduciendo el riesgo de exclusi\u00f3n social.<\/p>\n\n\n\n<p>El proceso de acompa\u00f1amiento a las personas en situaci\u00f3n o en riesgo de exclusi\u00f3n social se realiza a trav\u00e9s de una metodolog\u00eda que conlleva la realizaci\u00f3n de itinerarios de inserci\u00f3n sociolaboral, centrados en la persona, participativos y realistas que confronten al usuario con la realidad a la que se va a enfrentar para poder vivir una vida de forma independiente, facilitando el recurso de alojamiento y apoy\u00e1ndole en las dificultades que la vida diaria presenta.<\/p>\n\n\n\n<p>El personal t\u00e9cnico de inserci\u00f3n laboral acompa\u00f1a al usuario en la identificaci\u00f3n de los objetivos de su itinerario personalizado, le ayuda en el dise\u00f1o del recorrido para alcanzarlos, as\u00ed como en la toma de decisiones sobre los pasos a seguir para lograr el acceso al mundo laboral. Adem\u00e1s impulsa la adquisici\u00f3n tanto de las habilidades de vida necesarias para enfrentarse a las tareas de la vida cotidiana, como la adquisici\u00f3n de las habilidades m\u00e1s especializadas para el acceso al mundo laboral con la finalidad de lograr reducir la brecha digital y competencial a la que estos j\u00f3venes se enfrentan para acceder al mercado laboral.<\/p>\n\n\n\n<p><strong>Oferta de recursos de alojamiento para la inserci\u00f3n laboral convocados en 2023<\/strong><\/p>\n\n\n\n<p>En la convocatoria publicada hoy se ofertan 51 plazas distribuidas en un total de 13 pisos: tres plazas en las provincias de Burgos y Palencia; cuatro, en \u00c1vila, Segovia y Zamora; seis, en Le\u00f3n y Soria; diez, en Salamanca; y once, en Valladolid. Estas plazas se distribuyen en un piso por provincia, excepto en Le\u00f3n y Salamanca, que tienen dos cada una y Valladolid, que tiene tres.<\/p>\n\n\n\n<p>Durante los \u00faltimos cinco a\u00f1os, 487 usuarios han utilizado estos recursos que han contado con una financiaci\u00f3n inicial de 253.000 euros hasta llegar a los 537.000 euros de 2023.<\/p>\n\n\n\n<p><strong>Solicitudes y plazos<\/strong><\/p>\n\n\n\n<p>El plazo de presentaci\u00f3n de solicitudes ser\u00e1 de 15 d\u00edas naturales contados desde ma\u00f1ana y se formular\u00e1n en el modelo normalizado que est\u00e1 disponible en la&nbsp;<a href=\"https:\/\/www.tramitacastillayleon.jcyl.es\/\">sede electr\u00f3nica de la Administraci\u00f3n de la Comunidad de Castilla y Le\u00f3n<\/a>&nbsp;.<\/p>\n\n\n\n<p>Los proyectos subvencionables habr\u00e1n de ejecutarse durante el periodo comprendido entre el 1 de enero y el 31 de diciembre de 2023.<\/p>\n","protected":false},"excerpt":{"rendered":"<p>Est\u00e1n dirigidos a j\u00f3venes de 18 a 21 a\u00f1os de Castilla y Le\u00f3n en situaci\u00f3n de riesgo de exclusi\u00f3n social donde la mayor\u00eda han estado bajo la guarda de la Administraci\u00f3n auton\u00f3mica mediante un expediente de protecci\u00f3n o de reforma. La Junta de Castilla y Le\u00f3n sigue impulsando la creaci\u00f3n de oportunidades y la reducci\u00f3n [&hellip;]<\/p>\n","protected":false},"author":1,"featured_media":1874,"comment_status":"open","ping_status":"closed","sticky":false,"template":"","format":"standard","meta":{"_monsterinsights_skip_tracking":false,"_monsterinsights_sitenote_active":false,"_monsterinsights_sitenote_note":"","_monsterinsights_sitenote_category":0,"site-container-style":"default","site-container-layout":"default","site-sidebar-layout":"default","disable-article-header":"default","disable-site-header":"default","disable-site-footer":"default","disable-content-area-spacing":"default","_jetpack_memberships_contains_paid_content":false,"footnotes":"","jetpack_publicize_message":"","jetpack_publicize_feature_enabled":true,"jetpack_social_post_already_shared":false,"jetpack_social_options":{"image_generator_settings":{"template":"highway","default_image_id":0,"font":"","enabled":false},"version":2}},"categories":[10],"tags":[],"class_list":["post-1873","post","type-post","status-publish","format-standard","has-post-thumbnail","hentry","category-castilla-y-leon"],"jetpack_publicize_connections":[],"jetpack_featured_media_url":"https:\/\/987aldia.com\/web\/wp-content\/uploads\/2023\/07\/papeles-negocios-bodegones-varios-peones.jpg","jetpack_sharing_enabled":true,"_links":{"self":[{"href":"https:\/\/987aldia.com\/web\/wp-json\/wp\/v2\/posts\/1873","targetHints":{"allow":["GET"]}}],"collection":[{"href":"https:\/\/987aldia.com\/web\/wp-json\/wp\/v2\/posts"}],"about":[{"href":"https:\/\/987aldia.com\/web\/wp-json\/wp\/v2\/types\/post"}],"author":[{"embeddable":true,"href":"https:\/\/987aldia.com\/web\/wp-json\/wp\/v2\/users\/1"}],"replies":[{"embeddable":true,"href":"https:\/\/987aldia.com\/web\/wp-json\/wp\/v2\/comments?post=1873"}],"version-history":[{"count":1,"href":"https:\/\/987aldia.com\/web\/wp-json\/wp\/v2\/posts\/1873\/revisions"}],"predecessor-version":[{"id":1875,"href":"https:\/\/987aldia.com\/web\/wp-json\/wp\/v2\/posts\/1873\/revisions\/1875"}],"wp:featuredmedia":[{"embeddable":true,"href":"https:\/\/987aldia.com\/web\/wp-json\/wp\/v2\/media\/1874"}],"wp:attachment":[{"href":"https:\/\/987aldia.com\/web\/wp-json\/wp\/v2\/media?parent=1873"}],"wp:term":[{"taxonomy":"category","embeddable":true,"href":"https:\/\/987aldia.com\/web\/wp-json\/wp\/v2\/categories?post=1873"},{"taxonomy":"post_tag","embeddable":true,"href":"https:\/\/987aldia.com\/web\/wp-json\/wp\/v2\/tags?post=1873"}],"curies":[{"name":"wp","href":"https:\/\/api.w.org\/{rel}","templated":true}]}}