{"id":1876,"date":"2023-07-12T12:20:22","date_gmt":"2023-07-12T12:20:22","guid":{"rendered":"https:\/\/987aldia.com\/web\/?p=1876"},"modified":"2023-07-12T12:20:23","modified_gmt":"2023-07-12T12:20:23","slug":"la-junta-destina-300-000-euros-para-proyectos-de-sensibilizacion-ciudadana-en-castilla-y-leon","status":"publish","type":"post","link":"https:\/\/987aldia.com\/web\/la-junta-destina-300-000-euros-para-proyectos-de-sensibilizacion-ciudadana-en-castilla-y-leon\/","title":{"rendered":"La Junta destina 300.000 euros para proyectos de sensibilizaci\u00f3n ciudadana en Castilla y Le\u00f3n"},"content":{"rendered":"\n<h2 class=\"wp-block-heading\"><strong>Es la quinta edici\u00f3n de esta convocatoria anual, aprobada por la Consejer\u00eda de la Presidencia, y que este a\u00f1o se suma a la serie de programas novedosos propuestos por este departamento en el \u00e1mbito de la Educaci\u00f3n Transformadora para la Ciudadan\u00eda Global.<\/strong><\/h2>\n\n\n\n<p>El BOCyL ha publicado hoy la convocatoria de Proyectos de Educaci\u00f3n Transformadora para la Ciudadan\u00eda Global en el territorio de Castilla y Le\u00f3n para el a\u00f1o 2023, dotada con 300.000 euros. La Educaci\u00f3n Transformadora para la Ciudadan\u00eda Global engloba procesos para la promoci\u00f3n de una ciudadan\u00eda informada, comprometida, participativa y con visi\u00f3n cr\u00edtica, con actitudes y valores capaces de generar cambios en sus propias vidas y en las de su comunidad. Desde la Consejer\u00eda de la Presidencia se entiende que estas acciones de educaci\u00f3n y sensibilizaci\u00f3n son imprescindibles para motivar el cambio de algunos de los h\u00e1bitos de vida de los ciudadanos, y para construir una sociedad m\u00e1s activa, participativa y solidaria.<\/p>\n\n\n\n<p>Esta convocatoria, dirigida a Organizaciones no Gubernamentales para el Desarrollo (ONGDs) y cuyo plazo de presentaci\u00f3n de propuestas se extender\u00e1 hasta el 10 de agosto, tiene como objeto el impulso de acciones destinadas a desarrollar en la ciudadan\u00eda castellana y leonesa una conciencia cr\u00edtica y una actitud proactiva en la mejora de sus propias vidas, siendo tambi\u00e9n conscientes de la corresponsabilidad de cada individuo en las causas de las desigualdades, el incumplimiento de los derechos humanos y los problemas del desarrollo a nivel global. Este mismo, por cierto, era uno de los objetivos del festival COODEFEST, celebrado en Valladolid la semana pasada con gran \u00e9xito de p\u00fablico. Esta sucesi\u00f3n reciente de iniciativas viene a demostrar y a materializar el compromiso de esta Consejer\u00eda y de la Junta de Castilla y Le\u00f3n con las personas m\u00e1s desfavorecidas a nivel mundial. En concreto, las partidas destinadas a la Educaci\u00f3n para la Ciudadan\u00eda Global alcanzan en este ejercicio 2023 los 827.000 euros, lo cual representa un incremento de un 63,43 % con respecto a 2022.<\/p>\n\n\n\n<p>La estrategia espec\u00edfica de Educaci\u00f3n Transformadora para la Ciudadan\u00eda Global viene recogida en el IV Plan Director de Castilla y Le\u00f3n, aprobado en el mes de abril, y que, adem\u00e1s de esta iniciativa, vertebra otros programas especiales y novedosos en la Comunidad. Entre ellos, destaca el programa de colaboraci\u00f3n con las universidades para fomentar el desarrollo de la formaci\u00f3n y la investigaci\u00f3n en esta materia, al que se contribuir\u00e1 con 120.000 euros; o el programa de alianzas p\u00fablico-privadas, en colaboraci\u00f3n con las organizaciones empresariales y sindicales y con la Coordinadora de Organizaciones de Desarrollo de Castilla y Le\u00f3n, para avanzar en una RSC que contribuya a la consecuci\u00f3n de los retos globales. Resalta en el citado Plan el fomento de la Red de Centros y Docentes por el Desarrollo y la Ciudadan\u00eda Global, que cuenta con una l\u00ednea de subvenciones propia, cuya edici\u00f3n 2023 fue publicada el mes pasado, y que incluye una jornada de intercambio de experiencias del alumnado en proyectos de ciudadan\u00eda global. Esta jornada se celebr\u00f3 el pasado 24 de abril en el Centro de Ense\u00f1anza Gregorio Fern\u00e1ndez de Valladolid, con la participaci\u00f3n de m\u00e1s de 125 personas.<\/p>\n\n\n\n<p>En 2022, se financiaron con cargo a la l\u00ednea de subvenciones hoy publicada 24 proyectos a lo largo de toda la geograf\u00eda de Castilla y Le\u00f3n, muchos de ellos en zonas rurales, dirigidos a personas de todas las edades y en los que se inclu\u00eda una amplia variedad de actividades, desde exposiciones a talleres de reparaci\u00f3n y reutilizaci\u00f3n textil, as\u00ed como juegos, cinef\u00f3rums o representaciones esc\u00e9nicas, entre otras. Todo ello dirigido a la reflexi\u00f3n, como ciudadanos del mundo, en torno a cuestiones globales como la salud, la sostenibilidad, el comercio justo o la soberan\u00eda alimentaria.<\/p>\n","protected":false},"excerpt":{"rendered":"<p>Es la quinta edici\u00f3n de esta convocatoria anual, aprobada por la Consejer\u00eda de la Presidencia, y que este a\u00f1o se suma a la serie de programas novedosos propuestos por este departamento en el \u00e1mbito de la Educaci\u00f3n Transformadora para la Ciudadan\u00eda Global. El BOCyL ha publicado hoy la convocatoria de Proyectos de Educaci\u00f3n Transformadora para [&hellip;]<\/p>\n","protected":false},"author":1,"featured_media":1877,"comment_status":"open","ping_status":"closed","sticky":false,"template":"","format":"standard","meta":{"_monsterinsights_skip_tracking":false,"_monsterinsights_sitenote_active":false,"_monsterinsights_sitenote_note":"","_monsterinsights_sitenote_category":0,"site-container-style":"default","site-container-layout":"default","site-sidebar-layout":"default","disable-article-header":"default","disable-site-header":"default","disable-site-footer":"default","disable-content-area-spacing":"default","_jetpack_memberships_contains_paid_content":false,"footnotes":"","jetpack_publicize_message":"","jetpack_publicize_feature_enabled":true,"jetpack_social_post_already_shared":false,"jetpack_social_options":{"image_generator_settings":{"template":"highway","default_image_id":0,"font":"","enabled":false},"version":2}},"categories":[10],"tags":[],"class_list":["post-1876","post","type-post","status-publish","format-standard","has-post-thumbnail","hentry","category-castilla-y-leon"],"jetpack_publicize_connections":[],"jetpack_featured_media_url":"https:\/\/987aldia.com\/web\/wp-content\/uploads\/2023\/07\/concepto-economia-ahorro-finanzas-contadora-o-calculadora-uso-bancario.jpg","jetpack_sharing_enabled":true,"_links":{"self":[{"href":"https:\/\/987aldia.com\/web\/wp-json\/wp\/v2\/posts\/1876","targetHints":{"allow":["GET"]}}],"collection":[{"href":"https:\/\/987aldia.com\/web\/wp-json\/wp\/v2\/posts"}],"about":[{"href":"https:\/\/987aldia.com\/web\/wp-json\/wp\/v2\/types\/post"}],"author":[{"embeddable":true,"href":"https:\/\/987aldia.com\/web\/wp-json\/wp\/v2\/users\/1"}],"replies":[{"embeddable":true,"href":"https:\/\/987aldia.com\/web\/wp-json\/wp\/v2\/comments?post=1876"}],"version-history":[{"count":1,"href":"https:\/\/987aldia.com\/web\/wp-json\/wp\/v2\/posts\/1876\/revisions"}],"predecessor-version":[{"id":1878,"href":"https:\/\/987aldia.com\/web\/wp-json\/wp\/v2\/posts\/1876\/revisions\/1878"}],"wp:featuredmedia":[{"embeddable":true,"href":"https:\/\/987aldia.com\/web\/wp-json\/wp\/v2\/media\/1877"}],"wp:attachment":[{"href":"https:\/\/987aldia.com\/web\/wp-json\/wp\/v2\/media?parent=1876"}],"wp:term":[{"taxonomy":"category","embeddable":true,"href":"https:\/\/987aldia.com\/web\/wp-json\/wp\/v2\/categories?post=1876"},{"taxonomy":"post_tag","embeddable":true,"href":"https:\/\/987aldia.com\/web\/wp-json\/wp\/v2\/tags?post=1876"}],"curies":[{"name":"wp","href":"https:\/\/api.w.org\/{rel}","templated":true}]}}