{"id":1879,"date":"2023-07-12T12:21:43","date_gmt":"2023-07-12T12:21:43","guid":{"rendered":"https:\/\/987aldia.com\/web\/?p=1879"},"modified":"2023-07-12T12:21:44","modified_gmt":"2023-07-12T12:21:44","slug":"segovia-vuelve-a-convertirse-en-epicentro-del-tenis-mundial-con-la-celebracion-del-xxxvii-open-de-tenis-de-el-espinar-y-el-vii-itf-femenino","status":"publish","type":"post","link":"https:\/\/987aldia.com\/web\/segovia-vuelve-a-convertirse-en-epicentro-del-tenis-mundial-con-la-celebracion-del-xxxvii-open-de-tenis-de-el-espinar-y-el-vii-itf-femenino\/","title":{"rendered":"Segovia vuelve a convertirse en epicentro del tenis mundial con la celebraci\u00f3n del XXXVII Open de Tenis de El Espinar y el VII ITF Femenino"},"content":{"rendered":"\n<h2 class=\"wp-block-heading\"><strong>La Junta colabora econ\u00f3micamente en la organizaci\u00f3n de este afamado tornero, que en esta edici\u00f3n lleva por lema &#8216;Tenis Patrimonio de la Humanidad&#8217;, un homenaje tanto a la historia del Open Castilla y Le\u00f3n Villa de El Espinar, como a la extraordinaria riqueza cultural e hist\u00f3rica de la provincia de Segovia.<\/strong><\/h2>\n\n\n\n<p>El director general de Deportes, Enrique S\u00e1nchez-Guijo, ha presentado hoy el XXXVII Open Castilla y Le\u00f3n Villa de El Espinar y VII ITF Femenino, que se disputar\u00e1n de forma conjunta en las instalaciones del Complejo Deportivo Municipal Pedro Mu\u00f1oz, en La Estaci\u00f3n de El Espinar (Segovia), desde el d\u00eda 24 hasta el 30 de julio de 2023.<\/p>\n\n\n\n<p>El Open Castilla y Le\u00f3n Villa de El Espinar cumple este a\u00f1o su trig\u00e9simo s\u00e9ptima edici\u00f3n. Es un torneo de categor\u00eda ATP Challenger 100 + H. Su primera edici\u00f3n se disput\u00f3 en el a\u00f1o 1986, lo que le convierte en uno de los torneos de su categor\u00eda m\u00e1s longevos del mundo, solamente superado por San Luis Potos\u00ed (M\u00e9xico), Tampere (Finlandia) y Winnetka (Estados Unidos).<\/p>\n\n\n\n<p>El elenco de participantes y ganadores desde su primera edici\u00f3n all\u00e1 en el a\u00f1o 1986, que gan\u00f3 &#8216;Pepo&#8217;&nbsp;Clavet, no ha dejado de enriquecerse con grandes maestros del tenis masculino tales como Rafa Nadal, Roger Federer, Juan Mart\u00edn del Potro, Feliciano L\u00f3pez, Pablo Carre\u00f1o, Radek Stepanek, Fernando Verdasco, Sergi Bruguera o Emilio S\u00e1nchez Vicario .<\/p>\n\n\n\n<p>Por lo que respecta al Open Femenino, el ITF femenino cumple su s\u00e9ptima edici\u00f3n, consolid\u00e1ndose en el circuito de la&nbsp;WTA&nbsp;con grandes nombres como Paula Badosa o su \u00faltima ganadora, la tenista rusa Mirra Andreeva, que se convirti\u00f3 con 15 a\u00f1os en la tenista m\u00e1s joven en ganar en El Espinar<\/p>\n\n\n\n<p>La pretensi\u00f3n de la Junta de Castilla y Le\u00f3n, a trav\u00e9s de su Consejer\u00eda de Cultura, Turismo y Deporte, ha sido siempre apoyar El Open Castilla y Le\u00f3n Villa de el Espinar y el ITF femenino. En esta ocasi\u00f3n lo hace con una aportaci\u00f3n&nbsp;econ\u00f3mica de 110.000 euros.<\/p>\n\n\n\n<p>Un a\u00f1o m\u00e1s m\u00e1s,&nbsp;se podr\u00e1 disfrutar de un evento deportivo que ensalza el patrimonio natural y cultural de la Comunidad, as\u00ed como un conjunto de actividades paralelas al propio Open. En esta ocasi\u00f3n, el lema del torneo es &#8216;Tenis Patrimonio de la Humanidad&#8217;, un homenaje tanto a la historia del Open Castilla y Le\u00f3n Villa de El Espinar, como a la extraordinaria riqueza cultural e hist\u00f3rica de la provincia de Segovia.&nbsp;<\/p>\n","protected":false},"excerpt":{"rendered":"<p>La Junta colabora econ\u00f3micamente en la organizaci\u00f3n de este afamado tornero, que en esta edici\u00f3n lleva por lema &#8216;Tenis Patrimonio de la Humanidad&#8217;, un homenaje tanto a la historia del Open Castilla y Le\u00f3n Villa de El Espinar, como a la extraordinaria riqueza cultural e hist\u00f3rica de la provincia de Segovia. El director general de [&hellip;]<\/p>\n","protected":false},"author":1,"featured_media":1880,"comment_status":"open","ping_status":"closed","sticky":false,"template":"","format":"standard","meta":{"_monsterinsights_skip_tracking":false,"_monsterinsights_sitenote_active":false,"_monsterinsights_sitenote_note":"","_monsterinsights_sitenote_category":0,"site-container-style":"default","site-container-layout":"default","site-sidebar-layout":"default","disable-article-header":"default","disable-site-header":"default","disable-site-footer":"default","disable-content-area-spacing":"default","_jetpack_memberships_contains_paid_content":false,"footnotes":"","jetpack_publicize_message":"","jetpack_publicize_feature_enabled":true,"jetpack_social_post_already_shared":false,"jetpack_social_options":{"image_generator_settings":{"template":"highway","default_image_id":0,"font":"","enabled":false},"version":2}},"categories":[10],"tags":[],"class_list":["post-1879","post","type-post","status-publish","format-standard","has-post-thumbnail","hentry","category-castilla-y-leon"],"jetpack_publicize_connections":[],"jetpack_featured_media_url":"https:\/\/987aldia.com\/web\/wp-content\/uploads\/2023\/07\/foto-primer-pelota-tenis-que-golpea-red-concepto-deporte.jpg","jetpack_sharing_enabled":true,"_links":{"self":[{"href":"https:\/\/987aldia.com\/web\/wp-json\/wp\/v2\/posts\/1879","targetHints":{"allow":["GET"]}}],"collection":[{"href":"https:\/\/987aldia.com\/web\/wp-json\/wp\/v2\/posts"}],"about":[{"href":"https:\/\/987aldia.com\/web\/wp-json\/wp\/v2\/types\/post"}],"author":[{"embeddable":true,"href":"https:\/\/987aldia.com\/web\/wp-json\/wp\/v2\/users\/1"}],"replies":[{"embeddable":true,"href":"https:\/\/987aldia.com\/web\/wp-json\/wp\/v2\/comments?post=1879"}],"version-history":[{"count":1,"href":"https:\/\/987aldia.com\/web\/wp-json\/wp\/v2\/posts\/1879\/revisions"}],"predecessor-version":[{"id":1881,"href":"https:\/\/987aldia.com\/web\/wp-json\/wp\/v2\/posts\/1879\/revisions\/1881"}],"wp:featuredmedia":[{"embeddable":true,"href":"https:\/\/987aldia.com\/web\/wp-json\/wp\/v2\/media\/1880"}],"wp:attachment":[{"href":"https:\/\/987aldia.com\/web\/wp-json\/wp\/v2\/media?parent=1879"}],"wp:term":[{"taxonomy":"category","embeddable":true,"href":"https:\/\/987aldia.com\/web\/wp-json\/wp\/v2\/categories?post=1879"},{"taxonomy":"post_tag","embeddable":true,"href":"https:\/\/987aldia.com\/web\/wp-json\/wp\/v2\/tags?post=1879"}],"curies":[{"name":"wp","href":"https:\/\/api.w.org\/{rel}","templated":true}]}}