{"id":1882,"date":"2023-07-12T12:23:26","date_gmt":"2023-07-12T12:23:26","guid":{"rendered":"https:\/\/987aldia.com\/web\/?p=1882"},"modified":"2023-07-12T12:23:26","modified_gmt":"2023-07-12T12:23:26","slug":"industria-comercio-y-empleo-convoca-ayudas-por-valor-de-900-000-euros-para-el-apoyo-a-los-centros-especiales-de-empleo-y-fomentar-la-contratacion-de-personas-con-discapacidad","status":"publish","type":"post","link":"https:\/\/987aldia.com\/web\/industria-comercio-y-empleo-convoca-ayudas-por-valor-de-900-000-euros-para-el-apoyo-a-los-centros-especiales-de-empleo-y-fomentar-la-contratacion-de-personas-con-discapacidad\/","title":{"rendered":"Industria, Comercio y Empleo convoca ayudas por valor de 900.000 euros para el apoyo a los Centros Especiales de Empleo y fomentar la contrataci\u00f3n de personas con discapacidad"},"content":{"rendered":"\n<ul class=\"wp-block-list\">\n<li>La Junta financia con 661.500 euros los costes salariales de trabajadores con discapacidad en los Centros Especiales de Empleo<\/li>\n\n\n\n<li>Para mejorar la empleabilidad y ocupabilidad de personas con discapacidad en el mercado ordinario se convocan 223.000 euros para la contrataci\u00f3n de personal de apoyo<\/li>\n\n\n\n<li>La convocatoria de ayuda para financiar el apoyo a los trabajadores con discapacidad en empresas del mercado ordinario es de 25.000 euros<\/li>\n<\/ul>\n\n\n\n<p>Desde la Consejer\u00eda de Industria, Comercio y Empleo se quiere mejorar la inserci\u00f3n en el mercado laboral de todos los castellanos y leoneses, haciendo hincapi\u00e9 en la integraci\u00f3n de las personas con discapacidad.<\/p>\n\n\n\n<p>Hoy se convocan tres ayudas destinadas a la inserci\u00f3n laboral de personas con discapacidad tanto en Centros Especiales de Empleo como en el mercado ordinario. Cabe se\u00f1alar que las personas con discapacidad en edad laboral suponen un 6,3 % sobre la poblaci\u00f3n nacional. Sin embargo, su contrataci\u00f3n representa solo el 1,6&nbsp;%. En este sentido, hay que destacar que Castilla y Le\u00f3n cuenta con una de las mayores tasas de contrataci\u00f3n de personas con discapacidad situ\u00e1ndose 1,8 puntos por encima de la media estatal.<\/p>\n\n\n\n<p>Por este motivo, desde la Consejer\u00eda de Industria, Comercio y Empleo se trabaja para fomentar la inserci\u00f3n en el mercado laboral de dicha poblaci\u00f3n. Adem\u00e1s, se trata de fomentar el transito de estos contratos de mercado protegido a mercado ordinario.<\/p>\n\n\n\n<p><strong>Centros especiales de empleo<\/strong><\/p>\n\n\n\n<p>Desde el departamento que dirige Veganzones se ha puesto en marcha una convocatoria dotada con 661.500 euros&nbsp;-ampliables- que prev\u00e9 subvencionar los costes salariales de m\u00e1s de 775 trabajadores con discapacidad en m\u00e1s de 120 Centros Especiales de Empleo.<\/p>\n\n\n\n<p>Actualmente, en Castilla y Le\u00f3n hay registrados 257 entidades con 348 centros especiales de empleo que dan trabajo a 6.120 personas con discapacidad, casi un 88 % del total de los trabajadores.<\/p>\n\n\n\n<p>De los trabajadores con discapacidad de los centros especiales de empleo, 3.011 podr\u00edan calificarse como de trabajadores con discapacidad con especiales dificultades de empleabilidad, un 49 % del total.<\/p>\n\n\n\n<p>Conscientes de dicha realidad, y de la importante labor que en este sentido desempe\u00f1an los centros especiales de empleo, la Consejer\u00eda de Industria Comercio y Empleo est\u00e1 firmemente comprometida a apoyar con fondos propios el mantenimiento del empleo de dicho colectivo, por ser acreedor de mayor protecci\u00f3n.<\/p>\n\n\n\n<p>Los plazos para presentar las solicitudes son:<\/p>\n\n\n\n<ul class=\"wp-block-list\">\n<li>Las solicitudes para las subvenciones de costes salariales correspondientes al primer per\u00edodo subvencionable que comprende desde el 1 de diciembre de 2022 a 31 de mayo de 2023 podr\u00e1n presentarse desde la fecha de producci\u00f3n de efectos de la orden hasta el 11 de agosto de 2023.<\/li>\n\n\n\n<li>Las solicitudes para las subvenciones de costes salariales correspondientes al segundo per\u00edodo subvencionable que comprende desde el 1 de junio de 2023 al 30 de septiembre de 2023 podr\u00e1n presentarse del 2 al 31 de octubre de 2023.<\/li>\n\n\n\n<li>Las solicitudes correspondientes al tercer per\u00edodo subvencionable que comprende desde el 1 de octubre de 2023 al 30 de noviembre de 2023 podr\u00e1n presentarse del 1 al 15 de diciembre de 2023.<\/li>\n<\/ul>\n\n\n\n<p><strong>Fomento de la contrataci\u00f3n indefinida<\/strong><\/p>\n\n\n\n<p>Esta convocatoria cuenta con un presupuesto inicial de 223.442 euros. La subvenci\u00f3n incluye tres programas: fomento de la contrataci\u00f3n indefinida y transformaci\u00f3n en indefinidos de contratos de personas trabajadoras con discapacidad, fomento de la adaptaci\u00f3n del puesto de trabajo o dotaci\u00f3n de medios de protecci\u00f3n personal y el fomento del tr\u00e1nsito del empleo protegido de los enclaves laborales al mercado de trabajo ordinario.<\/p>\n\n\n\n<p>Podr\u00e1n solicitarla las empresas y entidades sin \u00e1nimo de lucro que incorporen este tipo de trabajadores, las empresas colaboradoras que incorporen trabajadores de los enclaves laborales regulados en el Real Decreto 290\/2004 y las Cooperativas de Trabajo que incluyan como socios a personas trabajadoras con discapacidad.<\/p>\n\n\n\n<p>Las cuant\u00edas de las ayudas podr\u00e1n llegar a 3.907 euros por contrato celebrado, las adaptaciones de los puestos de trabajo ser\u00e1n por m\u00e1ximo de 901.52 euros y el fomento del tr\u00e1nsito podr\u00e1 ser de hasta 7.814 euros.<\/p>\n\n\n\n<p>El plazo de solicitud para esta convocatoria ser\u00e1 hasta el 6 de octubre de 2023.<\/p>\n\n\n\n<p><strong>Financiaci\u00f3n del personal que presta apoyo<\/strong><\/p>\n\n\n\n<p>Por otro lado, tambi\u00e9n se ha convocado hoy el programa para financiar los costes laborales y de Seguridad social a Fundaciones, Asociaciones y Entidades sin \u00e1nimo de lucro que presenten apoyo a personas con discapacidad contratadas por empresas del mercado ordinario de trabajo.<\/p>\n\n\n\n<p>Esta convocatoria cuenta con un presupuesto de 25.000 euros y los destinatarios finales de estas subvenciones son personas con discapacidad que, por su tipolog\u00eda y grado, tienen m\u00e1s dif\u00edcil su inserci\u00f3n laboral, o en el caso de tener ya un empleo, afrontan la dificultad de mantener su puesto de trabajo. Por ello, se hace necesario el apoyo a estas personas a trav\u00e9s de profesionales de entidades especializadas en la creaci\u00f3n de empleo y en la inserci\u00f3n, y que, adem\u00e1s dicho apoyo se realice tanto en sus fases previas a la incorporaci\u00f3n o al inicio de la relaci\u00f3n laboral, como durante su vida laboral en la empresa.<\/p>\n\n\n\n<p>El plazo de solicitud para esta convocatoria ser\u00e1 hasta el 16 de octubre de 2023.<\/p>\n","protected":false},"excerpt":{"rendered":"<p>Desde la Consejer\u00eda de Industria, Comercio y Empleo se quiere mejorar la inserci\u00f3n en el mercado laboral de todos los castellanos y leoneses, haciendo hincapi\u00e9 en la integraci\u00f3n de las personas con discapacidad. Hoy se convocan tres ayudas destinadas a la inserci\u00f3n laboral de personas con discapacidad tanto en Centros Especiales de Empleo como en [&hellip;]<\/p>\n","protected":false},"author":1,"featured_media":1883,"comment_status":"open","ping_status":"closed","sticky":false,"template":"","format":"standard","meta":{"_monsterinsights_skip_tracking":false,"_monsterinsights_sitenote_active":false,"_monsterinsights_sitenote_note":"","_monsterinsights_sitenote_category":0,"site-container-style":"default","site-container-layout":"default","site-sidebar-layout":"default","disable-article-header":"default","disable-site-header":"default","disable-site-footer":"default","disable-content-area-spacing":"default","_jetpack_memberships_contains_paid_content":false,"footnotes":"","jetpack_publicize_message":"","jetpack_publicize_feature_enabled":true,"jetpack_social_post_already_shared":false,"jetpack_social_options":{"image_generator_settings":{"template":"highway","default_image_id":0,"font":"","enabled":false},"version":2}},"categories":[10],"tags":[],"class_list":["post-1882","post","type-post","status-publish","format-standard","has-post-thumbnail","hentry","category-castilla-y-leon"],"jetpack_publicize_connections":[],"jetpack_featured_media_url":"https:\/\/987aldia.com\/web\/wp-content\/uploads\/2023\/07\/rueda-movil-mano-primer-plano.jpg","jetpack_sharing_enabled":true,"_links":{"self":[{"href":"https:\/\/987aldia.com\/web\/wp-json\/wp\/v2\/posts\/1882","targetHints":{"allow":["GET"]}}],"collection":[{"href":"https:\/\/987aldia.com\/web\/wp-json\/wp\/v2\/posts"}],"about":[{"href":"https:\/\/987aldia.com\/web\/wp-json\/wp\/v2\/types\/post"}],"author":[{"embeddable":true,"href":"https:\/\/987aldia.com\/web\/wp-json\/wp\/v2\/users\/1"}],"replies":[{"embeddable":true,"href":"https:\/\/987aldia.com\/web\/wp-json\/wp\/v2\/comments?post=1882"}],"version-history":[{"count":1,"href":"https:\/\/987aldia.com\/web\/wp-json\/wp\/v2\/posts\/1882\/revisions"}],"predecessor-version":[{"id":1884,"href":"https:\/\/987aldia.com\/web\/wp-json\/wp\/v2\/posts\/1882\/revisions\/1884"}],"wp:featuredmedia":[{"embeddable":true,"href":"https:\/\/987aldia.com\/web\/wp-json\/wp\/v2\/media\/1883"}],"wp:attachment":[{"href":"https:\/\/987aldia.com\/web\/wp-json\/wp\/v2\/media?parent=1882"}],"wp:term":[{"taxonomy":"category","embeddable":true,"href":"https:\/\/987aldia.com\/web\/wp-json\/wp\/v2\/categories?post=1882"},{"taxonomy":"post_tag","embeddable":true,"href":"https:\/\/987aldia.com\/web\/wp-json\/wp\/v2\/tags?post=1882"}],"curies":[{"name":"wp","href":"https:\/\/api.w.org\/{rel}","templated":true}]}}