{"id":1885,"date":"2023-07-12T12:25:22","date_gmt":"2023-07-12T12:25:22","guid":{"rendered":"https:\/\/987aldia.com\/web\/?p=1885"},"modified":"2023-07-12T12:25:23","modified_gmt":"2023-07-12T12:25:23","slug":"la-junta-de-castilla-y-leon-y-la-diputacion-de-zamora-refuerzan-su-colaboracion-en-el-ambito-de-los-cuidados-a-traves-del-trabajo-conjunto-y-la-puesta-en-marcha-de-nuevos-proyectos","status":"publish","type":"post","link":"https:\/\/987aldia.com\/web\/la-junta-de-castilla-y-leon-y-la-diputacion-de-zamora-refuerzan-su-colaboracion-en-el-ambito-de-los-cuidados-a-traves-del-trabajo-conjunto-y-la-puesta-en-marcha-de-nuevos-proyectos\/","title":{"rendered":"La Junta de Castilla y Le\u00f3n y la Diputaci\u00f3n de Zamora refuerzan su colaboraci\u00f3n en el \u00e1mbito de los cuidados a trav\u00e9s del trabajo conjunto y la puesta en marcha de nuevos proyectos"},"content":{"rendered":"\n<h2 class=\"wp-block-heading\"><strong>En una reuni\u00f3n mantenida entre la consejera de Familia y el presidente de la Instituci\u00f3n provincial se ha acordado incorporar los proyectos piloto de la \u2018Silver\u2019 en Zamora a la estrategia de la Atenci\u00f3n a la Dependencia 5.0 que est\u00e1 desarrollando la Junta de Castilla y Le\u00f3n en toda la Comunidad<\/strong>.<\/h2>\n\n\n\n<p>Las administraciones p\u00fablicas deben seguir apostando por el desarrollo y la implementaci\u00f3n de nuevas tecnolog\u00edas en el \u00e1mbito de la atenci\u00f3n y los cuidados a las personas mayores en un marco de colaboraci\u00f3n. En este sentido, la coordinaci\u00f3n y el trabajo conjunto en los proyectos piloto de la \u2018Silver\u2019 puestos en marcha por la Diputaci\u00f3n de Zamora es uno de los temas que han tratado la consejera de Familia e Igualdad de Oportunidades, Isabel Blanco, y el presidente de la Diputaci\u00f3n de Zamora, Javier Fa\u00fandez, en la reuni\u00f3n que han mantenido esta ma\u00f1ana.<\/p>\n\n\n\n<p>La titular de Familia ha subrayado la importancia de tener la mejor atenci\u00f3n para los mayores para lo que es necesario aprovechar las oportunidades de desarrollo, emprendimiento y generaci\u00f3n de empleo que este \u00e1mbito ofrece, especialmente en el mundo rural, lo que el Gobierno auton\u00f3mico demuestra con su apuesta estrat\u00e9gica por la innovaci\u00f3n en lo social, con iniciativas como la Atenci\u00f3n a la Dependencia 5.0, un sistema que la Junta est\u00e1 desarrollando para renovar, modernizar e innovar en el sector de los cuidados de larga duraci\u00f3n a las personas.<\/p>\n\n\n\n<p><strong>Incorporaci\u00f3n de los proyectos piloto de la Diputaci\u00f3n al modelo auton\u00f3mico de Atenci\u00f3n a la Dependencia 5.0<\/strong><\/p>\n\n\n\n<p>El modelo que est\u00e1 implantando la Junta de Castilla y Le\u00f3n pone las nuevas tecnolog\u00edas, la domotizaci\u00f3n y la rob\u00f3tica al servicio de las personas, centrado en sus necesidades y adaptado a la realidad social de la Comunidad, es decir, est\u00e1 pensado especialmente en quienes viven en entornos rurales porque, adem\u00e1s, contribuye a fijar y atraer poblaci\u00f3n a los entornos rurales, creando empleo directo en estas zonas.<\/p>\n\n\n\n<p>La coordinaci\u00f3n y el trabajo conjunto entre la Consejer\u00eda de Familia e Igualdad de Oportunidades y la Diputaci\u00f3n de Zamora permitir\u00e1 incorporar los proyectos piloto en el \u00e1mbito de los cuidados de la Instituci\u00f3n provincial en el modelo de auton\u00f3mico de Atenci\u00f3n a la Dependencia 5.0.<\/p>\n\n\n\n<p>Por su parte, la Diputaci\u00f3n de Zamora, en el desarrollo de la \u2018Silver Economy\u2019, puso en marcha dos proyectos piloto: los cuidadores Silver y la aplicaci\u00f3n de la tecnolog\u00eda en el hogar. Ambas iniciativas tienen su reflejo en el modelo de Atenci\u00f3n a la Dependencia 5.0 de la Junta de Castilla y Le\u00f3n. En el caso de los cuidadores, la figura se asimila a la del asistente personal del Gobierno auton\u00f3mico -hay 2162 en toda la Comunidad- unida a las ventajas que ofrece la Teleasistencia Avanzada, lo que exime a los ayuntamientos de asumir el gasto de la contrataci\u00f3n de personal porque la Junta pone a disposici\u00f3n de los usuarios el seguimiento que ofrecen los citados cuidadores.<\/p>\n\n\n\n<p>Por otro lado, el modelo de \u2018Atenci\u00f3n en Red\u2019 incluye programas como \u2018A gusto en casa\u2019 que presta a sus usuarios -personas mayores, con discapacidad o dependientes- una atenci\u00f3n integral, especialmente en el \u00e1mbito rural, junto con la Teleasistencia Avanzada, un sistema que dota los hogares de equipamientos tecnol\u00f3gicos que permiten el seguimiento y la monitorizaci\u00f3n de los usuarios. Zamora es una de las provincias con mayor implantaci\u00f3n y desarrollo en estas iniciativas. En concreto, \u2018A gusto en casa\u2019 ha atendido a cerca de 1600 personas en Castilla y Le\u00f3n, siendo Zamora la provincia con mayor n\u00famero de casos (480), repartidos en 143 municipios. En cuanto a los usuarios de Teleasistencia Avanzada, ascienden a m\u00e1s de 2000 en toda la provincia.<\/p>\n\n\n\n<p>Las actuaciones de la Junta en ese \u00e1mbito, por tanto, brindan un cuidado integral que ofrece muchas m\u00e1s prestaciones, m\u00e1s intensidad en los apoyos y mayores avances tecnol\u00f3gicos sin suponer m\u00e1s gasto a las entidades locales.<\/p>\n\n\n\n<p>En la \u2018Atenci\u00f3n a la Dependencia 5.0\u2019 tambi\u00e9n se incluyen otros programas como \u2018Viviendas en red\u2019 para facilitar que las personas puedan acceder a viviendas en el \u00e1mbito rural cuando carecen de ella o, teni\u00e9ndola, no re\u00fane las condiciones para ser atendidos. Para este proyecto, actualmente, se est\u00e1n rehabilitando 31 hogares en Castilla y Le\u00f3n, dos de ellos en las localidades zamoranas de Fariza y Fermoselle.<\/p>\n\n\n\n<p>Por su parte, \u2018INTEcum\u2019 ofrece todos los cuidados y apoyos necesarios en su propio hogar a las personas afectadas por una enfermedad en fase avanzada y\/o terminal.<\/p>\n\n\n\n<p>Otras actuaciones de la Junta en este sentido son la plataforma sociosanitaria de intercambio de informaci\u00f3n entre Sanidad y Servicios Sociales o la inversi\u00f3n en investigaci\u00f3n para el desarrollo de robots especializados en cuidados de mayores y de estaciones de telemedicina avanzada en centros residenciales.<\/p>\n\n\n\n<p>La titular de Familia ha explicado que, a trav\u00e9s de la apuesta estrat\u00e9gica por la innovaci\u00f3n social desarrollada por el modelo de \u2018Atenci\u00f3n a la Dependencia 5.0\u2019, se estima una creaci\u00f3n de 64 empleos por cada 100 personas atendidas \u221260 en asistencia personal y 4 t\u00e9cnicos\u2212, m\u00e1s otros 12 puestos de trabajo para centros especiales de empleo relacionados con los cuidados de proximidad.<\/p>\n\n\n\n<p><strong>Centro de innovaci\u00f3n social en Zamora<\/strong><\/p>\n\n\n\n<p>Otra de las acciones que la Junta de Castilla y Le\u00f3n est\u00e1 desarrollando en relaci\u00f3n al \u00e1mbito de los cuidados de los mayores en la provincia zamorana est\u00e1 relacionada con la creaci\u00f3n del denominado \u2018Hub Innovaci\u00f3n Cuidados\u2019, un centro de innovaci\u00f3n social con sede en Zamora para impulsar proyectos tecnol\u00f3gicos e innovadores en todos los sectores productivos cuyo objetivo \u00faltimo ser\u00e1 la mejora de la calidad de vida de las personas de Castilla y Le\u00f3n y que se inici\u00f3 con la celebraci\u00f3n este a\u00f1o de la I Feria Internacional de Innovaci\u00f3n y Tecnolog\u00eda al Servicio de los Cuidados (Fitecu) en Villardeciervos.<\/p>\n\n\n\n<p>Es el Cluster SIVI el encargado de su desarrollo, el cual apoya la Consejer\u00eda de Familia e Igualdad de Oportunidades. A trav\u00e9s del trabajo conjunto, se elaborar\u00e1n proyectos estrat\u00e9gicos de base tecnol\u00f3gica orientado a los cuidados y se fomentar\u00e1 la creaci\u00f3n de empresas a trav\u00e9s de un semillero de startups para que el \u00e1mbito social se transforme en un polo de emprendimiento y atracci\u00f3n del talento regional. Pero tambi\u00e9n se organizar\u00e1n eventos de intercambio de ideas y demostraciones de utilidad, as\u00ed como la creaci\u00f3n de una plataforma virtual para el trabajo en red.<\/p>\n\n\n\n<p>Administraciones p\u00fablicas, empresas, universidades y poblaci\u00f3n en general comparten principios y objetivos para generar sinergias e interacciones en servicios sociales, a trav\u00e9s de las cuales trabajan en el desarrollo tecnol\u00f3gico, la rob\u00f3tica ambiental y social, la dom\u00f3tica o la rehabilitaci\u00f3n a distancia. Todo ello con un fin: la confortabilidad de los ciudadanos castellanos y leoneses, especialmente las personas mayores. Este centro, en constante transformaci\u00f3n, debe gestionar eficazmente el conocimiento y adaptarse a las \u00faltimas tendencias t\u00e9cnicas, para orientar su actividad hacia una nueva econom\u00eda basada en la digitalizaci\u00f3n, la informaci\u00f3n y la inteligencia artificial.<\/p>\n\n\n\n<p><strong>Acuerdo Marco con la Diputaci\u00f3n<\/strong><\/p>\n\n\n\n<p>La colaboraci\u00f3n directa entre instituciones p\u00fablicas, adem\u00e1s, es fundamental para hacer llegar los recursos y servicios a todos los rincones de la Comunidad. En ese sentido, el Acuerdo Marco entre la Consejer\u00eda de Familia e Igualdad de Oportunidades y la Diputaci\u00f3n de Zamora, que finaliza este a\u00f1o, es una de esas herramientas esenciales en el \u00e1mbito de los Servicios Sociales.<\/p>\n\n\n\n<p>El correspondiente a 2020-2023 ha supuesto una financiaci\u00f3n por parte de la Junta de Castilla y Le\u00f3n de 32.503.484 euros, un 44 % m\u00e1s de la cuant\u00eda inicial presupuestada y que est\u00e1 dirigida a la prestaci\u00f3n de servicios a los colectivos que lo precisen, necesidades ordinarias y crecientes que obligan a la actualizaci\u00f3n de las cantidades fijadas.<\/p>\n\n\n\n<p>En este sentido, el servicio de Ayuda a Domicilio sufragado por la Administraci\u00f3n auton\u00f3mica asciende a 20.044.630 euros, que supuso un 37,5 % m\u00e1s que la cantidad desde la que se part\u00eda. Pero tambi\u00e9n se financia buena parte de los Centros de Acci\u00f3n Social \u2212CEAS\u2212. En el caso de Zamora, 60 profesionales y equipos multidisciplinares, que tambi\u00e9n han precisado de un incremento en cuanto a recursos personales.<\/p>\n","protected":false},"excerpt":{"rendered":"<p>En una reuni\u00f3n mantenida entre la consejera de Familia y el presidente de la Instituci\u00f3n provincial se ha acordado incorporar los proyectos piloto de la \u2018Silver\u2019 en Zamora a la estrategia de la Atenci\u00f3n a la Dependencia 5.0 que est\u00e1 desarrollando la Junta de Castilla y Le\u00f3n en toda la Comunidad. Las administraciones p\u00fablicas deben [&hellip;]<\/p>\n","protected":false},"author":1,"featured_media":1886,"comment_status":"open","ping_status":"closed","sticky":false,"template":"","format":"standard","meta":{"_monsterinsights_skip_tracking":false,"_monsterinsights_sitenote_active":false,"_monsterinsights_sitenote_note":"","_monsterinsights_sitenote_category":0,"site-container-style":"default","site-container-layout":"default","site-sidebar-layout":"default","disable-article-header":"default","disable-site-header":"default","disable-site-footer":"default","disable-content-area-spacing":"default","_jetpack_memberships_contains_paid_content":false,"footnotes":"","jetpack_publicize_message":"","jetpack_publicize_feature_enabled":true,"jetpack_social_post_already_shared":false,"jetpack_social_options":{"image_generator_settings":{"template":"highway","default_image_id":0,"font":"","enabled":false},"version":2}},"categories":[10],"tags":[],"class_list":["post-1885","post","type-post","status-publish","format-standard","has-post-thumbnail","hentry","category-castilla-y-leon"],"jetpack_publicize_connections":[],"jetpack_featured_media_url":"https:\/\/987aldia.com\/web\/wp-content\/uploads\/2023\/07\/20230712REUNIONDIPUTACIONZAMORA05.jpg","jetpack_sharing_enabled":true,"_links":{"self":[{"href":"https:\/\/987aldia.com\/web\/wp-json\/wp\/v2\/posts\/1885","targetHints":{"allow":["GET"]}}],"collection":[{"href":"https:\/\/987aldia.com\/web\/wp-json\/wp\/v2\/posts"}],"about":[{"href":"https:\/\/987aldia.com\/web\/wp-json\/wp\/v2\/types\/post"}],"author":[{"embeddable":true,"href":"https:\/\/987aldia.com\/web\/wp-json\/wp\/v2\/users\/1"}],"replies":[{"embeddable":true,"href":"https:\/\/987aldia.com\/web\/wp-json\/wp\/v2\/comments?post=1885"}],"version-history":[{"count":1,"href":"https:\/\/987aldia.com\/web\/wp-json\/wp\/v2\/posts\/1885\/revisions"}],"predecessor-version":[{"id":1887,"href":"https:\/\/987aldia.com\/web\/wp-json\/wp\/v2\/posts\/1885\/revisions\/1887"}],"wp:featuredmedia":[{"embeddable":true,"href":"https:\/\/987aldia.com\/web\/wp-json\/wp\/v2\/media\/1886"}],"wp:attachment":[{"href":"https:\/\/987aldia.com\/web\/wp-json\/wp\/v2\/media?parent=1885"}],"wp:term":[{"taxonomy":"category","embeddable":true,"href":"https:\/\/987aldia.com\/web\/wp-json\/wp\/v2\/categories?post=1885"},{"taxonomy":"post_tag","embeddable":true,"href":"https:\/\/987aldia.com\/web\/wp-json\/wp\/v2\/tags?post=1885"}],"curies":[{"name":"wp","href":"https:\/\/api.w.org\/{rel}","templated":true}]}}