{"id":1888,"date":"2023-07-12T12:26:58","date_gmt":"2023-07-12T12:26:58","guid":{"rendered":"https:\/\/987aldia.com\/web\/?p=1888"},"modified":"2023-07-12T12:26:58","modified_gmt":"2023-07-12T12:26:58","slug":"la-cosecha-de-cereal-se-reduce-en-castilla-y-leon-a-324-millones-de-toneladas-lo-que-supone-un-descenso-del-37-respecto-a-la-anterior-campana","status":"publish","type":"post","link":"https:\/\/987aldia.com\/web\/la-cosecha-de-cereal-se-reduce-en-castilla-y-leon-a-324-millones-de-toneladas-lo-que-supone-un-descenso-del-37-respecto-a-la-anterior-campana\/","title":{"rendered":"La cosecha de cereal se reduce en Castilla y Le\u00f3n a 3,24 millones de toneladas, lo que supone un descenso del 37 % respecto a la anterior campa\u00f1a"},"content":{"rendered":"\n<ul class=\"wp-block-list\">\n<li>Esta reducci\u00f3n es similar a la sufrida en toda Espa\u00f1a, donde apenas se recoger\u00e1n 8,3 millones de toneladas, de las que la Comunidad aportar\u00e1 el 40 %, un peso similar al de un a\u00f1o normal<\/li>\n\n\n\n<li>La campa\u00f1a muestra una significativa disminuci\u00f3n de la superficie cultivada de cereal de invierno, que asciende a 1,64 millones de hect\u00e1reas, un 10 % inferior a la de la campa\u00f1a pasada y un 12 % por debajo de la superficie media de los \u00faltimos cinco a\u00f1os<\/li>\n\n\n\n<li>La Comunidad, afectada en casi su totalidad por la sequ\u00eda, est\u00e1 ante la segunda peor cosecha de este siglo, solo superada por la de 2017, cuya producci\u00f3n fue \u00fanicamente de 2,7 millones de toneladas<\/li>\n<\/ul>\n\n\n\n<p>El consejero de Agricultura, Ganader\u00eda y Desarrollo Rural, Gerardo Due\u00f1as, ha dado a conocer esta ma\u00f1ana en Calzada de Coto (Le\u00f3n) los datos de la cosecha de cereales de invierno de 2023.<\/p>\n\n\n\n<p>Esta campa\u00f1a se ha caracterizado por la extrema sequ\u00eda y los inusuales episodios de altas temperaturas, condiciones que han lastrado la excelente sementera y el buen estado del desarrollo del cultivo que se presentaba previo a la entrada de la primavera.<\/p>\n\n\n\n<p>As\u00ed, el mes de marzo fue c\u00e1lido y seco, pero le sigui\u00f3 un mes de abril -fundamental para el desarrollo del cereal- extremadamente seco, con un d\u00e9ficit h\u00eddrico del 80 % y muy c\u00e1lido, lo que afect\u00f3 negativamente al desarrollo del cultivo. La ausencia de lluvias ha continuado en mayo, con un d\u00e9ficit de un 26 % respecto a un a\u00f1o normal, y las lluvias aparecieron en los \u00faltimos d\u00edas del mes, en algunos casos en forma de tormentas y con granizo en determinadas zonas. Junio ha sido muy h\u00famedo, con precipitaciones un 121 % superiores a la media, pero las lluvias han llegado tarde para el cereal de invierno, aunque s\u00ed han beneficiado a los cultivos de primavera.<\/p>\n\n\n\n<p>Estas inclemencias meteorol\u00f3gicas han provocado que la producci\u00f3n estimada alcance los 3,24 millones de toneladas, lo que supone una reducci\u00f3n del 52 % respecto a la media de los \u00faltimos cinco a\u00f1os (6,7 millones de toneladas) y que sea un 37 % inferior a la de la campa\u00f1a pasada, que, sin ser buena, alcanz\u00f3 los 5,2 millones de toneladas. Estos datos muestran que la Comunidad est\u00e1 ante la segunda peor cosecha de este siglo, solo superada por la de 2017, cuya producci\u00f3n fue \u00fanicamente de 2,7 millones de toneladas.<\/p>\n\n\n\n<p>Adem\u00e1s, como muestra tambi\u00e9n del efecto de la sequ\u00eda generalizada en esta campa\u00f1a es ilustrativo valorar la afecci\u00f3n en una comarca cerealista caracterizada por sus altos rendimientos como es la Bureba, en Burgos. Es significativo observar c\u00f3mo su producci\u00f3n, que se estima en 200.000 toneladas, se ha visto reducida en un 46 % respecto a la media de los cinco \u00faltimos a\u00f1os.<\/p>\n\n\n\n<p>El descenso en Castilla y Le\u00f3n es similar al sufrido en toda Espa\u00f1a, donde apenas se recoger\u00e1n 8,3 millones de toneladas, de las que Castilla y Le\u00f3n aportar\u00e1 en torno al 40 %, un peso similar al de un a\u00f1o normal.<\/p>\n\n\n\n<p>Adem\u00e1s, esta mala campa\u00f1a se ha visto tambi\u00e9n afectada por el alto precio de los insumos que han tenido que afrontar los agricultores. Tomando como referencia el comienzo de esta campa\u00f1a con la pasada, los abonos de sementera han aumentado un 70 % y el gas\u00f3leo un 50 % respecto a la pasada.<\/p>\n\n\n\n<p>Como respuesta a estas condiciones excepcionales, la Junta de Castilla y Le\u00f3n ha adoptado el Acuerdo por el que se declara en Castilla y Le\u00f3n la campa\u00f1a agr\u00edcola 2022-2023 como excepcional, debido a los efectos producidos por los fen\u00f3menos meteorol\u00f3gicos adversos acaecidos, y se declara la urgencia en la adopci\u00f3n de las medidas de apoyo al sector agrario. Se trata de un paquete de medidas destinadas a paliar la bajada de rentabilidad de las explotaciones, dirigidas por ello a mejorar la liquidez de los agricultores y ganaderos y a aumentar la disponibilidad de agua en las explotaciones ganaderas.<\/p>\n\n\n\n<p><strong>Cultivos y producciones<\/strong><\/p>\n\n\n\n<p>La campa\u00f1a muestra una significativa disminuci\u00f3n de la superficie cultivada de cereal de invierno, que asciende a 1,64 millones de hect\u00e1reas, un 10 % inferior a la cultivada la campa\u00f1a pasada y un 12 % por debajo de la superficie media de los \u00faltimos cinco a\u00f1os. En esta superficie ya est\u00e1 descontada la superficie media que se siega para forraje, unas 111.000 hect\u00e1reas, principalmente realizada en las provincias de Salamanca y Zamora.<\/p>\n\n\n\n<p>Esta bajada de superficie obedece a dos razones: por un lado, al aumento de la superficie de cereal segada en verde para consumo como forraje respecto a lo que se destina en un a\u00f1o normal debido a la sequ\u00eda, y, por otro, a la necesidad de incluir cultivos mejorantes en la rotaci\u00f3n de cultivos de la explotaci\u00f3n con el fin de cumplir los requisitos de la nueva PAC y los ecoreg\u00edmenes, lo que ha supuesto una disminuci\u00f3n de la superficie de cereales en favor de otros cultivos mejorantes como leguminosas o girasol.<\/p>\n\n\n\n<p>Respecto a la superficie por los cultivos, otro a\u00f1o m\u00e1s, es el trigo el cereal m\u00e1s sembrado con 762.000 hect\u00e1reas y una producci\u00f3n estimada de 1,64 millones de toneladas, seguido de la cebada, con 704.000 hect\u00e1reas y una producci\u00f3n de 1,34 millones de toneladas. Al centeno se dedican 59.000 hect\u00e1reas, 83.000 hect\u00e1reas a la avena y 30.000 al triticale, cultivos que, en conjunto, alcanzan una producci\u00f3n de 262.000 toneladas.<\/p>\n\n\n\n<p><strong>Rendimientos<\/strong><\/p>\n\n\n\n<p>Las adversas condiciones meteorol\u00f3gicas, principalmente la sequ\u00eda, han provocado una disminuci\u00f3n dr\u00e1stica de los rendimientos, que alcanzan los 1.980 kilogramos por hect\u00e1rea de media, lo que supone una disminuci\u00f3n de un 30 % respecto a la campa\u00f1a pasada y un 45 % respecto a la media de los cinco \u00faltimos a\u00f1os. Los rendimientos medios de trigo blando ascienden a 2.150 kilogramos por hect\u00e1rea y los de cebada a 1.900 kilogramos por hect\u00e1rea.<\/p>\n\n\n\n<p>\u00c1vila, con un rendimiento medio que apenas alcanza los 1.000 kilogramos por hect\u00e1rea (951 kilogramos por hect\u00e1rea) es la provincia que presenta la mayor disminuci\u00f3n, un 53 % respecto a la campa\u00f1a pasada y un 65 % sobre la campa\u00f1a media de los cinco \u00faltimos a\u00f1os.<\/p>\n\n\n\n<p>Los rendimientos medios de trigo blando alcanzan los 2.150 kilogramos por hect\u00e1rea, un 27 % inferiores que la campa\u00f1a pasada y un 43 % menos que la media de los cinco \u00faltimos a\u00f1os. La cebada ha presentado en esta campa\u00f1a rendimientos medios de 1.900 kilogramos por hect\u00e1rea, un 35 % inferiores a la campa\u00f1a pasada y un 48 % por debajo de la media de los \u00faltimos cinco a\u00f1os.<\/p>\n\n\n\n<p><strong>Valor de la producci\u00f3n<\/strong><\/p>\n\n\n\n<p>Con los datos de cotizaci\u00f3n actuales, se estima un valor de la producci\u00f3n de cereales de invierno de unos 850 millones de euros, lo que supone un 53 % menos que la cosecha de la campa\u00f1a pasada.<\/p>\n\n\n\n<p>Tomando como referencia el mes de mayo, en Castilla y Le\u00f3n el trigo blando y la cebada presentan un descenso interanual del 26 % respecto a los precios del mismo mes de 2022. Analizando la evoluci\u00f3n de la cotizaci\u00f3n desde julio de 2016, se observa que, a partir de octubre de 2020, comenz\u00f3 una subida en los precios motivada por la situaci\u00f3n geopol\u00edtica, alcanzando el m\u00e1ximo en mayo de 2022, con 360,5 euros por tonelada para el trigo y 343,3 euros por tonelada para cebada. A partir de esta fecha, se ha producido un descenso en la cotizaci\u00f3n. Las previsiones de buena cosecha en Europa, Brasil y Canad\u00e1 apuntan a que contin\u00fae este descenso en los precios, aunque es dif\u00edcil prever la evoluci\u00f3n.<\/p>\n\n\n\n<p><strong>La cosecha en Le\u00f3n<\/strong><\/p>\n\n\n\n<p>En la provincia de Le\u00f3n, la superficie destinada a cereal de invierno asciende a las 92.780 hect\u00e1reas, de las que un 26 % de media se cultivan en regad\u00edo (36 % de la superficie de trigo y 22 % de la superficie de cebada), lo que le permite tener una cosecha m\u00e1s estable en el tiempo.<\/p>\n\n\n\n<p>La producci\u00f3n estimada en la provincia asciende a 225.000 toneladas, un 7 % de la producci\u00f3n de la Comunidad. De esta superficie, 45.700 hect\u00e1reas se destinan a trigo, que representa m\u00e1s del 49 % de la superficie. A cebada se dedican 20.800 hect\u00e1reas, a avena 12.600 hect\u00e1reas, a centeno 10.500 hect\u00e1reas y a triticale 3.200 hect\u00e1reas.<\/p>\n\n\n\n<p>El mayor cultivo en regad\u00edo hace que Le\u00f3n tenga este a\u00f1o los mejores rendimientos medios, alcanzando los 2.425 kilogramos por hect\u00e1rea, un 23 % superior a la media regional. Los rendimientos medios de trigo blando alcanzan los 3.005 kilogramos por hect\u00e1rea (40 % por encima de la media auton\u00f3mica) y los de la cebada se prev\u00e9n en 2.281 kilogramos por hect\u00e1rea (20 % por encima de la media de la Comunidad).<\/p>\n","protected":false},"excerpt":{"rendered":"<p>El consejero de Agricultura, Ganader\u00eda y Desarrollo Rural, Gerardo Due\u00f1as, ha dado a conocer esta ma\u00f1ana en Calzada de Coto (Le\u00f3n) los datos de la cosecha de cereales de invierno de 2023. Esta campa\u00f1a se ha caracterizado por la extrema sequ\u00eda y los inusuales episodios de altas temperaturas, condiciones que han lastrado la excelente sementera [&hellip;]<\/p>\n","protected":false},"author":1,"featured_media":1889,"comment_status":"open","ping_status":"closed","sticky":false,"template":"","format":"standard","meta":{"_monsterinsights_skip_tracking":false,"_monsterinsights_sitenote_active":false,"_monsterinsights_sitenote_note":"","_monsterinsights_sitenote_category":0,"site-container-style":"default","site-container-layout":"default","site-sidebar-layout":"default","disable-article-header":"default","disable-site-header":"default","disable-site-footer":"default","disable-content-area-spacing":"default","_jetpack_memberships_contains_paid_content":false,"footnotes":"","jetpack_publicize_message":"","jetpack_publicize_feature_enabled":true,"jetpack_social_post_already_shared":false,"jetpack_social_options":{"image_generator_settings":{"template":"highway","default_image_id":0,"font":"","enabled":false},"version":2}},"categories":[10],"tags":[],"class_list":["post-1888","post","type-post","status-publish","format-standard","has-post-thumbnail","hentry","category-castilla-y-leon"],"jetpack_publicize_connections":[],"jetpack_featured_media_url":"https:\/\/987aldia.com\/web\/wp-content\/uploads\/2023\/07\/663.jpg","jetpack_sharing_enabled":true,"_links":{"self":[{"href":"https:\/\/987aldia.com\/web\/wp-json\/wp\/v2\/posts\/1888","targetHints":{"allow":["GET"]}}],"collection":[{"href":"https:\/\/987aldia.com\/web\/wp-json\/wp\/v2\/posts"}],"about":[{"href":"https:\/\/987aldia.com\/web\/wp-json\/wp\/v2\/types\/post"}],"author":[{"embeddable":true,"href":"https:\/\/987aldia.com\/web\/wp-json\/wp\/v2\/users\/1"}],"replies":[{"embeddable":true,"href":"https:\/\/987aldia.com\/web\/wp-json\/wp\/v2\/comments?post=1888"}],"version-history":[{"count":1,"href":"https:\/\/987aldia.com\/web\/wp-json\/wp\/v2\/posts\/1888\/revisions"}],"predecessor-version":[{"id":1890,"href":"https:\/\/987aldia.com\/web\/wp-json\/wp\/v2\/posts\/1888\/revisions\/1890"}],"wp:featuredmedia":[{"embeddable":true,"href":"https:\/\/987aldia.com\/web\/wp-json\/wp\/v2\/media\/1889"}],"wp:attachment":[{"href":"https:\/\/987aldia.com\/web\/wp-json\/wp\/v2\/media?parent=1888"}],"wp:term":[{"taxonomy":"category","embeddable":true,"href":"https:\/\/987aldia.com\/web\/wp-json\/wp\/v2\/categories?post=1888"},{"taxonomy":"post_tag","embeddable":true,"href":"https:\/\/987aldia.com\/web\/wp-json\/wp\/v2\/tags?post=1888"}],"curies":[{"name":"wp","href":"https:\/\/api.w.org\/{rel}","templated":true}]}}