{"id":1894,"date":"2023-07-13T10:16:25","date_gmt":"2023-07-13T10:16:25","guid":{"rendered":"https:\/\/987aldia.com\/web\/?p=1894"},"modified":"2023-07-13T10:16:25","modified_gmt":"2023-07-13T10:16:25","slug":"la-junta-e-iberdrola-desarrollan-un-curso-de-inmersion-linguistica-para-estudiantes-de-eso","status":"publish","type":"post","link":"https:\/\/987aldia.com\/web\/la-junta-e-iberdrola-desarrollan-un-curso-de-inmersion-linguistica-para-estudiantes-de-eso\/","title":{"rendered":"La Junta e Iberdrola desarrollan un curso de inmersi\u00f3n ling\u00fc\u00edstica para estudiantes de ESO"},"content":{"rendered":"\n<ul class=\"wp-block-list\">\n<li>La localidad de Villarino de los Aires, en Salamanca, acoge de nuevo esta iniciativa que permite a los j\u00f3venes practicar el idioma ingl\u00e9s a trav\u00e9s de las actividades de tiempo libre y el medio ambiente<\/li>\n\n\n\n<li>El director general de Innovaci\u00f3n y Formaci\u00f3n del Profesorado y una representante de la Fundaci\u00f3n Iberdrola Espa\u00f1a han entregado los diplomas a los 20 primeros estudiantes que han participado en este curso<\/li>\n\n\n\n<li>La actividad cuenta con profesorado nativo para poder ofrecer un programa intensivo que mejore el nivel de competencia en ingl\u00e9s al alumnado de la Comunidad<\/li>\n<\/ul>\n\n\n\n<p>La Consejer\u00eda de Educaci\u00f3n implementa todos los a\u00f1os diversas actividades de intercambio escolar e inmersi\u00f3n ling\u00fc\u00edstica para los estudiantes de Castilla y Le\u00f3n. A trav\u00e9s de ellas, se promueve el aprendizaje de idiomas y la internacionalizaci\u00f3n de los centros educativos.<\/p>\n\n\n\n<p>Un curso m\u00e1s, la Consejer\u00eda de Educaci\u00f3n y la Fundaci\u00f3n Iberdrola Espa\u00f1a han puesto en marcha una nueva edici\u00f3n del programa inmersi\u00f3n ling\u00fc\u00edstica en ingl\u00e9s en el que participar\u00e1n 40 alumnos de Educaci\u00f3n Secundaria Obligatoria de centros sostenidos con fondos p\u00fablicos. La Administraci\u00f3n educativa auton\u00f3mica ha realizado la selecci\u00f3n en base a sus m\u00e9ritos en la ense\u00f1anza de lenguas extranjeras y promoci\u00f3n de la internacionalizaci\u00f3n, y estos a su vez han elegido al alumnado atendiendo a criterios de excelencia acad\u00e9mica, especialmente en ingl\u00e9s.<\/p>\n\n\n\n<p>As\u00ed, divididos en dos turnos, en julio y agosto, los estudiantes se alojan en la residencia de Iberdrola junto a la central hidroel\u00e9ctrica de Villarino de los Aires, Salamanca, situada a orillas de los r\u00edos Duero y Tormes, lindando con Zamora y Portugal. El curso de inmersi\u00f3n cuenta con profesorado nativo para poder ofrecer un programa intensivo que mejore el nivel de competencia en ingl\u00e9s de los estudiantes de la Comunidad y les dote de la confianza necesaria para desenvolverse en las aulas y fuera de ellas.<\/p>\n\n\n\n<p>Esta ma\u00f1ana, director general de Innovaci\u00f3n y Formaci\u00f3n del Profesorado, Luis Domingo Gonz\u00e1lez, el alcalde de Villarino de los Aires, Juli\u00e1n Mart\u00edn Jimenez, y la responsable del \u00e1rea de formaci\u00f3n e investigaci\u00f3n de la Fundaci\u00f3n Iberdrola Espa\u00f1a, Teresa Rodriguez de Tembleque, han entregado los diplomas a los 20 primeros estudiantes que han participado en el curso.<\/p>\n\n\n\n<p>Durante el acto, Gonz\u00e1lez ha destacado que \u201cla internacionalizaci\u00f3n es una de las se\u00f1as de identidad de la calidad del sistema educativo de Castilla y Le\u00f3n con el fin de abrir las escuelas al mundo. Este programa es un ejemplo de ello donde nuestros alumnos realizan una inmersi\u00f3n ling\u00fc\u00edstica durante estas estancias y tambi\u00e9n esos 23 profesores que durante el mes de agosto podr\u00e1n realizar esa capacitaci\u00f3n en su competencia ling\u00fc\u00edstica\u201d.<\/p>\n\n\n\n<p>Por su parte, Rodriguez de Tembleque ha subrayado que \u201cIberdrola, en el marco de su compromiso con Castilla y Le\u00f3n, promueve la formaci\u00f3n y transmisi\u00f3n de conocimiento&nbsp;que contribuya a impulsar una generaci\u00f3n de profesionales con las m\u00e1ximas capacidades para afrontar los retos del futuro, entre los que se encuentra el desarrollo de un modelo energ\u00e9tico sostenible\u201d.<\/p>\n\n\n\n<p>Durante este curso, dentro del plan auton\u00f3mico de formaci\u00f3n de la Consejer\u00eda de Educaci\u00f3n, se ha forman a 10.977 profesores en lenguas extranjeras. Adem\u00e1s, 211 alumnos han realizado intercambios en Canad\u00e1, Francia, Noruega o Alemania. Actualmente se desarrolla la escuela de verano en diferentes pa\u00edses con la participaci\u00f3n de m\u00e1s de 200 profesores para favorecer la actualizaci\u00f3n metodol\u00f3gica en la ense\u00f1anza de idiomas y las destrezas comunicativas.<\/p>\n","protected":false},"excerpt":{"rendered":"<p>La Consejer\u00eda de Educaci\u00f3n implementa todos los a\u00f1os diversas actividades de intercambio escolar e inmersi\u00f3n ling\u00fc\u00edstica para los estudiantes de Castilla y Le\u00f3n. A trav\u00e9s de ellas, se promueve el aprendizaje de idiomas y la internacionalizaci\u00f3n de los centros educativos. Un curso m\u00e1s, la Consejer\u00eda de Educaci\u00f3n y la Fundaci\u00f3n Iberdrola Espa\u00f1a han puesto en [&hellip;]<\/p>\n","protected":false},"author":1,"featured_media":1895,"comment_status":"open","ping_status":"closed","sticky":false,"template":"","format":"standard","meta":{"_monsterinsights_skip_tracking":false,"_monsterinsights_sitenote_active":false,"_monsterinsights_sitenote_note":"","_monsterinsights_sitenote_category":0,"site-container-style":"default","site-container-layout":"default","site-sidebar-layout":"default","disable-article-header":"default","disable-site-header":"default","disable-site-footer":"default","disable-content-area-spacing":"default","_jetpack_memberships_contains_paid_content":false,"footnotes":"","jetpack_publicize_message":"","jetpack_publicize_feature_enabled":true,"jetpack_social_post_already_shared":false,"jetpack_social_options":{"image_generator_settings":{"template":"highway","default_image_id":0,"font":"","enabled":false},"version":2}},"categories":[10],"tags":[],"class_list":["post-1894","post","type-post","status-publish","format-standard","has-post-thumbnail","hentry","category-castilla-y-leon"],"jetpack_publicize_connections":[],"jetpack_featured_media_url":"https:\/\/987aldia.com\/web\/wp-content\/uploads\/2023\/07\/edurne-tx-5Z8mR4vqJD4-unsplash.jpg","jetpack_sharing_enabled":true,"_links":{"self":[{"href":"https:\/\/987aldia.com\/web\/wp-json\/wp\/v2\/posts\/1894","targetHints":{"allow":["GET"]}}],"collection":[{"href":"https:\/\/987aldia.com\/web\/wp-json\/wp\/v2\/posts"}],"about":[{"href":"https:\/\/987aldia.com\/web\/wp-json\/wp\/v2\/types\/post"}],"author":[{"embeddable":true,"href":"https:\/\/987aldia.com\/web\/wp-json\/wp\/v2\/users\/1"}],"replies":[{"embeddable":true,"href":"https:\/\/987aldia.com\/web\/wp-json\/wp\/v2\/comments?post=1894"}],"version-history":[{"count":1,"href":"https:\/\/987aldia.com\/web\/wp-json\/wp\/v2\/posts\/1894\/revisions"}],"predecessor-version":[{"id":1896,"href":"https:\/\/987aldia.com\/web\/wp-json\/wp\/v2\/posts\/1894\/revisions\/1896"}],"wp:featuredmedia":[{"embeddable":true,"href":"https:\/\/987aldia.com\/web\/wp-json\/wp\/v2\/media\/1895"}],"wp:attachment":[{"href":"https:\/\/987aldia.com\/web\/wp-json\/wp\/v2\/media?parent=1894"}],"wp:term":[{"taxonomy":"category","embeddable":true,"href":"https:\/\/987aldia.com\/web\/wp-json\/wp\/v2\/categories?post=1894"},{"taxonomy":"post_tag","embeddable":true,"href":"https:\/\/987aldia.com\/web\/wp-json\/wp\/v2\/tags?post=1894"}],"curies":[{"name":"wp","href":"https:\/\/api.w.org\/{rel}","templated":true}]}}