{"id":1897,"date":"2023-07-13T10:17:47","date_gmt":"2023-07-13T10:17:47","guid":{"rendered":"https:\/\/987aldia.com\/web\/?p=1897"},"modified":"2023-07-13T10:17:48","modified_gmt":"2023-07-13T10:17:48","slug":"la-junta-otorga-30-000-euros-en-subvenciones-para-la-organizacion-de-festivales-culturales-en-soria","status":"publish","type":"post","link":"https:\/\/987aldia.com\/web\/la-junta-otorga-30-000-euros-en-subvenciones-para-la-organizacion-de-festivales-culturales-en-soria\/","title":{"rendered":"La Junta otorga 30.000 euros en subvenciones para la organizaci\u00f3n de festivales culturales en Soria"},"content":{"rendered":"\n<h2 class=\"wp-block-heading\"><strong>La Consejer\u00eda de Cultura, Turismo y Deporte financia con estas ayudas la celebraci\u00f3n de cinco festivales y actividades culturales complementarias en la provincia en 2023.<\/strong><\/h2>\n\n\n\n<p>La Junta de Castilla y Le\u00f3n, a trav\u00e9s de la Consejer\u00eda de Cultura, Turismo y Deporte, ha resuelto la concesi\u00f3n de subvenciones destinadas a financiar proyectos culturales para la realizaci\u00f3n de cinco festivales y actividades culturales complementarias en Soria en 2023 por un importe total de 29.029,51 euros.<\/p>\n\n\n\n<p>Con la resoluci\u00f3n de esta convocatoria, la Consejer\u00eda de Cultura, Turismo y Deporte quiere apoyar la realizaci\u00f3n de festivales en Castilla y Le\u00f3n en los \u00e1mbitos de la m\u00fasica, artes esc\u00e9nicas, cine y televisi\u00f3n, artes visuales y nuevas tecnolog\u00edas, literatura y otras tem\u00e1ticas culturales.<\/p>\n\n\n\n<p>Las ayudas se reparten entre cinco entidades beneficiarias para la organizaci\u00f3n de festivales y eventos culturales en la provincia. La mayor cuant\u00eda se ha destinado al Ayuntamiento de Soria, que ha recibido 15.000 euros para la financiaci\u00f3n del certamen internacional de cortos \u2018Ciudad de Soria\u2019.<\/p>\n\n\n\n<p>La Asociaci\u00f3n Cultural Amigos de las \u00c1nimas se beneficiar\u00e1 de 7.024.84 euros para la celebraci\u00f3n del \u2018Festival de las \u00c1nimas\u2019, que tiene lugar en los meses de octubre y noviembre en la capital y la provincia sorianas.<\/p>\n\n\n\n<p>La Consejer\u00eda ha concedido tambi\u00e9n una ayuda de 2.521,68 euros a la Asociaci\u00f3n Fotogr\u00e1fica Mio Cid (AFOMIC) para la organizaci\u00f3n del festival de fotograf\u00eda \u2018OnPhoto Soria\u2019.<\/p>\n\n\n\n<p>La Asociaci\u00f3n Cultural Aires de Dulzaina ha recibido una subvenci\u00f3n de 2.221,48 euros para la celebraci\u00f3n de su festival musical \u2018Aires de Dulzaina\u2019, que tiene lugar en la localidad de San Esteban de Gormaz.<\/p>\n\n\n\n<p>Por \u00faltimo, el \u2018Ciclo Cultural Almaz\u00e1n Suena\u2019, celebrado en Almaz\u00e1n en el mes de abril, ha obtenido una ayuda de 2.261,51 euros.<\/p>\n\n\n\n<p>Los beneficiarios de las subvenciones, como organizadores de los festivales, son personas f\u00edsicas o jur\u00eddicas privadas, domiciliadas o que desarrollan su actividad en Castilla y Le\u00f3n, las entidades privadas sin \u00e1nimo de lucro que tienen su sede o desarrollan su actividad en la Comunidad, las entidades locales de Castilla y Le\u00f3n as\u00ed como agrupaciones de los anteriores.<\/p>\n","protected":false},"excerpt":{"rendered":"<p>La Consejer\u00eda de Cultura, Turismo y Deporte financia con estas ayudas la celebraci\u00f3n de cinco festivales y actividades culturales complementarias en la provincia en 2023. La Junta de Castilla y Le\u00f3n, a trav\u00e9s de la Consejer\u00eda de Cultura, Turismo y Deporte, ha resuelto la concesi\u00f3n de subvenciones destinadas a financiar proyectos culturales para la realizaci\u00f3n [&hellip;]<\/p>\n","protected":false},"author":1,"featured_media":1898,"comment_status":"open","ping_status":"closed","sticky":false,"template":"","format":"standard","meta":{"_monsterinsights_skip_tracking":false,"_monsterinsights_sitenote_active":false,"_monsterinsights_sitenote_note":"","_monsterinsights_sitenote_category":0,"site-container-style":"default","site-container-layout":"default","site-sidebar-layout":"default","disable-article-header":"default","disable-site-header":"default","disable-site-footer":"default","disable-content-area-spacing":"default","_jetpack_memberships_contains_paid_content":false,"footnotes":"","jetpack_publicize_message":"","jetpack_publicize_feature_enabled":true,"jetpack_social_post_already_shared":false,"jetpack_social_options":{"image_generator_settings":{"template":"highway","default_image_id":0,"font":"","enabled":false},"version":2}},"categories":[1],"tags":[],"class_list":["post-1897","post","type-post","status-publish","format-standard","has-post-thumbnail","hentry","category-uncategorized"],"jetpack_publicize_connections":[],"jetpack_featured_media_url":"https:\/\/987aldia.com\/web\/wp-content\/uploads\/2023\/07\/aranxa-esteve-pOXHU0UEDcg-unsplash.jpg","jetpack_sharing_enabled":true,"_links":{"self":[{"href":"https:\/\/987aldia.com\/web\/wp-json\/wp\/v2\/posts\/1897","targetHints":{"allow":["GET"]}}],"collection":[{"href":"https:\/\/987aldia.com\/web\/wp-json\/wp\/v2\/posts"}],"about":[{"href":"https:\/\/987aldia.com\/web\/wp-json\/wp\/v2\/types\/post"}],"author":[{"embeddable":true,"href":"https:\/\/987aldia.com\/web\/wp-json\/wp\/v2\/users\/1"}],"replies":[{"embeddable":true,"href":"https:\/\/987aldia.com\/web\/wp-json\/wp\/v2\/comments?post=1897"}],"version-history":[{"count":1,"href":"https:\/\/987aldia.com\/web\/wp-json\/wp\/v2\/posts\/1897\/revisions"}],"predecessor-version":[{"id":1899,"href":"https:\/\/987aldia.com\/web\/wp-json\/wp\/v2\/posts\/1897\/revisions\/1899"}],"wp:featuredmedia":[{"embeddable":true,"href":"https:\/\/987aldia.com\/web\/wp-json\/wp\/v2\/media\/1898"}],"wp:attachment":[{"href":"https:\/\/987aldia.com\/web\/wp-json\/wp\/v2\/media?parent=1897"}],"wp:term":[{"taxonomy":"category","embeddable":true,"href":"https:\/\/987aldia.com\/web\/wp-json\/wp\/v2\/categories?post=1897"},{"taxonomy":"post_tag","embeddable":true,"href":"https:\/\/987aldia.com\/web\/wp-json\/wp\/v2\/tags?post=1897"}],"curies":[{"name":"wp","href":"https:\/\/api.w.org\/{rel}","templated":true}]}}