{"id":1942,"date":"2023-07-27T10:28:50","date_gmt":"2023-07-27T10:28:50","guid":{"rendered":"https:\/\/987aldia.com\/web\/?p=1942"},"modified":"2023-07-27T10:28:51","modified_gmt":"2023-07-27T10:28:51","slug":"valoracion-del-cel-sobre-los-datos-de-la-epa-2ot-2023","status":"publish","type":"post","link":"https:\/\/987aldia.com\/web\/valoracion-del-cel-sobre-los-datos-de-la-epa-2ot-2023\/","title":{"rendered":"Valoraci\u00f3n del CEL sobre los datos de la EPA 2\u00baT 2023"},"content":{"rendered":"\n<h2 class=\"wp-block-heading\"><strong>El paro baja en Le\u00f3n en 3.400 personas entre abril y junio y sube la ocupaci\u00f3n en 5.500 personas<\/strong>.<\/h2>\n\n\n\n<p>Le\u00f3n, 27 de julio de 2023.- El segundo trimestre del a\u00f1o ha dejado datos muy buenos en el mercado de trabajo de la provincia, donde la tasa de paro baj\u00f3 casi dos puntos respecto al trimestre anterior, pasando del 11,07% al 9,24% actual, y reduciendo el n\u00famero de parados a 18.500 personas (3.400 desempleados menos que hace tres meses y 3.600 menos que hace un a\u00f1o).<\/p>\n\n\n\n<p>La evoluci\u00f3n en el descenso de parados, aunque positiva, es menor que la registrada en el conjunto de la Comunidad (9,06%) y del pa\u00eds (8%) y seguimos observando desequilibrios provinciales importantes en este apartado y tasas de paro m\u00e1s elevadas para el colectivo de mujeres, que en el caso de Le\u00f3n es del 10,17% frente al 8,42% de los hombres.<\/p>\n\n\n\n<p>La ocupaci\u00f3n tambi\u00e9n arroja datos muy positivos: aument\u00f3 en 5.500 personas entre abril y junio llegando a la cifra de 181.500 ocupados en la provincia.<\/p>\n\n\n\n<p>Son cifras que nos han permitido mejorar ligeramente la tasa de actividad y situarla en el 51,11%, pero lejos de ser un porcentaje aceptable ya que tenemos la tercera peor tasa de actividad del pa\u00eds, solo por delante de Zamora y Orense.<\/p>\n\n\n\n<p>Es cierto que estamos en el mejor trimestre del a\u00f1o para el mercado laboral con el inicio de la campa\u00f1a de verano y la temporada tur\u00edstica, pero nos acompa\u00f1a un contexto ciertamente incierto tanto en el plano econ\u00f3mico como en el pol\u00edtico. Veremos a ver cu\u00e1nto aguanta el dinamismo del mercado laboral en el segundo semestre del a\u00f1o, teniendo en cuenta que perdemos competitividad, se prev\u00e9n descensos en el consumo de los hogares y los tipos de inter\u00e9s seguir\u00e1n subiendo, lo que impactar\u00e1 de lleno en la econom\u00eda y en las previsiones de inversi\u00f3n y contrataci\u00f3n de las empresas.<\/p>\n\n\n\n<p>Ante este panorama, pedimos responsabilidad y altura de miras a los partidos pol\u00edticos para que se pueda formar un gobierno estable y moderado que pueda afrontar las reformas que precisa nuestra econom\u00eda y ofrezca certidumbres a las empresas.<\/p>\n","protected":false},"excerpt":{"rendered":"<p>El paro baja en Le\u00f3n en 3.400 personas entre abril y junio y sube la ocupaci\u00f3n en 5.500 personas. Le\u00f3n, 27 de julio de 2023.- El segundo trimestre del a\u00f1o ha dejado datos muy buenos en el mercado de trabajo de la provincia, donde la tasa de paro baj\u00f3 casi dos puntos respecto al trimestre [&hellip;]<\/p>\n","protected":false},"author":1,"featured_media":1943,"comment_status":"open","ping_status":"closed","sticky":false,"template":"","format":"standard","meta":{"_monsterinsights_skip_tracking":false,"_monsterinsights_sitenote_active":false,"_monsterinsights_sitenote_note":"","_monsterinsights_sitenote_category":0,"site-container-style":"default","site-container-layout":"default","site-sidebar-layout":"default","disable-article-header":"default","disable-site-header":"default","disable-site-footer":"default","disable-content-area-spacing":"default","_jetpack_memberships_contains_paid_content":false,"footnotes":"","jetpack_publicize_message":"","jetpack_publicize_feature_enabled":true,"jetpack_social_post_already_shared":false,"jetpack_social_options":{"image_generator_settings":{"template":"highway","default_image_id":0,"font":"","enabled":false},"version":2}},"categories":[7],"tags":[],"class_list":["post-1942","post","type-post","status-publish","format-standard","has-post-thumbnail","hentry","category-notas-de-prensa"],"jetpack_publicize_connections":[],"jetpack_featured_media_url":"https:\/\/987aldia.com\/web\/wp-content\/uploads\/2023\/07\/JC-Alvarez.jpeg","jetpack_sharing_enabled":true,"_links":{"self":[{"href":"https:\/\/987aldia.com\/web\/wp-json\/wp\/v2\/posts\/1942","targetHints":{"allow":["GET"]}}],"collection":[{"href":"https:\/\/987aldia.com\/web\/wp-json\/wp\/v2\/posts"}],"about":[{"href":"https:\/\/987aldia.com\/web\/wp-json\/wp\/v2\/types\/post"}],"author":[{"embeddable":true,"href":"https:\/\/987aldia.com\/web\/wp-json\/wp\/v2\/users\/1"}],"replies":[{"embeddable":true,"href":"https:\/\/987aldia.com\/web\/wp-json\/wp\/v2\/comments?post=1942"}],"version-history":[{"count":1,"href":"https:\/\/987aldia.com\/web\/wp-json\/wp\/v2\/posts\/1942\/revisions"}],"predecessor-version":[{"id":1944,"href":"https:\/\/987aldia.com\/web\/wp-json\/wp\/v2\/posts\/1942\/revisions\/1944"}],"wp:featuredmedia":[{"embeddable":true,"href":"https:\/\/987aldia.com\/web\/wp-json\/wp\/v2\/media\/1943"}],"wp:attachment":[{"href":"https:\/\/987aldia.com\/web\/wp-json\/wp\/v2\/media?parent=1942"}],"wp:term":[{"taxonomy":"category","embeddable":true,"href":"https:\/\/987aldia.com\/web\/wp-json\/wp\/v2\/categories?post=1942"},{"taxonomy":"post_tag","embeddable":true,"href":"https:\/\/987aldia.com\/web\/wp-json\/wp\/v2\/tags?post=1942"}],"curies":[{"name":"wp","href":"https:\/\/api.w.org\/{rel}","templated":true}]}}