{"id":1945,"date":"2023-07-28T09:45:17","date_gmt":"2023-07-28T09:45:17","guid":{"rendered":"https:\/\/987aldia.com\/web\/?p=1945"},"modified":"2023-07-28T09:45:18","modified_gmt":"2023-07-28T09:45:18","slug":"el-psoe-remarca-que-la-airef-sigue-situando-al-ayuntamiento-de-san-andres-en-riesgo-bajo","status":"publish","type":"post","link":"https:\/\/987aldia.com\/web\/el-psoe-remarca-que-la-airef-sigue-situando-al-ayuntamiento-de-san-andres-en-riesgo-bajo\/","title":{"rendered":"El PSOE remarca que la Airef sigue situando al Ayuntamiento de San Andr\u00e9s \u201cen riesgo bajo\u201d"},"content":{"rendered":"\n<h2 class=\"wp-block-heading\">El portavoz socialista, Benjam\u00edn Fern\u00e1ndez, especifica que el informe de este 2023 refleja que el Consistorio contin\u00faa teniendo capacidad financiera con medios propios y que el pago medio a proveedores est\u00e1 en 26 d\u00edas.<\/h2>\n\n\n\n<p><a><strong>San Andr\u00e9s del Rabanedo<\/strong><\/a>. El portavoz del PSOE en San Andr\u00e9s del Rabanedo, Benjam\u00edn Fern\u00e1ndez, explica que el \u00faltimo informe realizado por la Autoridad Independiente de Responsabilidad Fiscal (Airef), publicado el pasado 25 de julio, \u201cremarca que la situaci\u00f3n econ\u00f3mica del Ayuntamiento sigue estando en riesgo bajo\u201d.<\/p>\n\n\n\n<p>En este informe, que es p\u00fablico para cualquier ciudadano, se aprecia por un lado que el Ayuntamiento de San Andr\u00e9s del Rabanedo sigue en riesgo bajo, una catalogaci\u00f3n que ya se logr\u00f3 en 2022, cuando el concejal de Hacienda era precisamente Benjam\u00edn Fern\u00e1ndez, quien recuerda que \u201cla sostenibilidad financiera se basa en dos conceptos, deuda y pago medio a proveedores\u201d.<\/p>\n\n\n\n<p>Por un lado, en el informe de 2023 se aprecia que actualmente la deuda supone el 132%, mientras que en el ejercicio pasado era del 161%. Unas cifras que se han logrado \u201cdespu\u00e9s de que durante el pasado mandato se redujera la cantidad adeudada en un 32%\u201d. \u201cEn concreto, se pas\u00f3 de tener 59,5 millones de euros en 2019 a 40,3 millones, es decir, 20 millones de euros menos tras la amortizaci\u00f3n aprobada en mayo, que junto al agrupamiento de todos los pr\u00e9stamos en uno del ICO ha propiciado rebajar el coste de los intereses bancarios y reducir la cuota anual obligatoria\u201d, a\u00f1ade Benjam\u00edn Fern\u00e1ndez, que destaca que con estas medidas se ha pasado de los 5,2 millones que se deb\u00edan abonar anualmente al inicio del mandato anterior a los 1,75 millones que se pagar\u00e1n a finales este a\u00f1o y los siguientes.<\/p>\n\n\n\n<p>Por otra parte, Fern\u00e1ndez apunta que durante el anterior mandato \u201cse logr\u00f3 reducir dr\u00e1sticamente el pago medio a proveedores, ya que en 2019 estaba en 472 d\u00edas y, seg\u00fan consta en el informe del Airef, est\u00e1 ya en 26 d\u00edas\u201d.<\/p>\n\n\n\n<p>Otro aspecto importante es que \u201ctanto en el informe de 2022 como en el de este a\u00f1o se puede comprobar la capacidad de financiaci\u00f3n del Ayuntamiento de San Andr\u00e9s con medios propios, sin que haya que acudir a externos, y con ello hacer frente a inversiones y gastos corrientes sin incidencias\u201d.<\/p>\n\n\n\n<figure class=\"wp-block-image size-large is-resized\"><img fetchpriority=\"high\" decoding=\"async\" src=\"https:\/\/987aldia.com\/web\/wp-content\/uploads\/2023\/07\/Grafico-1-880x1024.jpg\" alt=\"\" class=\"wp-image-1946\" width=\"840\" height=\"977\" srcset=\"https:\/\/987aldia.com\/web\/wp-content\/uploads\/2023\/07\/Grafico-1-880x1024.jpg 880w, https:\/\/987aldia.com\/web\/wp-content\/uploads\/2023\/07\/Grafico-1-258x300.jpg 258w, https:\/\/987aldia.com\/web\/wp-content\/uploads\/2023\/07\/Grafico-1-768x894.jpg 768w, https:\/\/987aldia.com\/web\/wp-content\/uploads\/2023\/07\/Grafico-1.jpg 1001w\" sizes=\"(max-width: 840px) 100vw, 840px\" \/><\/figure>\n\n\n\n<figure class=\"wp-block-image size-full\"><img decoding=\"async\" width=\"978\" height=\"987\" src=\"https:\/\/987aldia.com\/web\/wp-content\/uploads\/2023\/07\/Grafico-2.jpg\" alt=\"\" class=\"wp-image-1947\" srcset=\"https:\/\/987aldia.com\/web\/wp-content\/uploads\/2023\/07\/Grafico-2.jpg 978w, https:\/\/987aldia.com\/web\/wp-content\/uploads\/2023\/07\/Grafico-2-297x300.jpg 297w, https:\/\/987aldia.com\/web\/wp-content\/uploads\/2023\/07\/Grafico-2-150x150.jpg 150w, https:\/\/987aldia.com\/web\/wp-content\/uploads\/2023\/07\/Grafico-2-768x775.jpg 768w\" sizes=\"(max-width: 978px) 100vw, 978px\" \/><\/figure>\n","protected":false},"excerpt":{"rendered":"<p>El portavoz socialista, Benjam\u00edn Fern\u00e1ndez, especifica que el informe de este 2023 refleja que el Consistorio contin\u00faa teniendo capacidad financiera con medios propios y que el pago medio a proveedores est\u00e1 en 26 d\u00edas. San Andr\u00e9s del Rabanedo. El portavoz del PSOE en San Andr\u00e9s del Rabanedo, Benjam\u00edn Fern\u00e1ndez, explica que el \u00faltimo informe realizado [&hellip;]<\/p>\n","protected":false},"author":1,"featured_media":1948,"comment_status":"open","ping_status":"closed","sticky":false,"template":"","format":"standard","meta":{"_monsterinsights_skip_tracking":false,"_monsterinsights_sitenote_active":false,"_monsterinsights_sitenote_note":"","_monsterinsights_sitenote_category":0,"site-container-style":"default","site-container-layout":"default","site-sidebar-layout":"default","disable-article-header":"default","disable-site-header":"default","disable-site-footer":"default","disable-content-area-spacing":"default","_jetpack_memberships_contains_paid_content":false,"footnotes":"","jetpack_publicize_message":"","jetpack_publicize_feature_enabled":true,"jetpack_social_post_already_shared":false,"jetpack_social_options":{"image_generator_settings":{"template":"highway","default_image_id":0,"font":"","enabled":false},"version":2}},"categories":[7],"tags":[],"class_list":["post-1945","post","type-post","status-publish","format-standard","has-post-thumbnail","hentry","category-notas-de-prensa"],"jetpack_publicize_connections":[],"jetpack_featured_media_url":"https:\/\/987aldia.com\/web\/wp-content\/uploads\/2023\/07\/Ayuntamiento-de-San-Andres.jpg","jetpack_sharing_enabled":true,"_links":{"self":[{"href":"https:\/\/987aldia.com\/web\/wp-json\/wp\/v2\/posts\/1945","targetHints":{"allow":["GET"]}}],"collection":[{"href":"https:\/\/987aldia.com\/web\/wp-json\/wp\/v2\/posts"}],"about":[{"href":"https:\/\/987aldia.com\/web\/wp-json\/wp\/v2\/types\/post"}],"author":[{"embeddable":true,"href":"https:\/\/987aldia.com\/web\/wp-json\/wp\/v2\/users\/1"}],"replies":[{"embeddable":true,"href":"https:\/\/987aldia.com\/web\/wp-json\/wp\/v2\/comments?post=1945"}],"version-history":[{"count":1,"href":"https:\/\/987aldia.com\/web\/wp-json\/wp\/v2\/posts\/1945\/revisions"}],"predecessor-version":[{"id":1949,"href":"https:\/\/987aldia.com\/web\/wp-json\/wp\/v2\/posts\/1945\/revisions\/1949"}],"wp:featuredmedia":[{"embeddable":true,"href":"https:\/\/987aldia.com\/web\/wp-json\/wp\/v2\/media\/1948"}],"wp:attachment":[{"href":"https:\/\/987aldia.com\/web\/wp-json\/wp\/v2\/media?parent=1945"}],"wp:term":[{"taxonomy":"category","embeddable":true,"href":"https:\/\/987aldia.com\/web\/wp-json\/wp\/v2\/categories?post=1945"},{"taxonomy":"post_tag","embeddable":true,"href":"https:\/\/987aldia.com\/web\/wp-json\/wp\/v2\/tags?post=1945"}],"curies":[{"name":"wp","href":"https:\/\/api.w.org\/{rel}","templated":true}]}}