{"id":1950,"date":"2023-07-31T11:31:43","date_gmt":"2023-07-31T11:31:43","guid":{"rendered":"https:\/\/987aldia.com\/web\/?p=1950"},"modified":"2023-07-31T11:31:44","modified_gmt":"2023-07-31T11:31:44","slug":"la-junta-entrega-7-todoterrenos-tipo-pickup-a-agrupaciones-y-asociaciones-de-proteccion-civil-como-primera-parte-de-un-programa-mas-amplio","status":"publish","type":"post","link":"https:\/\/987aldia.com\/web\/la-junta-entrega-7-todoterrenos-tipo-pickup-a-agrupaciones-y-asociaciones-de-proteccion-civil-como-primera-parte-de-un-programa-mas-amplio\/","title":{"rendered":"La Junta entrega 7 todoterrenos tipo pickup a Agrupaciones y Asociaciones de Protecci\u00f3n Civil como primera parte de un programa m\u00e1s amplio"},"content":{"rendered":"\n<h2 class=\"wp-block-heading\"><strong>El consejero de Medio Ambiente, Vivienda y Ordenaci\u00f3n del Territorio, Juan Carlos Su\u00e1rez-Qui\u00f1ones, ha hecho entrega de las llaves de los todoterrenos que permitir\u00e1n a los voluntarios de estas Agrupaciones y Asociaciones colaborar de forma m\u00e1s eficaz con el sistema de Protecci\u00f3n Civil de la Comunidad cuando as\u00ed se les requiera. Se trata de una inversi\u00f3n de 200.000 euros que forma parte de un programa m\u00e1s amplio.<\/strong><\/h2>\n\n\n\n<p>La Consejer\u00eda de Medio Ambiente, Vivienda y Ordenaci\u00f3n del Territorio quiere potenciar y cuidar de forma especial el voluntariado de Protecci\u00f3n Civil.&nbsp;Una estructura de hombres y mujeres, que en n\u00famero es de 2.731 en Castilla y Le\u00f3n, que realizan una labor extraordinaria de servicios para la ciudadan\u00eda. Desde la Consejer\u00eda se ofrece&nbsp;formaci\u00f3n espec\u00edfica para que mantengan actualizados sus conocimientos y habilidades y&nbsp;se entrega&nbsp;material y equipamiento que les identifica de forma homog\u00e9nea y&nbsp;veh\u00edculos adecuados a las tareas que habitualmente realizan.<\/p>\n\n\n\n<p>En la ma\u00f1ana de hoy, se han entregado 7 veh\u00edculos todoterrenos tipo pickup, modelo Toyota Hilux, con cabina doble, 5 plazas y caja trasera abierta para carga, un motor 4 cilindros y 2.393 cc y una potencia de 150 CV (cumpliendo la normativa de emisiones EURO 6) y equipados con todos los elementos de seguridad adicionales que pueden incorporarse a su categor\u00eda y que han supuesto para la Consejer\u00eda un desembolso de 200.000 euros. Esta entrega forma parte de un programa de suministro de estos veh\u00edculos a las Asociaciones y Agrupaciones necesitadas de veh\u00edculos para mejorar la funcionalidad y servicio de las mismas.<\/p>\n\n\n\n<p>El consejero ha puesto en valor la labor de los 2731 voluntarios con los que cuenta en estos momentos Castilla y Le\u00f3n, y de un modo especial, a quienes eran los protagonistas del acto: 21 voluntarios de la Asociaci\u00f3n de Apoyo y Rescate Provincial de \u00c1vila;&nbsp;19 voluntarios de la Agrupaci\u00f3n Municipal de Voluntarios de Cuevas del Valle (\u00c1vila);&nbsp;16 voluntarios de la Asociaci\u00f3n de Voluntarios de Protecci\u00f3n Civil \u201cEl Refugio\u201d de Valderrueda (Le\u00f3n); 16 voluntarios de la Agrupaci\u00f3n Local de Voluntarios de Protecci\u00f3n Civil de Torquemada (Palencia); 6 voluntarios de la Asociaci\u00f3n de Voluntarios del Alfoz de Segovia de Protecci\u00f3n Civil;&nbsp;17 voluntarios de la Asociaci\u00f3n Segoviana de Asistencia, Emergencias y Rescate Protecci\u00f3n Civil; y 27 voluntarios de la Agrupaci\u00f3n Local de Voluntarios de Arcos de Jal\u00f3n (Soria).<\/p>\n\n\n\n<p>A&nbsp;todos ellos, el consejero les ha hecho&nbsp;llegar, a trav\u00e9s de sus representantes presentes en el acto, el agradecimiento de toda la Comunidad&nbsp;por su compromiso con la ciudadan\u00eda de Castilla y Le\u00f3n, destacando tambi\u00e9n las Agrupaciones y Asociaciones del medio rural presentes en el acto.&nbsp;Su voluntariado, adem\u00e1s de hacer del pueblo un entorno m\u00e1s seguro y generar confianza en los vecinos hasta que llegan otros recursos cuando sucede un incidente, dinamizan y tejen socialmente el medio rural.<\/p>\n\n\n\n<p>El&nbsp;acto de esta ma\u00f1ana, en el que el consejero estuvo acompa\u00f1ado de los delegados territoriales de la Junta en \u00c1vila, Palencia, Segovia, Le\u00f3n y Soria y responsables de los municipios en que prensan las asociaciones y agrupaciones servicio, sirve&nbsp;para visibilizar que los voluntarios de protecci\u00f3n civil son una pieza clave en el sistema de protecci\u00f3n ciudadana de Castilla y Le\u00f3n.<\/p>\n\n\n\n<p>En una Comunidad como Castilla y Le\u00f3n, con 94.224 km2 -superficie que supera la de estados miembros de la UE como Austria, B\u00e9lgica, Dinamarca, Holanda o Portugal- de los cuales el 67% se encuentra en altitudes superiores a los 500 metros y el 31,6% por encima de los 1000, no exenta de riesgos de distinta naturaleza, naturales, industriales, de vialidad, meteorol\u00f3gicos, etc., contar con un densa red de agrupaciones y asociaciones de voluntarios de protecci\u00f3n civil es un s\u00edntoma evidente de la fortaleza del sistema de protecci\u00f3n ciudadana, porque prestan una colaboraci\u00f3n incondicional a otros recursos del sistema de protecci\u00f3n civil y adem\u00e1s,&nbsp;en ocasiones, son los primeros que llegan al lugar del incidente.<\/p>\n\n\n\n<p>El consejero destac\u00f3 tambi\u00e9n las excelentes relaciones con las Fuerzas y Cuerpos de Seguridad del Estado y de las Polic\u00edas Locales, para las que son tambi\u00e9n un recurso auxiliar en la gesti\u00f3n de los incidentes en que sea procedente su intervenci\u00f3n.<\/p>\n\n\n\n<p>Esta es una primera entrega de un programa de dotaci\u00f3n de este tipo de veh\u00edculos a todas las Agrupaciones y Asociaciones de Protecci\u00f3n que los necesiten, que se ir\u00e1 ejecutando en los pr\u00f3ximos meses.<\/p>\n","protected":false},"excerpt":{"rendered":"<p>El consejero de Medio Ambiente, Vivienda y Ordenaci\u00f3n del Territorio, Juan Carlos Su\u00e1rez-Qui\u00f1ones, ha hecho entrega de las llaves de los todoterrenos que permitir\u00e1n a los voluntarios de estas Agrupaciones y Asociaciones colaborar de forma m\u00e1s eficaz con el sistema de Protecci\u00f3n Civil de la Comunidad cuando as\u00ed se les requiera. Se trata de una [&hellip;]<\/p>\n","protected":false},"author":1,"featured_media":1951,"comment_status":"open","ping_status":"closed","sticky":false,"template":"","format":"standard","meta":{"_monsterinsights_skip_tracking":false,"_monsterinsights_sitenote_active":false,"_monsterinsights_sitenote_note":"","_monsterinsights_sitenote_category":0,"site-container-style":"default","site-container-layout":"default","site-sidebar-layout":"default","disable-article-header":"default","disable-site-header":"default","disable-site-footer":"default","disable-content-area-spacing":"default","_jetpack_memberships_contains_paid_content":false,"footnotes":"","jetpack_publicize_message":"","jetpack_publicize_feature_enabled":true,"jetpack_social_post_already_shared":false,"jetpack_social_options":{"image_generator_settings":{"template":"highway","default_image_id":0,"font":"","enabled":false},"version":2}},"categories":[7],"tags":[],"class_list":["post-1950","post","type-post","status-publish","format-standard","has-post-thumbnail","hentry","category-notas-de-prensa"],"jetpack_publicize_connections":[],"jetpack_featured_media_url":"https:\/\/987aldia.com\/web\/wp-content\/uploads\/2023\/07\/20230731ENTREGAVEHICULOSPROTECCIONCIVIL12.jpg","jetpack_sharing_enabled":true,"_links":{"self":[{"href":"https:\/\/987aldia.com\/web\/wp-json\/wp\/v2\/posts\/1950","targetHints":{"allow":["GET"]}}],"collection":[{"href":"https:\/\/987aldia.com\/web\/wp-json\/wp\/v2\/posts"}],"about":[{"href":"https:\/\/987aldia.com\/web\/wp-json\/wp\/v2\/types\/post"}],"author":[{"embeddable":true,"href":"https:\/\/987aldia.com\/web\/wp-json\/wp\/v2\/users\/1"}],"replies":[{"embeddable":true,"href":"https:\/\/987aldia.com\/web\/wp-json\/wp\/v2\/comments?post=1950"}],"version-history":[{"count":1,"href":"https:\/\/987aldia.com\/web\/wp-json\/wp\/v2\/posts\/1950\/revisions"}],"predecessor-version":[{"id":1952,"href":"https:\/\/987aldia.com\/web\/wp-json\/wp\/v2\/posts\/1950\/revisions\/1952"}],"wp:featuredmedia":[{"embeddable":true,"href":"https:\/\/987aldia.com\/web\/wp-json\/wp\/v2\/media\/1951"}],"wp:attachment":[{"href":"https:\/\/987aldia.com\/web\/wp-json\/wp\/v2\/media?parent=1950"}],"wp:term":[{"taxonomy":"category","embeddable":true,"href":"https:\/\/987aldia.com\/web\/wp-json\/wp\/v2\/categories?post=1950"},{"taxonomy":"post_tag","embeddable":true,"href":"https:\/\/987aldia.com\/web\/wp-json\/wp\/v2\/tags?post=1950"}],"curies":[{"name":"wp","href":"https:\/\/api.w.org\/{rel}","templated":true}]}}