{"id":1979,"date":"2023-08-11T12:02:09","date_gmt":"2023-08-11T12:02:09","guid":{"rendered":"https:\/\/987aldia.com\/web\/?p=1979"},"modified":"2023-08-11T12:02:10","modified_gmt":"2023-08-11T12:02:10","slug":"la-junta-reabre-el-edificio-de-servicios-de-la-laguna-negra","status":"publish","type":"post","link":"https:\/\/987aldia.com\/web\/la-junta-reabre-el-edificio-de-servicios-de-la-laguna-negra\/","title":{"rendered":"La Junta reabre el edificio de servicios de la Laguna Negra"},"content":{"rendered":"\n<h2 class=\"wp-block-heading\"><strong>Se abrir\u00e1 al p\u00fablico de manera diaria hasta el 3 de septiembre y, al menos, durante todos los fines de semana de septiembre y octubre.<\/strong><\/h2>\n\n\n\n<p>En la jornada de hoy, la Junta de Castilla y Le\u00f3n, a trav\u00e9s de la Fundaci\u00f3n Patrimonio Natural, ha procedido a la reapertura del edificio de servicios ubicado en el paraje y aparcamiento \u2018Paso de la Serr\u00e1\u2019, en el M.U.P. n\u00famero 177\/180, \u2018Santa In\u00e9s y Verdugal\u2019, dentro del Parque Natural de la Laguna Negra y Circos Glaciares de Urbi\u00f3n, cerrado desde el pasado 27 de julio por renuncia del adjudicatario anterior de la explotaci\u00f3n. El nuevo responsable de la gesti\u00f3n de este edificio es Juan Carlos Abad Peirot\u00e9n, gerente tambi\u00e9n del Punto de Nieve de Santa In\u00e9s.<\/p>\n\n\n\n<p>La construcci\u00f3n del aparcamiento y del edificio de servicios ha supuesto una inversi\u00f3n total de la Junta de Castilla y Le\u00f3n de 1.050.000 euros. Ambas infraestructuras forman parte del Programa de Infraestructuras Tur\u00edsticas en las \u00c1reas Naturales de Castilla y Le\u00f3n (PITAN), cuyo objeto es dotar a las \u00e1reas naturales de la Comunidad de nuevos equipamientos para el desarrollo de actividades vinculadas a la naturaleza, adem\u00e1s de promover el conocimiento, la divulgaci\u00f3n y el disfrute de las \u00e1reas naturales protegidas que configuran la Red de Espacios Naturales (REN), as\u00ed como la Red Natura 2000, impulsando el incremento de un turismo sostenible y responsable con la adecuada conservaci\u00f3n de estas zonas.<\/p>\n\n\n\n<p>El edificio de servicios tiene una superficie construida de 340 metros cuadrados, dando respuesta al creciente uso p\u00fablico del paraje Laguna Negra, de informaci\u00f3n, entradas, y cafeter\u00eda, as\u00ed como de dotar de servicios p\u00fablicos al espacio.<\/p>\n\n\n\n<p>El edificio se encuentra totalmente equipado tanto de contenido expositivo, sobre los valores naturales del Parque Natural, como de mobiliario para el desarrollo de la actividad hostelera y restauraci\u00f3n.<\/p>\n\n\n\n<p>El centro permanecer\u00e1 abierto durante todos los d\u00edas del mes de agosto y hasta d\u00eda 3 de septiembre, as\u00ed como, al menos, los restantes fines de semana de septiembre y octubre; siendo su horario m\u00ednimo de apertura de 09.00 a 18.30 horas.<\/p>\n","protected":false},"excerpt":{"rendered":"<p>Se abrir\u00e1 al p\u00fablico de manera diaria hasta el 3 de septiembre y, al menos, durante todos los fines de semana de septiembre y octubre. En la jornada de hoy, la Junta de Castilla y Le\u00f3n, a trav\u00e9s de la Fundaci\u00f3n Patrimonio Natural, ha procedido a la reapertura del edificio de servicios ubicado en el [&hellip;]<\/p>\n","protected":false},"author":1,"featured_media":1980,"comment_status":"open","ping_status":"closed","sticky":false,"template":"","format":"standard","meta":{"_monsterinsights_skip_tracking":false,"_monsterinsights_sitenote_active":false,"_monsterinsights_sitenote_note":"","_monsterinsights_sitenote_category":0,"site-container-style":"default","site-container-layout":"default","site-sidebar-layout":"default","disable-article-header":"default","disable-site-header":"default","disable-site-footer":"default","disable-content-area-spacing":"default","_jetpack_memberships_contains_paid_content":false,"footnotes":"","jetpack_publicize_message":"","jetpack_publicize_feature_enabled":true,"jetpack_social_post_already_shared":false,"jetpack_social_options":{"image_generator_settings":{"template":"highway","default_image_id":0,"font":"","enabled":false},"version":2}},"categories":[10],"tags":[],"class_list":["post-1979","post","type-post","status-publish","format-standard","has-post-thumbnail","hentry","category-castilla-y-leon"],"jetpack_publicize_connections":[],"jetpack_featured_media_url":"https:\/\/987aldia.com\/web\/wp-content\/uploads\/2023\/08\/Sin-titulo-1-1.jpg","jetpack_sharing_enabled":true,"_links":{"self":[{"href":"https:\/\/987aldia.com\/web\/wp-json\/wp\/v2\/posts\/1979","targetHints":{"allow":["GET"]}}],"collection":[{"href":"https:\/\/987aldia.com\/web\/wp-json\/wp\/v2\/posts"}],"about":[{"href":"https:\/\/987aldia.com\/web\/wp-json\/wp\/v2\/types\/post"}],"author":[{"embeddable":true,"href":"https:\/\/987aldia.com\/web\/wp-json\/wp\/v2\/users\/1"}],"replies":[{"embeddable":true,"href":"https:\/\/987aldia.com\/web\/wp-json\/wp\/v2\/comments?post=1979"}],"version-history":[{"count":1,"href":"https:\/\/987aldia.com\/web\/wp-json\/wp\/v2\/posts\/1979\/revisions"}],"predecessor-version":[{"id":1981,"href":"https:\/\/987aldia.com\/web\/wp-json\/wp\/v2\/posts\/1979\/revisions\/1981"}],"wp:featuredmedia":[{"embeddable":true,"href":"https:\/\/987aldia.com\/web\/wp-json\/wp\/v2\/media\/1980"}],"wp:attachment":[{"href":"https:\/\/987aldia.com\/web\/wp-json\/wp\/v2\/media?parent=1979"}],"wp:term":[{"taxonomy":"category","embeddable":true,"href":"https:\/\/987aldia.com\/web\/wp-json\/wp\/v2\/categories?post=1979"},{"taxonomy":"post_tag","embeddable":true,"href":"https:\/\/987aldia.com\/web\/wp-json\/wp\/v2\/tags?post=1979"}],"curies":[{"name":"wp","href":"https:\/\/api.w.org\/{rel}","templated":true}]}}