{"id":1985,"date":"2023-08-15T10:00:00","date_gmt":"2023-08-15T10:00:00","guid":{"rendered":"https:\/\/987aldia.com\/web\/?p=1985"},"modified":"2023-08-14T12:06:21","modified_gmt":"2023-08-14T12:06:21","slug":"la-junta-invertira-22-millones-de-euros-en-la-recuperacion-de-28-viviendas-en-la-provincia-de-zamora-dentro-del-programa-rehabitare","status":"publish","type":"post","link":"https:\/\/987aldia.com\/web\/la-junta-invertira-22-millones-de-euros-en-la-recuperacion-de-28-viviendas-en-la-provincia-de-zamora-dentro-del-programa-rehabitare\/","title":{"rendered":"La Junta invertir\u00e1 2,2 millones de euros en la recuperaci\u00f3n de 28 viviendas en la provincia de Zamora dentro del programa Rehabitare"},"content":{"rendered":"\n<ul class=\"wp-block-list\">\n<li>La Consejer\u00eda de Medio Ambiente, Vivienda y Ordenaci\u00f3n del Territorio prev\u00e9 incorporar 119 casas al parque p\u00fablico de esta provincia, con una inversi\u00f3n de 11,8 millones en esta legislatura<\/li>\n\n\n\n<li>El consejero Juan Carlos Su\u00e1rez-Qui\u00f1ones visita las obras de rehabilitaci\u00f3n de la vivienda de Muelas del Pan<\/li>\n<\/ul>\n\n\n\n<p>El programa de actuaciones en materia de vivienda que desarrolla la Consejer\u00eda de Medio Ambiente, Vivienda y Ordenaci\u00f3n del Territorio en Zamora en esta legislatura contempla, entre otras, la rehabilitaci\u00f3n y mejora de viviendas propiedad de ayuntamientos y obispados dentro del programa Rehabitare que, para esta legislatura, prev\u00e9 intervenir en 28 viviendas en&nbsp;esta&nbsp;provincia. La inversi\u00f3n de la Junta alcanzar\u00e1&nbsp;los 2,2 millones de euros,&nbsp;con una participaci\u00f3n de la Diputaci\u00f3n Provincial.<\/p>\n\n\n\n<p>El consejero del ramo, Juan Carlos Su\u00e1rez-Qui\u00f1ones, ha visitado las obras de rehabilitaci\u00f3n de la vivienda de Muelas del Pan, a las que se han destinado&nbsp;49.352 euros. Las obras ejecutadas han consistido en el aislamiento de la casa mediante trasdosado interior tipo pladur en cerramientos, con el fin de mejorar la eficiencia energ\u00e9tica; la construcci\u00f3n de una&nbsp;chimenea para la salida de humos en el sal\u00f3n; la limpieza y saneado de paramentos y techos, guarnecido, enlucido y pintura pl\u00e1stica; el alicatado sobre el trasdosado en zonas h\u00famedas; y la colocaci\u00f3n de pavimento laminado en todas las estancias y distribuidores, salvo en el cuarto de ba\u00f1o.<\/p>\n\n\n\n<p>Asimismo, se ha abordado la renovaci\u00f3n de la carpinter\u00eda exterior de aluminio de dos&nbsp;hojas,&nbsp;con rotura de puente t\u00e9rmico, doble acristalamiento con c\u00e1mara de aire y persiana; la carpinter\u00eda interior chapada de madera y puerta de acceso de madera maciza; una nueva instalaci\u00f3n el\u00e9ctrica, de telecomunicaciones y protecci\u00f3n contra incendios; la instalaci\u00f3n de calefacci\u00f3n con hidroestufa de pellets de 20,5Kw de potencia, red de tuber\u00edas&nbsp;y radiadores de aluminio, y el equipamiento b\u00e1sico de cocina.<\/p>\n\n\n\n<p>El consejero ha destacado la importancia de poner a disposici\u00f3n de j\u00f3venes y familias el acceso a la vivienda. \u201cEn la Junta de Castilla y Le\u00f3n sabemos que el acceso a una vivienda requiere soluciones realistas y efectivas, especialmente para las personas con m\u00e1s dificultades, y para ello hemos adoptado una pol\u00edtica de vivienda centrada en las personas, especialmente los j\u00f3venes, sus protagonistas, ofreciendo la opci\u00f3n de alquiler y venta para adecuarla a cada necesidad\u00bb.<\/p>\n\n\n\n<p><strong>Programa Rehabitare<\/strong><\/p>\n\n\n\n<p>El programa Rehabitare tiene como objetivo incrementar el parque p\u00fablico de alquiler social de la Comunidad y fijar poblaci\u00f3n en el medio rural, a trav\u00e9s de la recuperaci\u00f3n de inmuebles en desuso que sean de titularidad municipal. Su finalidad prioritaria es atender las necesidades habitacionales de los colectivos de especial protecci\u00f3n relacionados en el art\u00edculo 5 de la Ley 9\/2010, de 30 de agosto, del Derecho a la Vivienda de la Comunidad de Castilla y Le\u00f3n, particularmente de los j\u00f3venes.<\/p>\n\n\n\n<p>En suma, este programa de rehabilitaci\u00f3n de viviendas sirve para recuperar edificios que puedan ser destinados al alquiler social, de manera que se consigue optimizar los recursos municipales, restaurar inmuebles valiosos patrimonialmente, revitalizar los espacios tradicionales del entramado urbano municipal y, sobre todo, fijar poblaci\u00f3n en el medio rural, con la puesta a disposici\u00f3n de las viviendas rehabilitadas, en r\u00e9gimen de alquiler social, en favor de los citados colectivos de especial protecci\u00f3n.<\/p>\n\n\n\n<p>Adem\u00e1s, tambi\u00e9n se configura como un instrumento de reactivaci\u00f3n econ\u00f3mica y de creaci\u00f3n de empleo en el medio rural, gracias a la implicaci\u00f3n de las empresas locales en las obras de rehabilitaci\u00f3n que se acometan a su amparo.<\/p>\n\n\n\n<p>La mec\u00e1nica de la actuaci\u00f3n administrativa que se desarrolla en la ejecuci\u00f3n de este programa es sencilla: tras la cesi\u00f3n de la vivienda o inmueble en desuso por parte del ayuntamiento a la Consejer\u00eda de Medio Ambiente, Vivienda y Ordenaci\u00f3n del Territorio,&nbsp;la Direcci\u00f3n General de Vivienda, Arquitectura, Ordenaci\u00f3n del Territorio y Urbanismo contrata las obras de rehabilitaci\u00f3n necesarias para, una vez finalizadas, proceder a su devoluci\u00f3n al municipio, que lo ofrecer\u00e1 en r\u00e9gimen de alquiler social a familias u otros colectivos de especial protecci\u00f3n de los previstos en la Ley 9\/2010.<\/p>\n","protected":false},"excerpt":{"rendered":"<p>El programa de actuaciones en materia de vivienda que desarrolla la Consejer\u00eda de Medio Ambiente, Vivienda y Ordenaci\u00f3n del Territorio en Zamora en esta legislatura contempla, entre otras, la rehabilitaci\u00f3n y mejora de viviendas propiedad de ayuntamientos y obispados dentro del programa Rehabitare que, para esta legislatura, prev\u00e9 intervenir en 28 viviendas en&nbsp;esta&nbsp;provincia. La inversi\u00f3n [&hellip;]<\/p>\n","protected":false},"author":1,"featured_media":1986,"comment_status":"open","ping_status":"closed","sticky":false,"template":"","format":"standard","meta":{"_monsterinsights_skip_tracking":false,"_monsterinsights_sitenote_active":false,"_monsterinsights_sitenote_note":"","_monsterinsights_sitenote_category":0,"site-container-style":"default","site-container-layout":"default","site-sidebar-layout":"default","disable-article-header":"default","disable-site-header":"default","disable-site-footer":"default","disable-content-area-spacing":"default","_jetpack_memberships_contains_paid_content":false,"footnotes":"","jetpack_publicize_message":"","jetpack_publicize_feature_enabled":true,"jetpack_social_post_already_shared":false,"jetpack_social_options":{"image_generator_settings":{"template":"highway","default_image_id":0,"font":"","enabled":false},"version":2}},"categories":[10],"tags":[],"class_list":["post-1985","post","type-post","status-publish","format-standard","has-post-thumbnail","hentry","category-castilla-y-leon"],"jetpack_publicize_connections":[],"jetpack_featured_media_url":"https:\/\/987aldia.com\/web\/wp-content\/uploads\/2023\/08\/blur-hospital-1.jpg","jetpack_sharing_enabled":true,"_links":{"self":[{"href":"https:\/\/987aldia.com\/web\/wp-json\/wp\/v2\/posts\/1985","targetHints":{"allow":["GET"]}}],"collection":[{"href":"https:\/\/987aldia.com\/web\/wp-json\/wp\/v2\/posts"}],"about":[{"href":"https:\/\/987aldia.com\/web\/wp-json\/wp\/v2\/types\/post"}],"author":[{"embeddable":true,"href":"https:\/\/987aldia.com\/web\/wp-json\/wp\/v2\/users\/1"}],"replies":[{"embeddable":true,"href":"https:\/\/987aldia.com\/web\/wp-json\/wp\/v2\/comments?post=1985"}],"version-history":[{"count":1,"href":"https:\/\/987aldia.com\/web\/wp-json\/wp\/v2\/posts\/1985\/revisions"}],"predecessor-version":[{"id":1987,"href":"https:\/\/987aldia.com\/web\/wp-json\/wp\/v2\/posts\/1985\/revisions\/1987"}],"wp:featuredmedia":[{"embeddable":true,"href":"https:\/\/987aldia.com\/web\/wp-json\/wp\/v2\/media\/1986"}],"wp:attachment":[{"href":"https:\/\/987aldia.com\/web\/wp-json\/wp\/v2\/media?parent=1985"}],"wp:term":[{"taxonomy":"category","embeddable":true,"href":"https:\/\/987aldia.com\/web\/wp-json\/wp\/v2\/categories?post=1985"},{"taxonomy":"post_tag","embeddable":true,"href":"https:\/\/987aldia.com\/web\/wp-json\/wp\/v2\/tags?post=1985"}],"curies":[{"name":"wp","href":"https:\/\/api.w.org\/{rel}","templated":true}]}}