{"id":1988,"date":"2023-08-16T12:34:58","date_gmt":"2023-08-16T12:34:58","guid":{"rendered":"https:\/\/987aldia.com\/web\/?p=1988"},"modified":"2023-08-16T12:34:59","modified_gmt":"2023-08-16T12:34:59","slug":"la-vertiente-leonesa-del-parque-nacional-de-los-picos-de-europa-cuenta-con-un-nuevo-centro-de-visitantes-en-posada-de-valdeon","status":"publish","type":"post","link":"https:\/\/987aldia.com\/web\/la-vertiente-leonesa-del-parque-nacional-de-los-picos-de-europa-cuenta-con-un-nuevo-centro-de-visitantes-en-posada-de-valdeon\/","title":{"rendered":"La vertiente leonesa del Parque Nacional de los Picos de Europa cuenta con un nuevo centro de visitantes en Posada de Valde\u00f3n"},"content":{"rendered":"\n<h2 class=\"wp-block-heading\"><strong>Este jueves 17 de agosto abrir\u00e1 sus puertas el centro de visitantes del Parque Nacional de los Picos de Europa con una jornada de puertas abiertas para vecinos y visitantes. Con una inversi\u00f3n que supera los 9,5 millones de euros, pretende ser el segundo centro de visitantes del Parque Nacional en Le\u00f3n despu\u00e9s de la apertura del centro de informaci\u00f3n &#8216;La Fonseya&#8217;, en Oseja de Sajambre, en 2019.<\/strong><\/h2>\n\n\n\n<p>El director general de Patrimonio Natural y Pol\u00edtica Forestal, Jos\u00e9 \u00c1ngel Arranz Sanz, y el alcalde Posada de Valde\u00f3n, Felipe Campo, recibir\u00e1n ma\u00f1ana jueves, 17 de agosto, a vecinos y visitantes en la jornada de puertas abiertas organizada con motivo del estreno de un nuevo centro de visitantes en la vertiente leonesa de Picos de Europa.&nbsp;<\/p>\n\n\n\n<p>Esta esperada infraestructura llega despu\u00e9s de 13 a\u00f1os. Fue en la Ley de Presupuestos Generales del Estado para 2010, en la disposici\u00f3n adicional vig\u00e9sima novena, donde se recogi\u00f3 la declaraci\u00f3n de inter\u00e9s general de la obra de construcci\u00f3n de este centro en el municipio de Posada de Valde\u00f3n.<\/p>\n\n\n\n<p>La financiaci\u00f3n de la construcci\u00f3n y su dotaci\u00f3n ha sido asumida por el organismo aut\u00f3nomo Parques Nacionales (OPAN), con una inversi\u00f3n total de 9.653.988 euros, en el marco del programa estrella de este ente, destinado a la realizaci\u00f3n de proyectos en la Red de Parques Nacionales.<\/p>\n\n\n\n<p>El centro de visitantes se erige en terrenos propiedad del Ayuntamiento de Posada de Valde\u00f3n, cuyo derecho real de superficie fue cedido al OAPN por el mencionado municipio con el fin de construir el edificio. Finalizada la construcci\u00f3n del centro \u2013el&nbsp;23 de septiembre de 2019\u2013&nbsp;y las actuaciones correspondientes a su dotaci\u00f3n interpretativa \u2013con fecha 29 de noviembre de 2022\u2013, esta semana se ha formalizado la cesi\u00f3n&nbsp;del edificio a favor de la Comunidad de Castilla y Le\u00f3n, que asumir\u00e1 su gesti\u00f3n integra.<\/p>\n\n\n\n<p>El centro de visitantes del Parque Nacional de Picos de Europa en Posada de Valde\u00f3n cuenta con 3.490,17 metros cuadrados de superficie construida. Consta de dos zonas claramente diferenciadas: la dedicada a usos m\u00faltiples \u2013con planta s\u00f3tano y baja\u2013 y la destinada a visitantes \u2013con planta baja, primera y segunda\u2013. Ambas zonas est\u00e1n conectadas por un vest\u00edbulo en planta baja. La superficie se distribuye en planta s\u00f3tano de 631,81 metros cuadrados, planta baja de 1.484,01 metros cuadrados, planta primera de 583,85 metros cuadrados y planta segunda de 790,50 metros cuadrados.<\/p>\n\n\n\n<p>El centro ofrecer\u00e1 informaci\u00f3n general sobre el Parque Nacional, que se ilustra a un nivel m\u00e1s detallado, siempre que ha sido posible, con ejemplos locales de los temas tratados.<\/p>\n\n\n\n<p><strong>Exposici\u00f3n y visita virtual en 3D<\/strong><\/p>\n\n\n\n<p>La exposici\u00f3n incluye numerosos paneles informativos con textos y fotograf\u00edas antiguas y modernas, interactivos, audiovisuales breves, maquetas, vitrinas con elementos corp\u00f3reos diversos \u2013por ejemplo, reproducciones muy realistas de animales o plantas\u2013 y un montaje audiovisual en el que se combinan im\u00e1genes reales y animaci\u00f3n por ordenador con pintura y reproducciones robotizadas de gran realismo. Adem\u00e1s, cuenta con gafas 3D para realizar una visita virtual a trav\u00e9s de algunas zonas del propio Parque Nacional.<\/p>\n\n\n\n<p>Todos los contenidos b\u00e1sicos de la exposici\u00f3n est\u00e1n disponibles en espa\u00f1ol e ingl\u00e9s. En el caso de los paneles, existen audiogu\u00edas que recogen el texto principal en ambos idiomas, lo que permite el acceso de los invidentes a dicha informaci\u00f3n.<\/p>\n\n\n\n<p>El nuevo centro recibir\u00e1 en las pr\u00f3ximas semanas una visita oficial con otros representantes de la Junta de Castilla y Le\u00f3n y del&nbsp;Organismo Aut\u00f3nomo Parques Nacionales.<\/p>\n\n\n\n<p><strong>El Parque Nacional<\/strong><\/p>\n\n\n\n<p>El Parque Nacional de los Picos de Europa, que se ubica entre la comunidades de Asturias, Cantabria y Castilla y Le\u00f3n, ocupa una superficie de total de 67.455 hect\u00e1reas, de las que 24.719 pertenecen a la provincia de Le\u00f3n.<\/p>\n\n\n\n<p>Con esta inversi\u00f3n pr\u00f3xima a los nueve millones de euros para el centro de visitantes de Posada de Valde\u00f3n, junto con los 2.512.806,49 euros que supuso la construcci\u00f3n y dotaci\u00f3n del centro de informaci\u00f3n &#8216;La Fonseya&#8217;,&nbsp;en Oseja de Sajambre, el desembolso total en estas singulares&nbsp;infraestructuras asciende a&nbsp;11,5 millones de euros.&nbsp;<\/p>\n\n\n\n<p>El objetivo es&nbsp;contribuir&nbsp;a la divulgaci\u00f3n de los valores naturales del Parque Nacional y a la promoci\u00f3n del turismo de naturaleza, hist\u00f3rico y de deporte, con el reto de diversificar el uso p\u00fablico y lograr una activaci\u00f3n econ\u00f3mica sostenible.<\/p>\n\n\n\n<p>Los horarios y calendario de apertura a lo largo del a\u00f1o podr\u00e1n ser consultados en los portales web del&nbsp;<a href=\"https:\/\/parquenacionalpicoseuropa.es\/\">Parque Nacional Picos de Europa<\/a>&nbsp;&nbsp; y de la&nbsp;&nbsp;<a href=\"https:\/\/patrimonionatural.org\/\">Fundaci\u00f3n del Patrimonio Natural de Castilla y Le\u00f3n<\/a>&nbsp;&nbsp;&nbsp;<\/p>\n","protected":false},"excerpt":{"rendered":"<p>Este jueves 17 de agosto abrir\u00e1 sus puertas el centro de visitantes del Parque Nacional de los Picos de Europa con una jornada de puertas abiertas para vecinos y visitantes. Con una inversi\u00f3n que supera los 9,5 millones de euros, pretende ser el segundo centro de visitantes del Parque Nacional en Le\u00f3n despu\u00e9s de la [&hellip;]<\/p>\n","protected":false},"author":1,"featured_media":1989,"comment_status":"open","ping_status":"closed","sticky":false,"template":"","format":"standard","meta":{"_monsterinsights_skip_tracking":false,"_monsterinsights_sitenote_active":false,"_monsterinsights_sitenote_note":"","_monsterinsights_sitenote_category":0,"site-container-style":"default","site-container-layout":"default","site-sidebar-layout":"default","disable-article-header":"default","disable-site-header":"default","disable-site-footer":"default","disable-content-area-spacing":"default","_jetpack_memberships_contains_paid_content":false,"footnotes":"","jetpack_publicize_message":"","jetpack_publicize_feature_enabled":true,"jetpack_social_post_already_shared":false,"jetpack_social_options":{"image_generator_settings":{"template":"highway","default_image_id":0,"font":"","enabled":false},"version":2}},"categories":[10],"tags":[],"class_list":["post-1988","post","type-post","status-publish","format-standard","has-post-thumbnail","hentry","category-castilla-y-leon"],"jetpack_publicize_connections":[],"jetpack_featured_media_url":"https:\/\/987aldia.com\/web\/wp-content\/uploads\/2023\/08\/fascinante-vista-montanas-acantilados-parque-nacional-picos-europa-espana.jpg","jetpack_sharing_enabled":true,"_links":{"self":[{"href":"https:\/\/987aldia.com\/web\/wp-json\/wp\/v2\/posts\/1988","targetHints":{"allow":["GET"]}}],"collection":[{"href":"https:\/\/987aldia.com\/web\/wp-json\/wp\/v2\/posts"}],"about":[{"href":"https:\/\/987aldia.com\/web\/wp-json\/wp\/v2\/types\/post"}],"author":[{"embeddable":true,"href":"https:\/\/987aldia.com\/web\/wp-json\/wp\/v2\/users\/1"}],"replies":[{"embeddable":true,"href":"https:\/\/987aldia.com\/web\/wp-json\/wp\/v2\/comments?post=1988"}],"version-history":[{"count":1,"href":"https:\/\/987aldia.com\/web\/wp-json\/wp\/v2\/posts\/1988\/revisions"}],"predecessor-version":[{"id":1990,"href":"https:\/\/987aldia.com\/web\/wp-json\/wp\/v2\/posts\/1988\/revisions\/1990"}],"wp:featuredmedia":[{"embeddable":true,"href":"https:\/\/987aldia.com\/web\/wp-json\/wp\/v2\/media\/1989"}],"wp:attachment":[{"href":"https:\/\/987aldia.com\/web\/wp-json\/wp\/v2\/media?parent=1988"}],"wp:term":[{"taxonomy":"category","embeddable":true,"href":"https:\/\/987aldia.com\/web\/wp-json\/wp\/v2\/categories?post=1988"},{"taxonomy":"post_tag","embeddable":true,"href":"https:\/\/987aldia.com\/web\/wp-json\/wp\/v2\/tags?post=1988"}],"curies":[{"name":"wp","href":"https:\/\/api.w.org\/{rel}","templated":true}]}}