{"id":1991,"date":"2023-08-17T12:20:06","date_gmt":"2023-08-17T12:20:06","guid":{"rendered":"https:\/\/987aldia.com\/web\/?p=1991"},"modified":"2023-08-17T12:20:36","modified_gmt":"2023-08-17T12:20:36","slug":"la-junta-aumentara-el-parque-publico-de-salamanca-en-246-viviendas-con-una-inversion-de-263-millones-de-euros","status":"publish","type":"post","link":"https:\/\/987aldia.com\/web\/la-junta-aumentara-el-parque-publico-de-salamanca-en-246-viviendas-con-una-inversion-de-263-millones-de-euros\/","title":{"rendered":"La Junta aumentar\u00e1 el parque p\u00fablico de Salamanca en 246 viviendas con una inversi\u00f3n de 26,3 millones de euros"},"content":{"rendered":"\n<h2 class=\"wp-block-heading\"><strong>La directora general de Vivienda, Arquitectura, Ordenaci\u00f3n del Territorio y Urbanismo, Mar\u00eda Pardo, ha visitado hoy las 12 viviendas de camineros que est\u00e1n en ejecuci\u00f3n en el municipio de Pe\u00f1aranda de Bracamonte, destinadas al alquiler joven, y que han contado con una inversi\u00f3n de 1,6 millones de euros. Hasta el final de la legislatura, la Junta contempla incrementar el parque p\u00fablico con 246 nuevas viviendas energ\u00e9ticamente eficientes en la provincia, destinadas preferentemente a j\u00f3venes, con una inversi\u00f3n total de 26,3 millones, 166 destinadas a alquiler y 80 a la venta.<\/strong><\/h2>\n\n\n\n<p>El programa de actuaciones en materia de vivienda que desarrolla la Consejer\u00eda de Medio Ambiente, Vivienda y Ordenaci\u00f3n del Territorio en la provincia de Salamanca en esta legislatura contempla, entre otras, la rehabilitaci\u00f3n y mejora de la eficiencia energ\u00e9tica de 12 antiguas viviendas de camineros, ubicadas en la Calle Parque de Obras P\u00fablicas del municipio de Pe\u00f1aranda de Bracamonte, con destino al alquiler joven.<\/p>\n\n\n\n<p>Estas obras, promovidas por la Sociedad P\u00fablica de Infraestructuras y Medio Ambiente (Somacyl), han supuesto una inversi\u00f3n de 1.645.119 euros y, una vez rehabilitadas, pasar\u00e1n a formar parte del parque p\u00fablico de viviendas en alquiler destinadas fundamentalmente a j\u00f3venes menores de 35&nbsp;a\u00f1os. La financiaci\u00f3n cuenta con el apoyo de los fondos europeos REACT-EU.<\/p>\n\n\n\n<p><strong>Viviendas de camineros&nbsp;<\/strong><\/p>\n\n\n\n<p>Las edificaciones de Camineros son promociones que los organismos con responsabilidad en la gesti\u00f3n del mantenimiento de v\u00edas p\u00fablicas consideraron necesarias para la estancia de sus trabajadores y familias en su entorno de actuaci\u00f3n profesional. Estas edificaciones se establecieron entre los a\u00f1os 1950 y 1970 en diversas poblaciones que se consideraban n\u00facleos de comunicaci\u00f3n para as\u00ed facilitar su intervenci\u00f3n en aquellas v\u00edas que requirieran su actuaci\u00f3n.<\/p>\n\n\n\n<p>Las edificaciones se encontraban en mal estado. Disponiendo en la mayor\u00eda de los casos de los elementos que conforman la estructura, fachadas, cubiertas, tabiquer\u00edas y revestimientos conformes a las condiciones t\u00e9cnicas requeridas en la \u00e9poca de construcci\u00f3n.<\/p>\n\n\n\n<p>Esta edificaci\u00f3n ten\u00eda un total de 20 viviendas que llevaban m\u00e1s de 13 a\u00f1os de obra cerrada, ya que hab\u00edan sido objeto de varias rehabilitaciones fallidas, y estaba sujeta a las vicisitudes del abandono de la conservaci\u00f3n y del vandalismo callejero.<\/p>\n\n\n\n<p>El proyecto plantea la rehabilitaci\u00f3n de 12 de esas veinte viviendas y el derribo de las otras ocho por encontrarse estas \u00faltimas en un estado muy comprometido que hac\u00eda pr\u00e1cticamente inviable su rehabilitaci\u00f3n.<\/p>\n\n\n\n<p>Las obras previstas en las viviendas consisten en completar la reforma iniciada hace a\u00f1os en las 12 viviendas existentes, realizando los trabajos necesarios para garantizar las condiciones de habitabilidad y seguridad estructural de las mismas. Se mantienen los cerramientos existentes, as\u00ed como los huecos de fachada. Tambi\u00e9n se mantiene la tabiquer\u00eda interior salvo un nuevo aseo que se incorpora en la planta baja. Se renovar\u00e1n todos los aislamientos, instalaciones, carpinter\u00edas y acabados de las viviendas.&nbsp; Se instalar\u00e1n tambi\u00e9n&nbsp;los servicios comunes de las viviendas (caldera, silo de almacenamiento de pellets, riego de zonas verdes\u2026), que con todas estas actuaciones permitir\u00e1n tener viviendas con un certificado energ\u00e9tico tipo A y&nbsp;de una alta calidad acorde a lo que establece el C\u00f3digo T\u00e9cnico de la Edificaci\u00f3n.<\/p>\n\n\n\n<p>Las obras previstas al exterior de las viviendas, se diferencia en dos zonas: la frontal a las viviendas 1 a 6 con acerado de baldosas en zonas de paso y jardines con arbolado y otra zona posterior que estar\u00e1 vallada y dispondr\u00e1 de zona de aparcamiento de veh\u00edculos al aire libre y zonas verdes con acerado para el acceso a las viviendas.<\/p>\n\n\n\n<p>Todas las viviendas unifamiliares se distribuyen en planta baja y primera, disponiendo en planta baja de recibidor, sal\u00f3n-comedor, cocina aseo y escalera de acceso a planta 1\u00ba. Desde el sal\u00f3n se accede a un peque\u00f1o patio trasero. En la planta primera se ubican los tres dormitorios y un ba\u00f1o. En total hace una superficie \u00fatil de vivienda (sin contar los porches) de unos 90 m2.<\/p>\n\n\n\n<p>Una vez rehabilitadas, estas viviendas estar\u00e1n en disposici\u00f3n de formar parte del parque p\u00fablico de viviendas en alquiler que gestiona Somacyl, destin\u00e1ndose fundamentalmente a j\u00f3venes menores de 35 a\u00f1os.<\/p>\n\n\n\n<p>En total son 12 viviendas en tipolog\u00eda unifamiliar adosada de una superficie construida de unos 120 m2 aproximadamente.&nbsp;<\/p>\n\n\n\n<p>Adem\u00e1s de estas viviendas en Pe\u00f1aranda de Bracamonte, la Junta interviene en otras 11 viviendas de camineros en la localidad de Ciudad Rodrigo, con una inversi\u00f3n de 1,4 millones de euros que tambi\u00e9n contar\u00e1 con el apoyo de fondos europeos REACT-UE.<\/p>\n\n\n\n<p><strong>Otras inversiones para el incremento del parque p\u00fablico<\/strong><\/p>\n\n\n\n<p>La Junta de Castilla y Le\u00f3n tambi\u00e9n cuenta con promociones en venta con descuento del 20% para j\u00f3venes menores de 35 a\u00f1os.&nbsp;Un total de 80 viviendas para las que hay una inversi\u00f3n de 9,6 millones de euros, en los municipios de Do\u00f1inos, Guijuelo, Villoria y Santa Marta de Tormes.<\/p>\n\n\n\n<p>Por otro lado, La Junta tambi\u00e9n dispone de 103 viviendas en Salamanca capital destinadas al cohuosing que promover\u00e1 el Patronato de Salamanca, y cuya inversi\u00f3n es de 10,9 millones de euros.<\/p>\n\n\n\n<p>Por \u00faltimo, el Programa Rehabitare lleva, hasta 2022, rehabilitadas un total de 58 viviendas, y tiene previsto a\u00f1adir 40 nuevas viviendas al parque p\u00fabico con una inversi\u00f3n de 2,8 millones de euros.<\/p>\n","protected":false},"excerpt":{"rendered":"<p>La directora general de Vivienda, Arquitectura, Ordenaci\u00f3n del Territorio y Urbanismo, Mar\u00eda Pardo, ha visitado hoy las 12 viviendas de camineros que est\u00e1n en ejecuci\u00f3n en el municipio de Pe\u00f1aranda de Bracamonte, destinadas al alquiler joven, y que han contado con una inversi\u00f3n de 1,6 millones de euros. Hasta el final de la legislatura, la [&hellip;]<\/p>\n","protected":false},"author":1,"featured_media":1994,"comment_status":"open","ping_status":"closed","sticky":false,"template":"","format":"standard","meta":{"_monsterinsights_skip_tracking":false,"_monsterinsights_sitenote_active":false,"_monsterinsights_sitenote_note":"","_monsterinsights_sitenote_category":0,"site-container-style":"default","site-container-layout":"default","site-sidebar-layout":"default","disable-article-header":"default","disable-site-header":"default","disable-site-footer":"default","disable-content-area-spacing":"default","_jetpack_memberships_contains_paid_content":false,"footnotes":"","jetpack_publicize_message":"","jetpack_publicize_feature_enabled":true,"jetpack_social_post_already_shared":false,"jetpack_social_options":{"image_generator_settings":{"template":"highway","default_image_id":0,"font":"","enabled":false},"version":2}},"categories":[10],"tags":[],"class_list":["post-1991","post","type-post","status-publish","format-standard","has-post-thumbnail","hentry","category-castilla-y-leon"],"jetpack_publicize_connections":[],"jetpack_featured_media_url":"https:\/\/987aldia.com\/web\/wp-content\/uploads\/2023\/08\/WhatsAppImage2023-08-17at12.49.18-1.jpeg","jetpack_sharing_enabled":true,"_links":{"self":[{"href":"https:\/\/987aldia.com\/web\/wp-json\/wp\/v2\/posts\/1991","targetHints":{"allow":["GET"]}}],"collection":[{"href":"https:\/\/987aldia.com\/web\/wp-json\/wp\/v2\/posts"}],"about":[{"href":"https:\/\/987aldia.com\/web\/wp-json\/wp\/v2\/types\/post"}],"author":[{"embeddable":true,"href":"https:\/\/987aldia.com\/web\/wp-json\/wp\/v2\/users\/1"}],"replies":[{"embeddable":true,"href":"https:\/\/987aldia.com\/web\/wp-json\/wp\/v2\/comments?post=1991"}],"version-history":[{"count":1,"href":"https:\/\/987aldia.com\/web\/wp-json\/wp\/v2\/posts\/1991\/revisions"}],"predecessor-version":[{"id":1993,"href":"https:\/\/987aldia.com\/web\/wp-json\/wp\/v2\/posts\/1991\/revisions\/1993"}],"wp:featuredmedia":[{"embeddable":true,"href":"https:\/\/987aldia.com\/web\/wp-json\/wp\/v2\/media\/1994"}],"wp:attachment":[{"href":"https:\/\/987aldia.com\/web\/wp-json\/wp\/v2\/media?parent=1991"}],"wp:term":[{"taxonomy":"category","embeddable":true,"href":"https:\/\/987aldia.com\/web\/wp-json\/wp\/v2\/categories?post=1991"},{"taxonomy":"post_tag","embeddable":true,"href":"https:\/\/987aldia.com\/web\/wp-json\/wp\/v2\/tags?post=1991"}],"curies":[{"name":"wp","href":"https:\/\/api.w.org\/{rel}","templated":true}]}}