{"id":1999,"date":"2023-08-22T10:19:27","date_gmt":"2023-08-22T10:19:27","guid":{"rendered":"https:\/\/987aldia.com\/web\/?p=1999"},"modified":"2023-08-22T10:19:28","modified_gmt":"2023-08-22T10:19:28","slug":"denunciados-dos-cazadores-por-infringir-la-ley-de-caza-y-de-gestion-sostenible-en-villadiego","status":"publish","type":"post","link":"https:\/\/987aldia.com\/web\/denunciados-dos-cazadores-por-infringir-la-ley-de-caza-y-de-gestion-sostenible-en-villadiego\/","title":{"rendered":"Denunciados dos cazadores por infringir la Ley de Caza y de Gesti\u00f3n Sostenible en Villadiego"},"content":{"rendered":"\n<h2 class=\"wp-block-heading\"><strong>Los cazadores, residentes en Cantabria, han sido denunciados por cazar con reclamos de codorniz y utilizando m\u00e1s perros de los permitidos para la caza en la media veda en el t\u00e9rmino municipal de Villadiego.<\/strong><\/h2>\n\n\n\n<p>Los cazadores fueron denunciados por el personal del Servicio Territorial de Medio Ambiente de la Junta de Castilla y Le\u00f3n en Burgos&nbsp;como presuntos infractores a la Ley 4\/2021 de Caza y de Gesti\u00f3n Sostenible de los Recursos Cineg\u00e9ticos de Castilla y Le\u00f3n en el t\u00e9rmino municipal de Villadiego.<\/p>\n\n\n\n<p>Los denunciados estaban cazando al amparo de dos reclamos de codorniz, uno de ellos utilizando m\u00e1s perros de los permitidos para la caza en la media veda y careciendo uno de los perros de microchip; mientras que la otra persona tambi\u00e9n fue denunciada por portar una escopeta semiautom\u00e1tica que carec\u00eda de limitador, pudiendo albergar m\u00e1s de dos cartuchos en su cargador.<\/p>\n\n\n\n<p>El uso de reclamos electr\u00f3nicos hace que las codornices se agrupen de forma antinatural en una zona o zonas pr\u00f3ximas al lugar en el que est\u00e1 colocado el reclamo, que por lo general se mantiene funcionando gran parte de la noche. En este caso, los reclamos estuvieron funcionando hasta poco antes del amanecer, momento en el que dejaron de hacerlo gracias a un temporizador.&nbsp;<\/p>\n\n\n\n<p>Esta forma de caza, il\u00edcita y antideportiva, consigue atraer codornices de otras zonas del coto o de los cotos lim\u00edtrofes, con el perjuicio que esto supone para otros cazadores o para los titulares de los cotos colindantes.<\/p>\n\n\n\n<p>Desde el Servicio Territorial de Medio Ambiente de Burgos se viene reforzando la vigilancia en estas \u00e9pocas para intentar erradicar estas y otras&nbsp; malas pr\u00e1cticas en el campo, solicitando que aquellas personas que conozcan estas acciones, lo denuncien a este Servicio con el fin de apoyar a los cazadores deportivos que cumplen las normas y preservar adem\u00e1s las especies.<\/p>\n","protected":false},"excerpt":{"rendered":"<p>Los cazadores, residentes en Cantabria, han sido denunciados por cazar con reclamos de codorniz y utilizando m\u00e1s perros de los permitidos para la caza en la media veda en el t\u00e9rmino municipal de Villadiego. Los cazadores fueron denunciados por el personal del Servicio Territorial de Medio Ambiente de la Junta de Castilla y Le\u00f3n en [&hellip;]<\/p>\n","protected":false},"author":1,"featured_media":2000,"comment_status":"open","ping_status":"closed","sticky":false,"template":"","format":"standard","meta":{"_monsterinsights_skip_tracking":false,"_monsterinsights_sitenote_active":false,"_monsterinsights_sitenote_note":"","_monsterinsights_sitenote_category":0,"site-container-style":"default","site-container-layout":"default","site-sidebar-layout":"default","disable-article-header":"default","disable-site-header":"default","disable-site-footer":"default","disable-content-area-spacing":"default","_jetpack_memberships_contains_paid_content":false,"footnotes":"","jetpack_publicize_message":"","jetpack_publicize_feature_enabled":true,"jetpack_social_post_already_shared":false,"jetpack_social_options":{"image_generator_settings":{"template":"highway","default_image_id":0,"font":"","enabled":false},"version":2}},"categories":[10],"tags":[],"class_list":["post-1999","post","type-post","status-publish","format-standard","has-post-thumbnail","hentry","category-castilla-y-leon"],"jetpack_publicize_connections":[],"jetpack_featured_media_url":"https:\/\/987aldia.com\/web\/wp-content\/uploads\/2023\/08\/Fotografia_page-0001.jpg","jetpack_sharing_enabled":true,"_links":{"self":[{"href":"https:\/\/987aldia.com\/web\/wp-json\/wp\/v2\/posts\/1999","targetHints":{"allow":["GET"]}}],"collection":[{"href":"https:\/\/987aldia.com\/web\/wp-json\/wp\/v2\/posts"}],"about":[{"href":"https:\/\/987aldia.com\/web\/wp-json\/wp\/v2\/types\/post"}],"author":[{"embeddable":true,"href":"https:\/\/987aldia.com\/web\/wp-json\/wp\/v2\/users\/1"}],"replies":[{"embeddable":true,"href":"https:\/\/987aldia.com\/web\/wp-json\/wp\/v2\/comments?post=1999"}],"version-history":[{"count":1,"href":"https:\/\/987aldia.com\/web\/wp-json\/wp\/v2\/posts\/1999\/revisions"}],"predecessor-version":[{"id":2001,"href":"https:\/\/987aldia.com\/web\/wp-json\/wp\/v2\/posts\/1999\/revisions\/2001"}],"wp:featuredmedia":[{"embeddable":true,"href":"https:\/\/987aldia.com\/web\/wp-json\/wp\/v2\/media\/2000"}],"wp:attachment":[{"href":"https:\/\/987aldia.com\/web\/wp-json\/wp\/v2\/media?parent=1999"}],"wp:term":[{"taxonomy":"category","embeddable":true,"href":"https:\/\/987aldia.com\/web\/wp-json\/wp\/v2\/categories?post=1999"},{"taxonomy":"post_tag","embeddable":true,"href":"https:\/\/987aldia.com\/web\/wp-json\/wp\/v2\/tags?post=1999"}],"curies":[{"name":"wp","href":"https:\/\/api.w.org\/{rel}","templated":true}]}}