{"id":2002,"date":"2023-08-24T08:52:27","date_gmt":"2023-08-24T08:52:27","guid":{"rendered":"https:\/\/987aldia.com\/web\/?p=2002"},"modified":"2023-08-24T08:52:28","modified_gmt":"2023-08-24T08:52:28","slug":"la-consejeria-de-agricultura-ganaderia-y-desarrollo-rural-licita-las-obras-para-la-ejecucion-de-dos-plantas-solares-fotovoltaicas-en-la-comunidad-de-regantes-de-la-armuna-en-salamanca-por-mas-de-7","status":"publish","type":"post","link":"https:\/\/987aldia.com\/web\/la-consejeria-de-agricultura-ganaderia-y-desarrollo-rural-licita-las-obras-para-la-ejecucion-de-dos-plantas-solares-fotovoltaicas-en-la-comunidad-de-regantes-de-la-armuna-en-salamanca-por-mas-de-7\/","title":{"rendered":"La Consejer\u00eda de Agricultura, Ganader\u00eda y Desarrollo Rural licita las obras para la ejecuci\u00f3n de dos plantas solares fotovoltaicas en la Comunidad de Regantes de La Armu\u00f1a, en Salamanca, por m\u00e1s de 7 millones de euros"},"content":{"rendered":"\n<ul class=\"wp-block-list\">\n<li>La instalaci\u00f3n fotovoltaica supondr\u00e1 una inversi\u00f3n de 7,16 millones de euros y ser\u00e1 financiada al 50 % entre el Itacyl y los agricultores<\/li>\n\n\n\n<li>La zona regable abarca una superficie de 6.577 hect\u00e1reas en los t\u00e9rminos municipales salmantinos de El Campo de Pe\u00f1aranda, Cantalpino, P\u00f3veda de las Cintas, Villaflores y Zorita de la Frontera<\/li>\n\n\n\n<li>Se construir\u00e1n dos plantas fotovoltaicas en El Campo de Pe\u00f1aranda y Poveda de las Cintas, con potencias pico de 4,2 y 1,4 megavatios<\/li>\n<\/ul>\n\n\n\n<p>La Consejer\u00eda de Agricultura, Ganader\u00eda y Desarrollo Rural, a trav\u00e9s del Itacyl, ha publicado la licitaci\u00f3n de las obras del proyecto de las obras de instalaci\u00f3n de dos plantas solares de producci\u00f3n fotovoltaica en la estaci\u00f3n de bombeo principal y estaci\u00f3n de bombeo de la balsa&nbsp;de la Comunidad de Regantes de La Armu\u00f1a (Salamanca), por un importe de licitaci\u00f3n de 7,16 millones de euros, con un plazo de ejecuci\u00f3n previsto de nueve meses.<\/p>\n\n\n\n<p>Las obras proyectadas&nbsp;constan de la instalaci\u00f3n dos parques solares fotovoltaicos para suministrar energ\u00eda el\u00e9ctrica a la estaci\u00f3n de bombeo principal (sectores de riego A, B y C)&nbsp;y a la estaci\u00f3n de bombeo de la balsa (sector de riego E)&nbsp;de la citada Comunidad de Regantes. El parque fotovoltaico de la estaci\u00f3n principal, ubicado en El Campo de Pe\u00f1aranda, tendr\u00e1 una potencia pico de 4.244 kilovatios, y el de la estaci\u00f3n de bombeo de la balsa, situado en Poveda de las Cintas, una potencia de 1.414,8 kilovatios. Los parques fotovoltaicos ser\u00e1n exclusivamente para autoconsumo y sin venta de excedentes.<\/p>\n\n\n\n<p>La Comunidad de Regantes de La Armu\u00f1a administra una superficie regable de 6.577 hect\u00e1reas en los t\u00e9rminos de El Campo de Pe\u00f1aranda, Cantalpino, P\u00f3veda de las Cintas, Villaflores y Zorita de la Frontera, todos ellos en la provincia salmantina.<\/p>\n\n\n\n<p>Esta actuaci\u00f3n se realiza en aplicaci\u00f3n del convenio de colaboraci\u00f3n entre el Itacyl y la Comunidad de Regantes para el pilotaje de sistemas innovadores y sostenibles de suministro energ\u00e9tico para el riego basados en energ\u00edas alternativas, por el que se estableci\u00f3 el r\u00e9gimen de financiaci\u00f3n, correspondiendo un 50 % a la Junta de Castilla y Le\u00f3n y un 50 % a la Comunidad de Regantes.<\/p>\n\n\n\n<p>Con esta actuaci\u00f3n se avanza en el compromiso de la Consejer\u00eda de Agricultura, Ganader\u00eda y Desarrollo Rural de impulsar la eficiencia energ\u00e9tica, incidiendo en las actuaciones relacionadas con el uso de agua y de manera especial en las dirigidas a reducir los costes de producci\u00f3n de las explotaciones de regad\u00edo donde el consumo de energ\u00eda tiene un peso importante en la factura que deben soportar los cultivos.<\/p>\n\n\n\n<p>Con la ejecuci\u00f3n del proyecto, esta nueva zona regable consigue un regad\u00edo m\u00e1s sostenible, reduciendo los costes operativos de su actividad al conseguir una importante independencia energ\u00e9tica respecto del suministro el\u00e9ctrico convencional, lo que implica una sustancial mejora en la competitividad y la rentabilidad de las explotaciones y un ahorro para los regantes.<\/p>\n\n\n\n<p>La zona regable de La Armu\u00f1a, puesta en servicio este a\u00f1o, es una de las actuaciones de nuevos regad\u00edos m\u00e1s importantes desarrollada en Castilla y Le\u00f3n. Con esta nueva actuaci\u00f3n de implantaci\u00f3n de energ\u00edas fotovoltaica, se complementa la infraestructura y pone de manifiesto la apuesta de la Junta de Castilla y Le\u00f3n por el regad\u00edo como pilar fundamental del desarrollo rural en la Comunidad.<\/p>\n","protected":false},"excerpt":{"rendered":"<p>La Consejer\u00eda de Agricultura, Ganader\u00eda y Desarrollo Rural, a trav\u00e9s del Itacyl, ha publicado la licitaci\u00f3n de las obras del proyecto de las obras de instalaci\u00f3n de dos plantas solares de producci\u00f3n fotovoltaica en la estaci\u00f3n de bombeo principal y estaci\u00f3n de bombeo de la balsa&nbsp;de la Comunidad de Regantes de La Armu\u00f1a (Salamanca), por [&hellip;]<\/p>\n","protected":false},"author":1,"featured_media":2003,"comment_status":"open","ping_status":"closed","sticky":false,"template":"","format":"standard","meta":{"_monsterinsights_skip_tracking":false,"_monsterinsights_sitenote_active":false,"_monsterinsights_sitenote_note":"","_monsterinsights_sitenote_category":0,"site-container-style":"default","site-container-layout":"default","site-sidebar-layout":"default","disable-article-header":"default","disable-site-header":"default","disable-site-footer":"default","disable-content-area-spacing":"default","_jetpack_memberships_contains_paid_content":false,"footnotes":"","jetpack_publicize_message":"","jetpack_publicize_feature_enabled":true,"jetpack_social_post_already_shared":false,"jetpack_social_options":{"image_generator_settings":{"template":"highway","default_image_id":0,"font":"","enabled":false},"version":2}},"categories":[10],"tags":[],"class_list":["post-2002","post","type-post","status-publish","format-standard","has-post-thumbnail","hentry","category-castilla-y-leon"],"jetpack_publicize_connections":[],"jetpack_featured_media_url":"https:\/\/987aldia.com\/web\/wp-content\/uploads\/2023\/08\/american-public-power-association-513dBrMJ_5w-unsplash.jpg","jetpack_sharing_enabled":true,"_links":{"self":[{"href":"https:\/\/987aldia.com\/web\/wp-json\/wp\/v2\/posts\/2002","targetHints":{"allow":["GET"]}}],"collection":[{"href":"https:\/\/987aldia.com\/web\/wp-json\/wp\/v2\/posts"}],"about":[{"href":"https:\/\/987aldia.com\/web\/wp-json\/wp\/v2\/types\/post"}],"author":[{"embeddable":true,"href":"https:\/\/987aldia.com\/web\/wp-json\/wp\/v2\/users\/1"}],"replies":[{"embeddable":true,"href":"https:\/\/987aldia.com\/web\/wp-json\/wp\/v2\/comments?post=2002"}],"version-history":[{"count":1,"href":"https:\/\/987aldia.com\/web\/wp-json\/wp\/v2\/posts\/2002\/revisions"}],"predecessor-version":[{"id":2004,"href":"https:\/\/987aldia.com\/web\/wp-json\/wp\/v2\/posts\/2002\/revisions\/2004"}],"wp:featuredmedia":[{"embeddable":true,"href":"https:\/\/987aldia.com\/web\/wp-json\/wp\/v2\/media\/2003"}],"wp:attachment":[{"href":"https:\/\/987aldia.com\/web\/wp-json\/wp\/v2\/media?parent=2002"}],"wp:term":[{"taxonomy":"category","embeddable":true,"href":"https:\/\/987aldia.com\/web\/wp-json\/wp\/v2\/categories?post=2002"},{"taxonomy":"post_tag","embeddable":true,"href":"https:\/\/987aldia.com\/web\/wp-json\/wp\/v2\/tags?post=2002"}],"curies":[{"name":"wp","href":"https:\/\/api.w.org\/{rel}","templated":true}]}}