{"id":2005,"date":"2023-08-25T09:17:14","date_gmt":"2023-08-25T09:17:14","guid":{"rendered":"https:\/\/987aldia.com\/web\/?p=2005"},"modified":"2023-08-25T09:17:15","modified_gmt":"2023-08-25T09:17:15","slug":"diez-anos-despues-del-exito-en-su-estreno-mundial-riego-de-la-vega-acoge-el-reestreno-de-la-pelicula-territoriu-de-bandolerus","status":"publish","type":"post","link":"https:\/\/987aldia.com\/web\/diez-anos-despues-del-exito-en-su-estreno-mundial-riego-de-la-vega-acoge-el-reestreno-de-la-pelicula-territoriu-de-bandolerus\/","title":{"rendered":"Diez a\u00f1os despu\u00e9s del \u00e9xito en su estreno mundial Riego de la Vega acoge el reestreno de la pel\u00edcula \u00abTerritoriu de Bandolerus\u00bb"},"content":{"rendered":"\n<h2 class=\"wp-block-heading\">Con una puesta en escena que bati\u00f3 r\u00e9cord de asistencia, en el campo de f\u00fatbol de la localidad cacere\u00f1a de Serradilla se dieron cita 3.500 espectadores.<\/h2>\n\n\n\n<p>Riego de la Vega sigue apostando por el cine entre sus actividades culturales y como continuidad al Festival Internacional de Cortometrajes \u201cLuna de Cortos\u201d, acaba de celebrar la X Edici\u00f3n, y en colaboraci\u00f3n con el Ayuntamiento, ha programado la pel\u00edcula \u201cTerritorio de Bandoleros\u201d al cumplirse diez a\u00f1os del \u00e9xito en su estreno mundial en Serradilla, C\u00e1ceres.<\/p>\n\n\n\n<p>La pel\u00edcula dirigida por N\u00e9stor del Barco y Jos\u00e9 Ignacio Cobos, realiz\u00f3 su premier el 17 de agosto de 2013 con una puesta en escena que bati\u00f3 el r\u00e9cord de asistencia, entonces en el campo de f\u00fatbol de Serradilla se dieron cita 3.500 espectadores en una localidad de 1.800 habitantes, algo inusual en Espa\u00f1a.<\/p>\n\n\n\n<p>Ambientada en el siglo XIX y basada en hechos reales, narra las aventuras de un joven de 15 a\u00f1os, Juan Morales \u201cEl Cabrer\u00edn\u201d, que mata a un hombre mientras cuida su reba\u00f1o de cabras. Antes que enfrentarse a una posible pena de muerte, decide echarse al monte llegando a convertirse en el bandolero m\u00e1s poderoso de la comarca de Monfrag\u00fce.<\/p>\n\n\n\n<p>Localizada en escenarios de la poblaci\u00f3n extreme\u00f1a de Serradilla y su entorno del Parque Nacional de Monfrag\u00fce, el rodaje dur\u00f3 18 meses y cont\u00f3 con la participaci\u00f3n de los vecinos de la localidad que aportaron ilusi\u00f3n, colaboraci\u00f3n y actuaci\u00f3n, m\u00e1s de 200 actores, as\u00ed como 40 caballos y carrozas de \u00e9poca cedidos por los vecinos.<\/p>\n\n\n\n<p>Los di\u00e1logos son en serraillanu, un habla de origen que lleg\u00f3 a la zona occidental extreme\u00f1a en el proceso de reconquista por el reino de Le\u00f3n y que a\u00fan pervive al paso del tiempo en esa tierra.<br>.<br>La pel\u00edcula que ha recibido los premios San Pancracio Reyes Abades del Festival Solidario de Cine Espa\u00f1ol, el premio de Cultura de la Casa Regional de Extremadura y la Medalla de Oro de Serradilla, est\u00e1 considerada patrimonio cultural de esta poblaci\u00f3n.<\/p>\n\n\n\n<p>S\u00e1bado, 26 de Agosto 2023 | 20:00 horas Centro de Cultura &#8211; Riego de la Vega<br>Organiza: Festival Internacional \u00abLuna de Cortos\u00bb Con la colaboraci\u00f3n del Ayuntamiento de Riego de la Vega<\/p>\n\n\n\n<p>Entrada de acceso libre y gratuito.<\/p>\n","protected":false},"excerpt":{"rendered":"<p>Con una puesta en escena que bati\u00f3 r\u00e9cord de asistencia, en el campo de f\u00fatbol de la localidad cacere\u00f1a de Serradilla se dieron cita 3.500 espectadores. Riego de la Vega sigue apostando por el cine entre sus actividades culturales y como continuidad al Festival Internacional de Cortometrajes \u201cLuna de Cortos\u201d, acaba de celebrar la X [&hellip;]<\/p>\n","protected":false},"author":1,"featured_media":2006,"comment_status":"open","ping_status":"closed","sticky":false,"template":"","format":"standard","meta":{"_monsterinsights_skip_tracking":false,"_monsterinsights_sitenote_active":false,"_monsterinsights_sitenote_note":"","_monsterinsights_sitenote_category":0,"site-container-style":"default","site-container-layout":"default","site-sidebar-layout":"default","disable-article-header":"default","disable-site-header":"default","disable-site-footer":"default","disable-content-area-spacing":"default","_jetpack_memberships_contains_paid_content":false,"footnotes":"","jetpack_publicize_message":"","jetpack_publicize_feature_enabled":true,"jetpack_social_post_already_shared":false,"jetpack_social_options":{"image_generator_settings":{"template":"highway","default_image_id":0,"font":"","enabled":false},"version":2}},"categories":[7],"tags":[],"class_list":["post-2005","post","type-post","status-publish","format-standard","has-post-thumbnail","hentry","category-notas-de-prensa"],"jetpack_publicize_connections":[],"jetpack_featured_media_url":"https:\/\/987aldia.com\/web\/wp-content\/uploads\/2023\/08\/bandolers-21.jpg","jetpack_sharing_enabled":true,"_links":{"self":[{"href":"https:\/\/987aldia.com\/web\/wp-json\/wp\/v2\/posts\/2005","targetHints":{"allow":["GET"]}}],"collection":[{"href":"https:\/\/987aldia.com\/web\/wp-json\/wp\/v2\/posts"}],"about":[{"href":"https:\/\/987aldia.com\/web\/wp-json\/wp\/v2\/types\/post"}],"author":[{"embeddable":true,"href":"https:\/\/987aldia.com\/web\/wp-json\/wp\/v2\/users\/1"}],"replies":[{"embeddable":true,"href":"https:\/\/987aldia.com\/web\/wp-json\/wp\/v2\/comments?post=2005"}],"version-history":[{"count":1,"href":"https:\/\/987aldia.com\/web\/wp-json\/wp\/v2\/posts\/2005\/revisions"}],"predecessor-version":[{"id":2007,"href":"https:\/\/987aldia.com\/web\/wp-json\/wp\/v2\/posts\/2005\/revisions\/2007"}],"wp:featuredmedia":[{"embeddable":true,"href":"https:\/\/987aldia.com\/web\/wp-json\/wp\/v2\/media\/2006"}],"wp:attachment":[{"href":"https:\/\/987aldia.com\/web\/wp-json\/wp\/v2\/media?parent=2005"}],"wp:term":[{"taxonomy":"category","embeddable":true,"href":"https:\/\/987aldia.com\/web\/wp-json\/wp\/v2\/categories?post=2005"},{"taxonomy":"post_tag","embeddable":true,"href":"https:\/\/987aldia.com\/web\/wp-json\/wp\/v2\/tags?post=2005"}],"curies":[{"name":"wp","href":"https:\/\/api.w.org\/{rel}","templated":true}]}}