{"id":2008,"date":"2023-08-29T10:00:00","date_gmt":"2023-08-29T10:00:00","guid":{"rendered":"https:\/\/987aldia.com\/web\/?p=2008"},"modified":"2023-08-28T07:37:31","modified_gmt":"2023-08-28T07:37:31","slug":"la-junta-amplia-el-transporte-escolar-gratuito-para-los-alumnos-de-bachillerato-matriculados-en-un-municipio-diferente-del-centro-que-les-corresponda","status":"publish","type":"post","link":"https:\/\/987aldia.com\/web\/la-junta-amplia-el-transporte-escolar-gratuito-para-los-alumnos-de-bachillerato-matriculados-en-un-municipio-diferente-del-centro-que-les-corresponda\/","title":{"rendered":"La Junta ampl\u00eda el transporte escolar gratuito para los alumnos de Bachillerato matriculados en un municipio diferente del centro que les corresponda"},"content":{"rendered":"\n<ul class=\"wp-block-list\">\n<li>La Consejer\u00eda de Educaci\u00f3n publica en el Bocyl la modificaci\u00f3n de la Orden que se regula el servicio de transporte escolar para incluir a este alumnado<\/li>\n\n\n\n<li>El departamento que dirige Roc\u00edo Lucas estima que alrededor de 2.695 estudiantes se podr\u00e1n beneficiar de esta medida ya en el curso 2023-2024<\/li>\n\n\n\n<li>Castilla y Le\u00f3n destin\u00f3 el pasado a\u00f1o 53,8 millones de euros para poner en funcionamiento diariamente 2.046 rutas, supervisadas por 885 acompa\u00f1antes, con 35.500 alumnos trasportados<\/li>\n<\/ul>\n\n\n\n<p>El servicio de transporte escolar es un servicio b\u00e1sico para estructurar y organizar el sistema educativo de la Comunidad dada la gran extensi\u00f3n del territorio de Castilla y Le\u00f3n y la dispersi\u00f3n de su poblaci\u00f3n. Enmarcado en la pol\u00edtica de mejora de los servicios complementarios, la Junta de Castilla y Le\u00f3n va a ampliar la gratuidad de este servicio a determinados alumnos de Bachillerato.<\/p>\n\n\n\n<p>De esta forma, el Bolet\u00edn Oficial de Castilla y Le\u00f3n (Bocyl) recoge esta ma\u00f1ana la modificaci\u00f3n de la Orden que regula el servicio de transporte escolar en los centros docentes p\u00fablicos dependientes de la Consejer\u00eda de Educaci\u00f3n para incluir a los estudiantes de Bachillerato cuyo domicilio se encuentre en un municipio diferente del centro de escolarizaci\u00f3n que le corresponda.<\/p>\n\n\n\n<p>El departamento que dirige Roc\u00edo Lucas estima que alrededor de 2.695 alumnos se podr\u00e1n beneficiar de esta medida ya en el curso 2023-2024. As\u00ed, podr\u00e1n ocupar plazas vacantes tanto en alguna de las rutas contratadas para niveles obligatorios, como en las rutas escolares integradas en l\u00edneas de transporte regular de viajeros por carretera.<\/p>\n\n\n\n<p>Castilla y Le\u00f3n destin\u00f3 el pasado a\u00f1o 53,8 millones de euros para poner en funcionamiento diariamente 2.046 rutas, supervisadas por 885 acompa\u00f1antes, con 35.500 alumnos trasportados.<\/p>\n","protected":false},"excerpt":{"rendered":"<p>El servicio de transporte escolar es un servicio b\u00e1sico para estructurar y organizar el sistema educativo de la Comunidad dada la gran extensi\u00f3n del territorio de Castilla y Le\u00f3n y la dispersi\u00f3n de su poblaci\u00f3n. Enmarcado en la pol\u00edtica de mejora de los servicios complementarios, la Junta de Castilla y Le\u00f3n va a ampliar la [&hellip;]<\/p>\n","protected":false},"author":1,"featured_media":2009,"comment_status":"open","ping_status":"closed","sticky":false,"template":"","format":"standard","meta":{"_monsterinsights_skip_tracking":false,"_monsterinsights_sitenote_active":false,"_monsterinsights_sitenote_note":"","_monsterinsights_sitenote_category":0,"site-container-style":"default","site-container-layout":"default","site-sidebar-layout":"default","disable-article-header":"default","disable-site-header":"default","disable-site-footer":"default","disable-content-area-spacing":"default","_jetpack_memberships_contains_paid_content":false,"footnotes":"","jetpack_publicize_message":"","jetpack_publicize_feature_enabled":true,"jetpack_social_post_already_shared":false,"jetpack_social_options":{"image_generator_settings":{"template":"highway","default_image_id":0,"font":"","enabled":false},"version":2}},"categories":[10],"tags":[],"class_list":["post-2008","post","type-post","status-publish","format-standard","has-post-thumbnail","hentry","category-castilla-y-leon"],"jetpack_publicize_connections":[],"jetpack_featured_media_url":"https:\/\/987aldia.com\/web\/wp-content\/uploads\/2023\/08\/thomas-park-apP7443MXIQ-unsplash.jpg","jetpack_sharing_enabled":true,"_links":{"self":[{"href":"https:\/\/987aldia.com\/web\/wp-json\/wp\/v2\/posts\/2008","targetHints":{"allow":["GET"]}}],"collection":[{"href":"https:\/\/987aldia.com\/web\/wp-json\/wp\/v2\/posts"}],"about":[{"href":"https:\/\/987aldia.com\/web\/wp-json\/wp\/v2\/types\/post"}],"author":[{"embeddable":true,"href":"https:\/\/987aldia.com\/web\/wp-json\/wp\/v2\/users\/1"}],"replies":[{"embeddable":true,"href":"https:\/\/987aldia.com\/web\/wp-json\/wp\/v2\/comments?post=2008"}],"version-history":[{"count":1,"href":"https:\/\/987aldia.com\/web\/wp-json\/wp\/v2\/posts\/2008\/revisions"}],"predecessor-version":[{"id":2010,"href":"https:\/\/987aldia.com\/web\/wp-json\/wp\/v2\/posts\/2008\/revisions\/2010"}],"wp:featuredmedia":[{"embeddable":true,"href":"https:\/\/987aldia.com\/web\/wp-json\/wp\/v2\/media\/2009"}],"wp:attachment":[{"href":"https:\/\/987aldia.com\/web\/wp-json\/wp\/v2\/media?parent=2008"}],"wp:term":[{"taxonomy":"category","embeddable":true,"href":"https:\/\/987aldia.com\/web\/wp-json\/wp\/v2\/categories?post=2008"},{"taxonomy":"post_tag","embeddable":true,"href":"https:\/\/987aldia.com\/web\/wp-json\/wp\/v2\/tags?post=2008"}],"curies":[{"name":"wp","href":"https:\/\/api.w.org\/{rel}","templated":true}]}}