{"id":2011,"date":"2023-08-28T10:19:54","date_gmt":"2023-08-28T10:19:54","guid":{"rendered":"https:\/\/987aldia.com\/web\/?p=2011"},"modified":"2023-08-28T10:19:55","modified_gmt":"2023-08-28T10:19:55","slug":"las-obras-de-la-nueva-aula-de-educacion-infantil-del-ceip-riomanzanas-encaran-su-recta-final","status":"publish","type":"post","link":"https:\/\/987aldia.com\/web\/las-obras-de-la-nueva-aula-de-educacion-infantil-del-ceip-riomanzanas-encaran-su-recta-final\/","title":{"rendered":"Las obras de la nueva aula de Educaci\u00f3n Infantil del CEIP Riomanzanas encaran su recta final"},"content":{"rendered":"\n<h2 class=\"wp-block-heading\"><strong>La Consejer\u00eda de Educaci\u00f3n est\u00e1 ejecutando, durante los meses de julio y agosto y con un presupuesto destinado de 48.130 euros, la adecuaci\u00f3n y acondicionamiento de un aula destinada a albergar el primer ciclo de educaci\u00f3n infantil gratuito en la edad de 1-2 a\u00f1os.<\/strong><\/h2>\n\n\n\n<p>La Junta de Castilla y Le\u00f3n, a trav\u00e9s de la Consejer\u00eda de Educaci\u00f3n, ultima los trabajos de adecuaci\u00f3n y acondicionamiento de un aula de Educaci\u00f3n Infantil que se est\u00e1n acometiendo en el Colegio P\u00fablico Riomanzanas de Zamora, cuyas actuaciones cuentan con un presupuesto de 48.130 euros. Se trata de uno de los 40 centros de la provincia de Zamora en los que se viene ejecutando obras de adecuaci\u00f3n durante los meses estivales.<\/p>\n\n\n\n<p>La delegada territorial de la Junta, Leticia Garc\u00eda, acompa\u00f1ada del director provincial de Educaci\u00f3n, Fernando Prada, ha visitado este centro para comprobar de primera mano la evoluci\u00f3n de las obras que encaran su recta final. En su visita, la delegada territorial ha se\u00f1alado que \u201cse est\u00e1 adecuando un aula destinada a albergar las novedosas ense\u00f1anzas gratuitas del primer ciclo de educaci\u00f3n infantil gratuito de los alumnos de 1-2 a\u00f1os\u201d, a lo que ha a\u00f1adido que \u201cestas actuaciones se est\u00e1n ejecutado en los meses estivales con el fin de interferir lo m\u00ednimo posible en el desarrollo de la actividad lectiva durante el curso y est\u00e1n relacionadas con la adaptaci\u00f3n de los espacios de los centros; reparaci\u00f3n de cubiertas; adecuaci\u00f3n y sustituci\u00f3n de electricidad, fontaner\u00eda y calefacci\u00f3n\u201d.<\/p>\n\n\n\n<p>Durante los meses estivales, la Junta de Castilla y Le\u00f3n est\u00e1 ejecutando 36 intervenciones de remodelaci\u00f3n en 30 centros de la provincia de Zamora a los que ha destinado un importe de 767.156 euros. Leticia Garc\u00eda ha se\u00f1alado que con esta reforma, el CEIP Riomanzanas, se consolida como \u201cuno de los centros m\u00e1s completos, ya que el pasado curso se implant\u00f3 la gratuidad en la edad de 2 a 3 a\u00f1os y durante este pr\u00f3ximo curso escolar se espera un total de 220 alumnos\u201d.<\/p>\n\n\n\n<p>Las familias zamoranas dispondr\u00e1n de un total de 40 centros que pueden ser p\u00fablicos, municipales o privados, a los que matricular a los ni\u00f1os con una edad de 1 o 2 a\u00f1os. Estas unidades contar\u00e1n con t\u00e9cnicos superiores de educaci\u00f3n infantil, que desarrollaran el proyecto pedag\u00f3gico elaborado por un maestro dotado con la especialidad de infantil.<\/p>\n\n\n\n<p>En este proceso de ense\u00f1anza gratuita, la Consejer\u00eda de Educaci\u00f3n ha tenido en cuenta al sector privado, integrado en su mayor\u00eda por empresas familiares, posibilitando la adhesi\u00f3n a la iniciativa de gratuidad de los centros que lo soliciten si cumplen los requisitos para la atenci\u00f3n a los menores. Un total de 40 de escuelas y centros infantiles municipales y privados se han adherido al programa de gratuidad de las ense\u00f1anzas del primer ciclo en educaci\u00f3n infantil, en los que se encuentran 8 centros p\u00fablicos de Zamora, Benavente y Toro; 17 centros municipales y 15 centros privados de la provincia.&nbsp;&nbsp;<\/p>\n\n\n\n<p>En los centros p\u00fablicos, el calendario escolar se iniciar\u00e1 en septiembre y finalizar\u00e1 en junio, con un horario lectivo de cinco horas, que se extiende de 9.00 a 14.00 horas. Las familias tendr\u00e1n la posibilidad de seleccionar servicios complementarios como madrugadores, tardes en el cole o actividades en el mes de julio con los precios y las condiciones establecidas. Los t\u00e9cnicos superiores de educaci\u00f3n infantil ser\u00e1n los encargados de dirigir estos servicios, adem\u00e1s asistir\u00e1n a los alumnos durante la comida.<\/p>\n\n\n\n<p>Los centros municipales y privados podr\u00e1n fijar una hora de inicio y finalizaci\u00f3n diferente con el fin de adaptarse a las condiciones de cada centro, aunque es de obligado cumplimiento la jornada lectiva de cinco horas.<\/p>\n","protected":false},"excerpt":{"rendered":"<p>La Consejer\u00eda de Educaci\u00f3n est\u00e1 ejecutando, durante los meses de julio y agosto y con un presupuesto destinado de 48.130 euros, la adecuaci\u00f3n y acondicionamiento de un aula destinada a albergar el primer ciclo de educaci\u00f3n infantil gratuito en la edad de 1-2 a\u00f1os. La Junta de Castilla y Le\u00f3n, a trav\u00e9s de la Consejer\u00eda [&hellip;]<\/p>\n","protected":false},"author":1,"featured_media":2012,"comment_status":"open","ping_status":"closed","sticky":false,"template":"","format":"standard","meta":{"_monsterinsights_skip_tracking":false,"_monsterinsights_sitenote_active":false,"_monsterinsights_sitenote_note":"","_monsterinsights_sitenote_category":0,"site-container-style":"default","site-container-layout":"default","site-sidebar-layout":"default","disable-article-header":"default","disable-site-header":"default","disable-site-footer":"default","disable-content-area-spacing":"default","_jetpack_memberships_contains_paid_content":false,"footnotes":"","jetpack_publicize_message":"","jetpack_publicize_feature_enabled":true,"jetpack_social_post_already_shared":false,"jetpack_social_options":{"image_generator_settings":{"template":"highway","default_image_id":0,"font":"","enabled":false},"version":2}},"categories":[10],"tags":[],"class_list":["post-2011","post","type-post","status-publish","format-standard","has-post-thumbnail","hentry","category-castilla-y-leon"],"jetpack_publicize_connections":[],"jetpack_featured_media_url":"https:\/\/987aldia.com\/web\/wp-content\/uploads\/2023\/08\/Sin-titulo-1-3.jpg","jetpack_sharing_enabled":true,"_links":{"self":[{"href":"https:\/\/987aldia.com\/web\/wp-json\/wp\/v2\/posts\/2011","targetHints":{"allow":["GET"]}}],"collection":[{"href":"https:\/\/987aldia.com\/web\/wp-json\/wp\/v2\/posts"}],"about":[{"href":"https:\/\/987aldia.com\/web\/wp-json\/wp\/v2\/types\/post"}],"author":[{"embeddable":true,"href":"https:\/\/987aldia.com\/web\/wp-json\/wp\/v2\/users\/1"}],"replies":[{"embeddable":true,"href":"https:\/\/987aldia.com\/web\/wp-json\/wp\/v2\/comments?post=2011"}],"version-history":[{"count":1,"href":"https:\/\/987aldia.com\/web\/wp-json\/wp\/v2\/posts\/2011\/revisions"}],"predecessor-version":[{"id":2013,"href":"https:\/\/987aldia.com\/web\/wp-json\/wp\/v2\/posts\/2011\/revisions\/2013"}],"wp:featuredmedia":[{"embeddable":true,"href":"https:\/\/987aldia.com\/web\/wp-json\/wp\/v2\/media\/2012"}],"wp:attachment":[{"href":"https:\/\/987aldia.com\/web\/wp-json\/wp\/v2\/media?parent=2011"}],"wp:term":[{"taxonomy":"category","embeddable":true,"href":"https:\/\/987aldia.com\/web\/wp-json\/wp\/v2\/categories?post=2011"},{"taxonomy":"post_tag","embeddable":true,"href":"https:\/\/987aldia.com\/web\/wp-json\/wp\/v2\/tags?post=2011"}],"curies":[{"name":"wp","href":"https:\/\/api.w.org\/{rel}","templated":true}]}}