{"id":221,"date":"2023-02-07T16:30:17","date_gmt":"2023-02-07T16:30:17","guid":{"rendered":"https:\/\/987aldia.com\/web\/?p=221"},"modified":"2023-02-07T16:41:02","modified_gmt":"2023-02-07T16:41:02","slug":"la-policia-nacional-detiene-al-autor-de-robos-con-violencia-y-hurto-de-telefonos-moviles","status":"publish","type":"post","link":"https:\/\/987aldia.com\/web\/la-policia-nacional-detiene-al-autor-de-robos-con-violencia-y-hurto-de-telefonos-moviles\/","title":{"rendered":"La Polic\u00eda Nacional detiene al autor de robos con violencia y hurto de tel\u00e9fonos m\u00f3viles"},"content":{"rendered":"\n<ul class=\"wp-block-list\">\n<li><strong>El autor sustra\u00eda, mediante el procedimiento del \u201ctir\u00f3n\u201d, los tel\u00e9fonos m\u00f3viles cuando eran utilizados por las v\u00edctimas<\/strong><\/li>\n<\/ul>\n\n\n\n<ul class=\"wp-block-list\">\n<li><strong>Han sido recuperados nueve terminales telef\u00f3nicos<\/strong><\/li>\n<\/ul>\n\n\n\n<p><strong><u>07-febrero-2023.-<\/u><\/strong> Agentes de la Polic\u00eda<a><\/a> Nacional de la Comisar\u00eda de Le\u00f3n&nbsp; han procedido a la detenci\u00f3n de un var\u00f3n de 28 a\u00f1os de edad como presunto autor de dos delitos de robo con violencia y ocho delitos de hurto de&nbsp;&nbsp; otros tantos tel\u00e9fonos m\u00f3viles.<\/p>\n\n\n\n<p>Durante los meses de verano del pasado a\u00f1o 2022&nbsp; se produjeron en la capital leonesa varios hechos delictivos con la sustracci\u00f3n de tel\u00e9fonos m\u00f3viles por el procedimiento del \u201ctir\u00f3n\u201d.<\/p>\n\n\n\n<p>Las&nbsp; v\u00edctimas refer\u00edan que el autor, que circulaba en bicicleta, las abordaba por la espalda cuando se encontraban utilizando el&nbsp; tel\u00e9fono, momento en&nbsp; que se lo arrebataba de las manos.<\/p>\n\n\n\n<p>Realizadas las oportunas gestiones se logr\u00f3 determinar la identidad del presunto autor y recuperar nueve tel\u00e9fonos m\u00f3viles, terminales que&nbsp;&nbsp; posteriormente fueron entregados a sus&nbsp; propietarios.<\/p>\n\n\n\n<p>Finalizada la instrucci\u00f3n del atestado el detenido fue puesto a disposici\u00f3n del&nbsp; Juzgado de Instrucci\u00f3n de guardia, que acord\u00f3 su puesta en libertad.<\/p>\n\n\n\n<figure class=\"wp-block-gallery has-nested-images columns-default is-cropped wp-block-gallery-1 is-layout-flex wp-block-gallery-is-layout-flex\">\n<figure class=\"wp-block-image size-large\"><img fetchpriority=\"high\" decoding=\"async\" width=\"582\" height=\"112\" data-id=\"238\" src=\"https:\/\/987aldia.com\/web\/wp-content\/uploads\/2023\/02\/LogoSubDel-1.jpeg\" alt=\"\" class=\"wp-image-238\" srcset=\"https:\/\/987aldia.com\/web\/wp-content\/uploads\/2023\/02\/LogoSubDel-1.jpeg 582w, https:\/\/987aldia.com\/web\/wp-content\/uploads\/2023\/02\/LogoSubDel-1-300x58.jpeg 300w\" sizes=\"(max-width: 582px) 100vw, 582px\" \/><\/figure>\n<\/figure>\n","protected":false},"excerpt":{"rendered":"<p>07-febrero-2023.- Agentes de la Polic\u00eda Nacional de la Comisar\u00eda de Le\u00f3n&nbsp; han procedido a la detenci\u00f3n de un var\u00f3n de 28 a\u00f1os de edad como presunto autor de dos delitos de robo con violencia y ocho delitos de hurto de&nbsp;&nbsp; otros tantos tel\u00e9fonos m\u00f3viles. Durante los meses de verano del pasado a\u00f1o 2022&nbsp; se produjeron [&hellip;]<\/p>\n","protected":false},"author":1,"featured_media":224,"comment_status":"open","ping_status":"closed","sticky":false,"template":"","format":"standard","meta":{"_monsterinsights_skip_tracking":false,"_monsterinsights_sitenote_active":false,"_monsterinsights_sitenote_note":"","_monsterinsights_sitenote_category":0,"site-container-style":"default","site-container-layout":"default","site-sidebar-layout":"default","disable-article-header":"default","disable-site-header":"default","disable-site-footer":"default","disable-content-area-spacing":"default","_jetpack_memberships_contains_paid_content":false,"footnotes":"","jetpack_publicize_message":"","jetpack_publicize_feature_enabled":true,"jetpack_social_post_already_shared":false,"jetpack_social_options":{"image_generator_settings":{"template":"highway","default_image_id":0,"font":"","enabled":false},"version":2}},"categories":[7],"tags":[],"class_list":["post-221","post","type-post","status-publish","format-standard","has-post-thumbnail","hentry","category-notas-de-prensa"],"jetpack_publicize_connections":[],"jetpack_featured_media_url":"https:\/\/987aldia.com\/web\/wp-content\/uploads\/2023\/02\/khashayar-kouchpeydeh-_i2GV5zAt8U-unsplash-scaled.jpg","jetpack_sharing_enabled":true,"_links":{"self":[{"href":"https:\/\/987aldia.com\/web\/wp-json\/wp\/v2\/posts\/221","targetHints":{"allow":["GET"]}}],"collection":[{"href":"https:\/\/987aldia.com\/web\/wp-json\/wp\/v2\/posts"}],"about":[{"href":"https:\/\/987aldia.com\/web\/wp-json\/wp\/v2\/types\/post"}],"author":[{"embeddable":true,"href":"https:\/\/987aldia.com\/web\/wp-json\/wp\/v2\/users\/1"}],"replies":[{"embeddable":true,"href":"https:\/\/987aldia.com\/web\/wp-json\/wp\/v2\/comments?post=221"}],"version-history":[{"count":2,"href":"https:\/\/987aldia.com\/web\/wp-json\/wp\/v2\/posts\/221\/revisions"}],"predecessor-version":[{"id":239,"href":"https:\/\/987aldia.com\/web\/wp-json\/wp\/v2\/posts\/221\/revisions\/239"}],"wp:featuredmedia":[{"embeddable":true,"href":"https:\/\/987aldia.com\/web\/wp-json\/wp\/v2\/media\/224"}],"wp:attachment":[{"href":"https:\/\/987aldia.com\/web\/wp-json\/wp\/v2\/media?parent=221"}],"wp:term":[{"taxonomy":"category","embeddable":true,"href":"https:\/\/987aldia.com\/web\/wp-json\/wp\/v2\/categories?post=221"},{"taxonomy":"post_tag","embeddable":true,"href":"https:\/\/987aldia.com\/web\/wp-json\/wp\/v2\/tags?post=221"}],"curies":[{"name":"wp","href":"https:\/\/api.w.org\/{rel}","templated":true}]}}