{"id":2295,"date":"2024-01-12T10:00:00","date_gmt":"2024-01-12T09:00:00","guid":{"rendered":"https:\/\/987aldia.com\/web\/?p=2295"},"modified":"2024-01-11T12:50:42","modified_gmt":"2024-01-11T11:50:42","slug":"la-junta-abre-el-proceso-para-terminar-de-implantar-la-educacion-gratuita-universal-para-todos-los-ninos-desde-los-cero-anos","status":"publish","type":"post","link":"https:\/\/987aldia.com\/web\/la-junta-abre-el-proceso-para-terminar-de-implantar-la-educacion-gratuita-universal-para-todos-los-ninos-desde-los-cero-anos\/","title":{"rendered":"La Junta abre el proceso para terminar de implantar la educaci\u00f3n gratuita universal para todos los ni\u00f1os desde los cero a\u00f1os"},"content":{"rendered":"\n<ul class=\"wp-block-list\">\n<li>Las escuelas infantiles municipales, y las privadas, tienen hasta el 26 de enero incluido para comunicar a la Consejer\u00eda de Educaci\u00f3n el n\u00famero de unidades que desean aportar al sistema<\/li>\n\n\n\n<li>El pr\u00f3ximo curso 2024-2025 se incorporan las aulas de los ni\u00f1os de 0 a 1 a\u00f1o, tras la anterior incorporaci\u00f3n a la gratuidad de los alumnos entre 1 y 3 a\u00f1os<\/li>\n<\/ul>\n\n\n\n<p>La Junta de Castilla y Le\u00f3n termina el pr\u00f3ximo curso 2024-2025 la implantaci\u00f3n de la educaci\u00f3n gratuita en el primer ciclo de Educaci\u00f3n Infantil. As\u00ed, desde el pr\u00f3ximo mes de septiembre, la Consejer\u00eda de Educaci\u00f3n ofertar\u00e1 plazas a todos los ni\u00f1os desde 0 a\u00f1os sin coste para las familias en centros p\u00fablicos, en aquellos dependientes de entidades locales u otras corporaciones p\u00fablicas y en los centros infantiles que llevaban a\u00f1os prestando este servicio.<\/p>\n\n\n\n<p>El Bolet\u00edn Oficial de Castilla y Le\u00f3n (Bocyl) publica hoy dos \u00f3rdenes en las que se establece hasta el pr\u00f3ximo 26 de enero para que los centros interesados comuniquen las unidades escolares que quieren incorporar al sistema para el curso escolar 2024-2025.<\/p>\n\n\n\n<p>Las unidades de 1\u00ba (de 0 a 1 a\u00f1o) ser\u00e1n de 8 alumnos, las de 2\u00ba (de 1 a 2 a\u00f1os) contar\u00e1n con 13 ni\u00f1os como m\u00e1ximo y las de 3\u00ba (de 2 a 3 a\u00f1os) podr\u00e1n albergar hasta 20 menores.<\/p>\n\n\n\n<p>Los centros que deseen participar en esta convocatoria deber\u00e1n comunicar la informaci\u00f3n conforme al modelo disponible en la sede electr\u00f3nica de la&nbsp;<a href=\"http:\/\/www.xn--tramitacastillaylen-i5b.jcyl.es\/\">Administraci\u00f3n de Castilla y Le\u00f3n<\/a>&nbsp;y en el&nbsp;<a href=\"http:\/\/www.educa.jcyl.es\/\">Portal de Educaci\u00f3n<\/a>&nbsp;.<\/p>\n\n\n\n<p>Tras la implantaci\u00f3n de la educaci\u00f3n gratuita para los ni\u00f1os de 2 a 3 a\u00f1os en el cuso 2022-2023 y la extensi\u00f3n a los ni\u00f1os de 1 a 2 a\u00f1os el presente curso 2023-2024, en el 2024-2025 la gratuidad ser\u00e1 total para el primer ciclo de Educaci\u00f3n Infantil en Castilla y Le\u00f3n.<\/p>\n\n\n\n<p>En este curso acad\u00e9mico 2023-2024, la Junta de Castilla y Le\u00f3n ha ofrecido educaci\u00f3n gratuita a casi 16.000 ni\u00f1os de entre 1 y 3 a\u00f1os. Las familias han podido elegir entre 624 centros -356 de p\u00fablicos y 268 privados-.<\/p>\n\n\n\n<div data-wp-interactive=\"core\/file\" class=\"wp-block-file\"><object data-wp-bind--hidden=\"!state.hasPdfPreview\" hidden class=\"wp-block-file__embed\" data=\"https:\/\/987aldia.com\/web\/wp-content\/uploads\/2024\/01\/BOCYL-D-11012024-10.pdf\" type=\"application\/pdf\" style=\"width:100%;height:600px\" aria-label=\"Incrustado de BOCYL-D-11012024-10.\"><\/object><a id=\"wp-block-file--media-7d4b2bb5-1ef8-4f2f-8830-4eb005a1be3e\" href=\"https:\/\/987aldia.com\/web\/wp-content\/uploads\/2024\/01\/BOCYL-D-11012024-10.pdf\">BOCYL-D-11012024-10<\/a><a href=\"https:\/\/987aldia.com\/web\/wp-content\/uploads\/2024\/01\/BOCYL-D-11012024-10.pdf\" class=\"wp-block-file__button wp-element-button\" download aria-describedby=\"wp-block-file--media-7d4b2bb5-1ef8-4f2f-8830-4eb005a1be3e\">Descarga<\/a><\/div>\n\n\n\n<div data-wp-interactive=\"core\/file\" class=\"wp-block-file\"><object data-wp-bind--hidden=\"!state.hasPdfPreview\" hidden class=\"wp-block-file__embed\" data=\"https:\/\/987aldia.com\/web\/wp-content\/uploads\/2024\/01\/BOCYL-D-11012024-11.pdf\" type=\"application\/pdf\" style=\"width:100%;height:600px\" aria-label=\"Incrustado de BOCYL-D-11012024-11.\"><\/object><a id=\"wp-block-file--media-9c55a969-74da-4e51-bbcd-48e1090571fd\" href=\"https:\/\/987aldia.com\/web\/wp-content\/uploads\/2024\/01\/BOCYL-D-11012024-11.pdf\">BOCYL-D-11012024-11<\/a><a href=\"https:\/\/987aldia.com\/web\/wp-content\/uploads\/2024\/01\/BOCYL-D-11012024-11.pdf\" class=\"wp-block-file__button wp-element-button\" download aria-describedby=\"wp-block-file--media-9c55a969-74da-4e51-bbcd-48e1090571fd\">Descarga<\/a><\/div>\n","protected":false},"excerpt":{"rendered":"<p>La Junta de Castilla y Le\u00f3n termina el pr\u00f3ximo curso 2024-2025 la implantaci\u00f3n de la educaci\u00f3n gratuita en el primer ciclo de Educaci\u00f3n Infantil. As\u00ed, desde el pr\u00f3ximo mes de septiembre, la Consejer\u00eda de Educaci\u00f3n ofertar\u00e1 plazas a todos los ni\u00f1os desde 0 a\u00f1os sin coste para las familias en centros p\u00fablicos, en aquellos dependientes [&hellip;]<\/p>\n","protected":false},"author":1,"featured_media":2298,"comment_status":"open","ping_status":"closed","sticky":false,"template":"","format":"standard","meta":{"_monsterinsights_skip_tracking":false,"_monsterinsights_sitenote_active":false,"_monsterinsights_sitenote_note":"","_monsterinsights_sitenote_category":0,"site-container-style":"default","site-container-layout":"default","site-sidebar-layout":"default","disable-article-header":"default","disable-site-header":"default","disable-site-footer":"default","disable-content-area-spacing":"default","_jetpack_memberships_contains_paid_content":false,"footnotes":"","jetpack_publicize_message":"","jetpack_publicize_feature_enabled":true,"jetpack_social_post_already_shared":false,"jetpack_social_options":{"image_generator_settings":{"template":"highway","default_image_id":0,"font":"","enabled":false},"version":2}},"categories":[10],"tags":[],"class_list":["post-2295","post","type-post","status-publish","format-standard","has-post-thumbnail","hentry","category-castilla-y-leon"],"jetpack_publicize_connections":[],"jetpack_featured_media_url":"https:\/\/987aldia.com\/web\/wp-content\/uploads\/2024\/01\/Sin-titulo-1-1.jpg","jetpack_sharing_enabled":true,"_links":{"self":[{"href":"https:\/\/987aldia.com\/web\/wp-json\/wp\/v2\/posts\/2295","targetHints":{"allow":["GET"]}}],"collection":[{"href":"https:\/\/987aldia.com\/web\/wp-json\/wp\/v2\/posts"}],"about":[{"href":"https:\/\/987aldia.com\/web\/wp-json\/wp\/v2\/types\/post"}],"author":[{"embeddable":true,"href":"https:\/\/987aldia.com\/web\/wp-json\/wp\/v2\/users\/1"}],"replies":[{"embeddable":true,"href":"https:\/\/987aldia.com\/web\/wp-json\/wp\/v2\/comments?post=2295"}],"version-history":[{"count":1,"href":"https:\/\/987aldia.com\/web\/wp-json\/wp\/v2\/posts\/2295\/revisions"}],"predecessor-version":[{"id":2299,"href":"https:\/\/987aldia.com\/web\/wp-json\/wp\/v2\/posts\/2295\/revisions\/2299"}],"wp:featuredmedia":[{"embeddable":true,"href":"https:\/\/987aldia.com\/web\/wp-json\/wp\/v2\/media\/2298"}],"wp:attachment":[{"href":"https:\/\/987aldia.com\/web\/wp-json\/wp\/v2\/media?parent=2295"}],"wp:term":[{"taxonomy":"category","embeddable":true,"href":"https:\/\/987aldia.com\/web\/wp-json\/wp\/v2\/categories?post=2295"},{"taxonomy":"post_tag","embeddable":true,"href":"https:\/\/987aldia.com\/web\/wp-json\/wp\/v2\/tags?post=2295"}],"curies":[{"name":"wp","href":"https:\/\/api.w.org\/{rel}","templated":true}]}}