{"id":2351,"date":"2024-02-07T09:43:57","date_gmt":"2024-02-07T08:43:57","guid":{"rendered":"https:\/\/987aldia.com\/web\/?p=2351"},"modified":"2024-02-07T09:43:58","modified_gmt":"2024-02-07T08:43:58","slug":"la-urgencia-silenciosa-del-sector-de-transporte-sanitario-y-emergencias-de-leon","status":"publish","type":"post","link":"https:\/\/987aldia.com\/web\/la-urgencia-silenciosa-del-sector-de-transporte-sanitario-y-emergencias-de-leon\/","title":{"rendered":"La urgencia silenciosa del sector de Transporte Sanitario y Emergencias de Le\u00f3n"},"content":{"rendered":"\n<h2 class=\"wp-block-heading\">Ante el clamor de los sectores agr\u00edcolas, ganaderos y de transporte, el sector de Transporte Sanitario y Emergencias de Le\u00f3n alza la voz para recordar su necesidad de atenci\u00f3n y reconocimiento.<\/h2>\n\n\n\n<p>En medio de las recientes manifestaciones y protestas que han sacudido diversos sectores de la sociedad, el colectivo del Transporte Sanitario y Emergencias en Le\u00f3n levanta una voz silenciosa pero urgente, reclamando su lugar en la atenci\u00f3n y el apoyo p\u00fablico.<\/p>\n\n\n\n<p>Recordando los dif\u00edciles momentos vividos durante la pandemia de COVID-19, en los cuales los trabajadores de este sector se vieron enfrentados a situaciones extremas, sacrificando su propia seguridad y bienestar para cumplir con su deber y proteger a la comunidad, expresan su desilusi\u00f3n ante la falta de reconocimiento y respaldo.<\/p>\n\n\n\n<p>Desde la primera l\u00ednea de respuesta, estos profesionales han estado al frente de la emergencia, brindando asistencia m\u00e9dica y transportando pacientes con dedicaci\u00f3n y entrega. Sin embargo, una vez superada la crisis sanitaria, se encuentran nuevamente en el olvido, sin recibir el reconocimiento y el apoyo que merecen.<\/p>\n\n\n\n<p>El mensaje del sector de Transporte Sanitario y Emergencias es claro: no piden privilegios, sino simplemente el trato justo y la consideraci\u00f3n que merecen por su labor indispensable en momentos de crisis. Apelan a la conciencia colectiva y la solidaridad de la sociedad para ser escuchados y atendidos en sus demandas.<\/p>\n\n\n\n<p>Es hora de que la sociedad reconozca la labor esencial del sector de Transporte Sanitario y Emergencias de Le\u00f3n, que ha demostrado su compromiso y sacrificio en situaciones de emergencia. Su llamado es un recordatorio de que, en tiempos de crisis, es fundamental no dejar atr\u00e1s a quienes han estado en la primera l\u00ednea de respuesta.<\/p>\n","protected":false},"excerpt":{"rendered":"<p>Ante el clamor de los sectores agr\u00edcolas, ganaderos y de transporte, el sector de Transporte Sanitario y Emergencias de Le\u00f3n alza la voz para recordar su necesidad de atenci\u00f3n y reconocimiento. En medio de las recientes manifestaciones y protestas que han sacudido diversos sectores de la sociedad, el colectivo del Transporte Sanitario y Emergencias en [&hellip;]<\/p>\n","protected":false},"author":1,"featured_media":2352,"comment_status":"open","ping_status":"closed","sticky":false,"template":"","format":"standard","meta":{"_monsterinsights_skip_tracking":false,"_monsterinsights_sitenote_active":false,"_monsterinsights_sitenote_note":"","_monsterinsights_sitenote_category":0,"site-container-style":"default","site-container-layout":"default","site-sidebar-layout":"default","disable-article-header":"default","disable-site-header":"default","disable-site-footer":"default","disable-content-area-spacing":"default","_jetpack_memberships_contains_paid_content":false,"footnotes":"","jetpack_publicize_message":"","jetpack_publicize_feature_enabled":true,"jetpack_social_post_already_shared":false,"jetpack_social_options":{"image_generator_settings":{"template":"highway","default_image_id":0,"font":"","enabled":false},"version":2}},"categories":[7],"tags":[],"class_list":["post-2351","post","type-post","status-publish","format-standard","has-post-thumbnail","hentry","category-notas-de-prensa"],"jetpack_publicize_connections":[],"jetpack_featured_media_url":"https:\/\/987aldia.com\/web\/wp-content\/uploads\/2024\/02\/Sin-titulo-1-2.jpg","jetpack_sharing_enabled":true,"_links":{"self":[{"href":"https:\/\/987aldia.com\/web\/wp-json\/wp\/v2\/posts\/2351","targetHints":{"allow":["GET"]}}],"collection":[{"href":"https:\/\/987aldia.com\/web\/wp-json\/wp\/v2\/posts"}],"about":[{"href":"https:\/\/987aldia.com\/web\/wp-json\/wp\/v2\/types\/post"}],"author":[{"embeddable":true,"href":"https:\/\/987aldia.com\/web\/wp-json\/wp\/v2\/users\/1"}],"replies":[{"embeddable":true,"href":"https:\/\/987aldia.com\/web\/wp-json\/wp\/v2\/comments?post=2351"}],"version-history":[{"count":1,"href":"https:\/\/987aldia.com\/web\/wp-json\/wp\/v2\/posts\/2351\/revisions"}],"predecessor-version":[{"id":2353,"href":"https:\/\/987aldia.com\/web\/wp-json\/wp\/v2\/posts\/2351\/revisions\/2353"}],"wp:featuredmedia":[{"embeddable":true,"href":"https:\/\/987aldia.com\/web\/wp-json\/wp\/v2\/media\/2352"}],"wp:attachment":[{"href":"https:\/\/987aldia.com\/web\/wp-json\/wp\/v2\/media?parent=2351"}],"wp:term":[{"taxonomy":"category","embeddable":true,"href":"https:\/\/987aldia.com\/web\/wp-json\/wp\/v2\/categories?post=2351"},{"taxonomy":"post_tag","embeddable":true,"href":"https:\/\/987aldia.com\/web\/wp-json\/wp\/v2\/tags?post=2351"}],"curies":[{"name":"wp","href":"https:\/\/api.w.org\/{rel}","templated":true}]}}