{"id":2391,"date":"2024-02-23T13:26:16","date_gmt":"2024-02-23T12:26:16","guid":{"rendered":"https:\/\/987aldia.com\/web\/?p=2391"},"modified":"2024-02-23T13:26:18","modified_gmt":"2024-02-23T12:26:18","slug":"agricultores-de-leon-demandan-precios-justos-y-regulaciones-flexibles-en-multitudinaria-protesta","status":"publish","type":"post","link":"https:\/\/987aldia.com\/web\/agricultores-de-leon-demandan-precios-justos-y-regulaciones-flexibles-en-multitudinaria-protesta\/","title":{"rendered":"Agricultores de Le\u00f3n demandan Precios Justos y Regulaciones Flexibles en multitudinaria protesta"},"content":{"rendered":"\n<h2 class=\"wp-block-heading\">Agricultores y ganaderos de Le\u00f3n se unen en una contundente manifestaci\u00f3n que recorre las calles de la ciudad exigiendo reformas en la Pol\u00edtica Agraria Com\u00fan y mejores condiciones para el sector primario.<\/h2>\n\n\n\n<p>Hoy en Le\u00f3n, una marea de agricultores y ganaderos ha inundado las calles de la ciudad en una tractorada masiva convocada por las organizaciones agrarias locales Asaja, Ugal-Upa, Ucale-Coag y UCCL. Bajo el lema \u00abExigimos precios rentables y normas flexibles\u00bb, los participantes han expresado su firme demanda de cambios significativos en la pol\u00edtica agraria y en las condiciones que afectan al sector primario.<\/p>\n\n\n\n<p>Desde tempranas horas de la ma\u00f1ana, el ambiente en Le\u00f3n se vio impregnado de la energ\u00eda y la determinaci\u00f3n de los manifestantes, que congregaron aproximadamente a un millar de personas y 220 tractores, seg\u00fan estimaciones de la subdelegaci\u00f3n del Gobierno. La manifestaci\u00f3n, que ha recorrido diversos puntos emblem\u00e1ticos de la ciudad, fue precedida por una serie de eventos que marcaron el d\u00eda de protesta.<\/p>\n\n\n\n<p>A las 12:00h, el apoyo de las empresas vinculadas al campo fue destacado, con numerosos establecimientos cerrando en solidaridad con la causa. Esta muestra de unidad y apoyo por parte del sector empresarial resalta la importancia y la urgencia de las demandas planteadas por los agricultores y ganaderos de la regi\u00f3n.<\/p>\n\n\n\n<p>Antes de llegar a su destino final, los manifestantes entregaron un manifiesto con sus reivindicaciones al delegado Territorial de Le\u00f3n, Eduardo Diego, quien sali\u00f3 de su oficina para recibir a los representantes del campo leon\u00e9s y escuchar sus demandas.<\/p>\n\n\n\n<p>La tractorada, que coincidi\u00f3 con la pr\u00f3xima reuni\u00f3n del Consejo de Agricultura de la Uni\u00f3n Europea, programada para el lunes, 26 de febrero, se detuvo frente a la subdelegaci\u00f3n del Gobierno, donde el subdelegado Faustino S\u00e1nchez recibi\u00f3 el manifiesto con las reivindicaciones del sector primario leon\u00e9s.<\/p>\n\n\n\n<p>En resumen, la jornada de protesta de hoy en Le\u00f3n ha sido un testimonio poderoso de la determinaci\u00f3n de los agricultores y ganaderos de la regi\u00f3n para luchar por un futuro m\u00e1s justo y sostenible para el campo.<\/p>\n","protected":false},"excerpt":{"rendered":"<p>Agricultores y ganaderos de Le\u00f3n se unen en una contundente manifestaci\u00f3n que recorre las calles de la ciudad exigiendo reformas en la Pol\u00edtica Agraria Com\u00fan y mejores condiciones para el sector primario. Hoy en Le\u00f3n, una marea de agricultores y ganaderos ha inundado las calles de la ciudad en una tractorada masiva convocada por las [&hellip;]<\/p>\n","protected":false},"author":1,"featured_media":2392,"comment_status":"open","ping_status":"closed","sticky":false,"template":"","format":"standard","meta":{"_monsterinsights_skip_tracking":false,"_monsterinsights_sitenote_active":false,"_monsterinsights_sitenote_note":"","_monsterinsights_sitenote_category":0,"site-container-style":"default","site-container-layout":"default","site-sidebar-layout":"default","disable-article-header":"default","disable-site-header":"default","disable-site-footer":"default","disable-content-area-spacing":"default","_jetpack_memberships_contains_paid_content":false,"footnotes":"","jetpack_publicize_message":"","jetpack_publicize_feature_enabled":true,"jetpack_social_post_already_shared":false,"jetpack_social_options":{"image_generator_settings":{"template":"highway","default_image_id":0,"font":"","enabled":false},"version":2}},"categories":[1],"tags":[],"class_list":["post-2391","post","type-post","status-publish","format-standard","has-post-thumbnail","hentry","category-uncategorized"],"jetpack_publicize_connections":[],"jetpack_featured_media_url":"https:\/\/987aldia.com\/web\/wp-content\/uploads\/2024\/02\/16889310417_b8c804d2df_b.jpg","jetpack_sharing_enabled":true,"_links":{"self":[{"href":"https:\/\/987aldia.com\/web\/wp-json\/wp\/v2\/posts\/2391","targetHints":{"allow":["GET"]}}],"collection":[{"href":"https:\/\/987aldia.com\/web\/wp-json\/wp\/v2\/posts"}],"about":[{"href":"https:\/\/987aldia.com\/web\/wp-json\/wp\/v2\/types\/post"}],"author":[{"embeddable":true,"href":"https:\/\/987aldia.com\/web\/wp-json\/wp\/v2\/users\/1"}],"replies":[{"embeddable":true,"href":"https:\/\/987aldia.com\/web\/wp-json\/wp\/v2\/comments?post=2391"}],"version-history":[{"count":1,"href":"https:\/\/987aldia.com\/web\/wp-json\/wp\/v2\/posts\/2391\/revisions"}],"predecessor-version":[{"id":2393,"href":"https:\/\/987aldia.com\/web\/wp-json\/wp\/v2\/posts\/2391\/revisions\/2393"}],"wp:featuredmedia":[{"embeddable":true,"href":"https:\/\/987aldia.com\/web\/wp-json\/wp\/v2\/media\/2392"}],"wp:attachment":[{"href":"https:\/\/987aldia.com\/web\/wp-json\/wp\/v2\/media?parent=2391"}],"wp:term":[{"taxonomy":"category","embeddable":true,"href":"https:\/\/987aldia.com\/web\/wp-json\/wp\/v2\/categories?post=2391"},{"taxonomy":"post_tag","embeddable":true,"href":"https:\/\/987aldia.com\/web\/wp-json\/wp\/v2\/tags?post=2391"}],"curies":[{"name":"wp","href":"https:\/\/api.w.org\/{rel}","templated":true}]}}