{"id":2400,"date":"2024-02-28T10:00:00","date_gmt":"2024-02-28T09:00:00","guid":{"rendered":"https:\/\/987aldia.com\/web\/?p=2400"},"modified":"2024-02-27T16:51:56","modified_gmt":"2024-02-27T15:51:56","slug":"silvino-abella-abella-mediacion-isabel-gonzalez-anibal-reyma-adrian-y-alberto-diez-agemes-y-fundacion-monteleon-premiados-con-las-distinciones-del-cel-2023","status":"publish","type":"post","link":"https:\/\/987aldia.com\/web\/silvino-abella-abella-mediacion-isabel-gonzalez-anibal-reyma-adrian-y-alberto-diez-agemes-y-fundacion-monteleon-premiados-con-las-distinciones-del-cel-2023\/","title":{"rendered":"Silvino Abella (Abella Mediaci\u00f3n), Isabel Gonz\u00e1lez (Anibal Reyma), Adri\u00e1n y Alberto Diez (Agemes) y Fundaci\u00f3n Montele\u00f3n, premiados con las Distinciones del CEL 2023"},"content":{"rendered":"\n<h2 class=\"wp-block-heading\"><strong>Los cuatro galardonados con las Distinciones \u201cTrayectoria Empresarial\u201d, \u201cMujer Empresaria\u201d, \u201cJoven Empresario\u201d y \u201cEconom\u00eda Social\u201d acompa\u00f1ar\u00e1n al C\u00edrculo de Oro 2023, Joaqu\u00edn Ram\u00edrez (Tecnosylva), en la Gala que se celebrar\u00e1 el 15 de marzo en el Palacio de Exposiciones de Le\u00f3n<\/strong>.<\/h2>\n\n\n\n<h2 class=\"wp-block-heading\"><strong>Con el patrocinio de Caja Rural y Uni\u00f3n Energ\u00e9tica y la colaboraci\u00f3n de RMD, Bernesga Motor, 24Siete Producciones, Grupo Hostele\u00f3n y Ayuntamiento <strong>de Le\u00f3n<\/strong><\/strong>.<\/h2>\n\n\n\n<p>El secretario general del C\u00edrculo Empresarial Leon\u00e9s, Nicesio \u00c1lvarez, y el gerente de la asociaci\u00f3n, \u00c1ngel Gonz\u00e1lez, han anunciado esta ma\u00f1ana el nombre de los cuatro galardonados con las Distinciones Empresariales 2023 en las categor\u00edas de Trayectoria Empresarial, Mujer Empresaria, Joven Empresario y Econom\u00eda Social de la vig\u00e9sima primera edici\u00f3n de los Premios C\u00edrculo de Oro.<\/p>\n\n\n\n<p>La <strong>Distinci\u00f3n Empresarial a la <em>\u201cTrayectoria Profesional\u201d<\/em><\/strong> ha reca\u00eddo en <strong>Silvino Abella Abella<\/strong>, CEO y administrador de <strong>Abella Mediaci\u00f3n SL<\/strong> Corredores de Seguros profesionales, ubicada en El Bierzo, y socio de <strong>Espabrok SA,<\/strong> Corredur\u00eda de Seguros en Madrid.<\/p>\n\n\n\n<p><em>\u201cPor sus sobresalientes cualidades empresariales y de gesti\u00f3n a lo largo de sus 38 a\u00f1os de trayectoria profesional que han sido fundamentales en el crecimiento y \u00e9xito sostenido de sus empresas. Su profesionalidad, servicio, cercan\u00eda al cliente e independencia han marcado su labor de mediaci\u00f3n y soluciones aseguradoras y su gesti\u00f3n al frente de Espabrok durante 22 a\u00f1os ha llevado a esta firma a ser reconocida como l\u00edder nacional del mercado\u201d<\/em><\/p>\n\n\n\n<p>Como <strong><em>\u201cMujer Empresaria\u201d,<\/em><\/strong> la Distinci\u00f3n ha reca\u00eddo en <strong>Isabel Gonz\u00e1lez Mart\u00ednez<\/strong>, gerente de <strong>Anibal Reyma SL<\/strong>.<\/p>\n\n\n\n<p><em>\u201cEn reconocimiento a su meritoria trayectoria emprendedora de m\u00e1s de 35 a\u00f1os en el sector de fabricaci\u00f3n y venta de maquinaria agr\u00edcola, suministros y ferreter\u00eda industrial y a su capacidad de adaptaci\u00f3n y reinvenci\u00f3n, siendo un aliado empresarial importante en el desarrollo del pol\u00edgono industrial de Villadangos del P\u00e1ramo y dando un excelente servicio a clientes nacionales e internacionales\u201d<\/em><\/p>\n\n\n\n<p>Como <strong><em>\u201cJ\u00f3venes Empresarios\u201d<\/em>,<\/strong> los hermanos gemelos <strong>Adri\u00e1n y Alberto Diez Guti\u00e9rrez, <\/strong>cofundadores y CEOs de varias empresas<strong>: Agemes Consultores SLP<\/strong> (Le\u00f3n), <strong>Alien Technologies SL <\/strong>(Alicante) y <strong>Enterprise Incorporated<\/strong> <strong>SL<\/strong> (Alicante)<\/p>\n\n\n\n<p><em>\u201cpor su visi\u00f3n emprendedora y liderazgo, su capacidad para identificar y capitalizar oportunidades de negocio en diferentes sectores y su especializaci\u00f3n en la prestaci\u00f3n de servicios de consultor\u00eda fiscal. Su enfoque en la innovaci\u00f3n, flexibilidad y colaboraci\u00f3n y su faceta como profesores de la Universidad de Le\u00f3n, junto a su dedicaci\u00f3n, creatividad y determinaci\u00f3n los distinguen como ejemplos sobresalientes de la nueva generaci\u00f3n de empresarios leoneses que triunfan dentro y fuera de nuestra provincia\u201d.<\/em><\/p>\n\n\n\n<p><strong>Y, por \u00faltimo, en la categor\u00eda de <em>\u201cEconom\u00eda Social\u201d<\/em> <\/strong>la Distinci\u00f3n ha sido para<strong> Fundaci\u00f3n MonteLe\u00f3n <\/strong>representada por el presidente de su Patronato, Francisco Jos\u00e9 Garc\u00eda Paramio.<\/p>\n\n\n\n<p><em>\u201cpor ser una referencia en la sociedad leonesa y en reconocimiento a su destacada contribuci\u00f3n al desarrollo social, cultural y econ\u00f3mico de la provincia a trav\u00e9s de sus iniciativas y proyectos. Una fundaci\u00f3n, con 35 a\u00f1os de historia que, a pesar de las turbulencias, ha logrado generar un impacto significativo en el mundo econ\u00f3mico, acad\u00e9mico, de las artes y las ciencias promoviendo un sinf\u00edn de actividades y colaborando con instituciones y organizaciones en pro de la excelencia\u201d<\/em><\/p>\n\n\n\n<p>El secretario general y el gerente del CEL, Nicesio \u00c1lvarez y \u00c1ngel Gonz\u00e1lez respectivamente, glosaron las trayectorias, cualidades y valores de cada una de las empresas y entidades premiadas <em>\u201cque les hacen merecedores del reconocimiento y homenaje que les tributaremos en la Gala del C\u00edrculo de Oro el 15 de marzo\u201d.<\/em><\/p>\n\n\n\n<p>Una Gala que cuenta con el patrocinio de <strong>Caja Rural y Uni\u00f3n Energ\u00e9tica y con la colaboraci\u00f3n de RMD, Bernesga Motor<\/strong>, <strong>24 Siete Producciones, Grupo Hostele\u00f3n y Ayuntamiento de Le\u00f3n.<\/strong><\/p>\n\n\n\n<p>(Las entradas se pueden adquirir en la sede del CEL a partir del lunes, 4 de marzo)<\/p>\n\n\n\n<figure class=\"wp-block-image size-large\"><img fetchpriority=\"high\" decoding=\"async\" width=\"1024\" height=\"576\" src=\"https:\/\/987aldia.com\/web\/wp-content\/uploads\/2024\/02\/Distinguidos2023-1024x576.jpg\" alt=\"\" class=\"wp-image-2401\" srcset=\"https:\/\/987aldia.com\/web\/wp-content\/uploads\/2024\/02\/Distinguidos2023-1024x576.jpg 1024w, https:\/\/987aldia.com\/web\/wp-content\/uploads\/2024\/02\/Distinguidos2023-300x169.jpg 300w, https:\/\/987aldia.com\/web\/wp-content\/uploads\/2024\/02\/Distinguidos2023-768x432.jpg 768w, https:\/\/987aldia.com\/web\/wp-content\/uploads\/2024\/02\/Distinguidos2023-1536x864.jpg 1536w, https:\/\/987aldia.com\/web\/wp-content\/uploads\/2024\/02\/Distinguidos2023.jpg 1920w\" sizes=\"(max-width: 1024px) 100vw, 1024px\" \/><\/figure>\n","protected":false},"excerpt":{"rendered":"<p>Los cuatro galardonados con las Distinciones \u201cTrayectoria Empresarial\u201d, \u201cMujer Empresaria\u201d, \u201cJoven Empresario\u201d y \u201cEconom\u00eda Social\u201d acompa\u00f1ar\u00e1n al C\u00edrculo de Oro 2023, Joaqu\u00edn Ram\u00edrez (Tecnosylva), en la Gala que se celebrar\u00e1 el 15 de marzo en el Palacio de Exposiciones de Le\u00f3n. Con el patrocinio de Caja Rural y Uni\u00f3n Energ\u00e9tica y la colaboraci\u00f3n de RMD, [&hellip;]<\/p>\n","protected":false},"author":1,"featured_media":2402,"comment_status":"open","ping_status":"closed","sticky":false,"template":"","format":"standard","meta":{"_monsterinsights_skip_tracking":false,"_monsterinsights_sitenote_active":false,"_monsterinsights_sitenote_note":"","_monsterinsights_sitenote_category":0,"site-container-style":"default","site-container-layout":"default","site-sidebar-layout":"default","disable-article-header":"default","disable-site-header":"default","disable-site-footer":"default","disable-content-area-spacing":"default","_jetpack_memberships_contains_paid_content":false,"footnotes":"","jetpack_publicize_message":"","jetpack_publicize_feature_enabled":true,"jetpack_social_post_already_shared":false,"jetpack_social_options":{"image_generator_settings":{"template":"highway","default_image_id":0,"font":"","enabled":false},"version":2}},"categories":[7],"tags":[],"class_list":["post-2400","post","type-post","status-publish","format-standard","has-post-thumbnail","hentry","category-notas-de-prensa"],"jetpack_publicize_connections":[],"jetpack_featured_media_url":"https:\/\/987aldia.com\/web\/wp-content\/uploads\/2024\/02\/WhatsApp-Image-2024-02-27-at-12.09.43-3.jpeg","jetpack_sharing_enabled":true,"_links":{"self":[{"href":"https:\/\/987aldia.com\/web\/wp-json\/wp\/v2\/posts\/2400","targetHints":{"allow":["GET"]}}],"collection":[{"href":"https:\/\/987aldia.com\/web\/wp-json\/wp\/v2\/posts"}],"about":[{"href":"https:\/\/987aldia.com\/web\/wp-json\/wp\/v2\/types\/post"}],"author":[{"embeddable":true,"href":"https:\/\/987aldia.com\/web\/wp-json\/wp\/v2\/users\/1"}],"replies":[{"embeddable":true,"href":"https:\/\/987aldia.com\/web\/wp-json\/wp\/v2\/comments?post=2400"}],"version-history":[{"count":1,"href":"https:\/\/987aldia.com\/web\/wp-json\/wp\/v2\/posts\/2400\/revisions"}],"predecessor-version":[{"id":2403,"href":"https:\/\/987aldia.com\/web\/wp-json\/wp\/v2\/posts\/2400\/revisions\/2403"}],"wp:featuredmedia":[{"embeddable":true,"href":"https:\/\/987aldia.com\/web\/wp-json\/wp\/v2\/media\/2402"}],"wp:attachment":[{"href":"https:\/\/987aldia.com\/web\/wp-json\/wp\/v2\/media?parent=2400"}],"wp:term":[{"taxonomy":"category","embeddable":true,"href":"https:\/\/987aldia.com\/web\/wp-json\/wp\/v2\/categories?post=2400"},{"taxonomy":"post_tag","embeddable":true,"href":"https:\/\/987aldia.com\/web\/wp-json\/wp\/v2\/tags?post=2400"}],"curies":[{"name":"wp","href":"https:\/\/api.w.org\/{rel}","templated":true}]}}