{"id":2408,"date":"2024-03-04T10:00:00","date_gmt":"2024-03-04T09:00:00","guid":{"rendered":"https:\/\/987aldia.com\/web\/?p=2408"},"modified":"2024-03-01T13:11:49","modified_gmt":"2024-03-01T12:11:49","slug":"manueco-afirma-que-la-colaboracion-con-novartis-consolidara-a-salamanca-como-referente-en-la-lucha-contra-el-cancer-a-nivel-internacional","status":"publish","type":"post","link":"https:\/\/987aldia.com\/web\/manueco-afirma-que-la-colaboracion-con-novartis-consolidara-a-salamanca-como-referente-en-la-lucha-contra-el-cancer-a-nivel-internacional\/","title":{"rendered":"Ma\u00f1ueco afirma que la colaboraci\u00f3n con Novartis consolidar\u00e1 a Salamanca como referente en la lucha contra el c\u00e1ncer a nivel internacional"},"content":{"rendered":"\n<ul class=\"wp-block-list\">\n<li>El presidente de la Junta ha visitado las obras de la nueva planta que producir\u00e1 los f\u00e1rmacos m\u00e1s avanzados y contar\u00e1 con 70 profesionales, entre empleos directos e indirectos, de alta cualificaci\u00f3n t\u00e9cnica<\/li>\n\n\n\n<li>Este proyecto va en la l\u00ednea con el compromiso que tiene el Gobierno auton\u00f3mico con la sanidad de la Comunidad, a la que se van a destinar este a\u00f1o 4.879 millones, la cifra m\u00e1s alta de la historia<\/li>\n<\/ul>\n\n\n\n<p>El presidente de la Junta de Castilla y Le\u00f3n, Alfonso Fern\u00e1ndez Ma\u00f1ueco, ha visitado hoy las obras de la nueva planta de Novartis en Castellanos de Moriscos, Salamanca, que ha contado con una inversi\u00f3n de 12 millones de euros y que, en colaboraci\u00f3n con el Instituto de Investigaci\u00f3n Biom\u00e9dica de Salamanca (IBSAL) y el Gobierno auton\u00f3mico, convertir\u00e1 a esta provincia en un referente en la lucha contra el c\u00e1ncer a escala internacional.<\/p>\n\n\n\n<p>Las obras de este proyecto avanzan a buen ritmo, estando previsto que culminen en torno a octubre de este a\u00f1o, con la intenci\u00f3n de que la planta est\u00e9 operativa a lo largo de 2025; con la previsi\u00f3n de generar 70 puestos de trabajo entre directos e indirectos, de alta cualificaci\u00f3n t\u00e9cnica.<\/p>\n\n\n\n<p>De esta manera, Salamanca va a contar con una planta de medicamentos de \u00faltima generaci\u00f3n puntera en Europa, con la que se consolidar\u00e1 la colaboraci\u00f3n entre Novartis y el Sistema de Salud de Castilla y Le\u00f3n; tendr\u00e1 la capacidad de realizar importantes ensayos cl\u00ednicos; favorecer\u00e1 la formaci\u00f3n de profesionales altamente cualificados en innovaci\u00f3n biom\u00e9dica; aumentar\u00e1 la capacidad de atracci\u00f3n y retenci\u00f3n de talento de la Universidad; y afianzar\u00e1 el liderazgo del Hospital Universitario de Salamanca como centro de excelencia en la atenci\u00f3n integral del c\u00e1ncer.<\/p>\n\n\n\n<p>Asimismo, gracias a la colaboraci\u00f3n entre Novartis y el IBSAL, el Hospital Universitario de Salamanca es ya pionero en la mejor prevenci\u00f3n de las enfermedades vasculares a trav\u00e9s de la inteligencia artificial.<\/p>\n\n\n\n<p>Fern\u00e1ndez Ma\u00f1ueco ha subrayado que la inversi\u00f3n en esta nueva planta de medicamentos se alinea con la prioridad que el Ejecutivo auton\u00f3mico da a la sanidad de Castilla y Le\u00f3n, una de las mejores de Espa\u00f1a, y que es capaz de proporcionar las terapias m\u00e1s avanzadas para lograr una medicina adaptada a cada paciente. As\u00ed lo demuestran los 4.879 millones de euros proyectados en los Presupuestos Generales de la Comunidad para Sanidad, la cifra m\u00e1s alta de la historia.<\/p>\n\n\n\n<p>Finalmente, ha agradecido a Novartis por elegir a Salamanca y a Castilla y Le\u00f3n para llevar a cabo este gran proyecto, que va a permitir mejorar los tratamientos contra el c\u00e1ncer aumentando\u00a0el bienestar de las personas afectadas por esta enfermedad.<\/p>\n","protected":false},"excerpt":{"rendered":"<p>El presidente de la Junta de Castilla y Le\u00f3n, Alfonso Fern\u00e1ndez Ma\u00f1ueco, ha visitado hoy las obras de la nueva planta de Novartis en Castellanos de Moriscos, Salamanca, que ha contado con una inversi\u00f3n de 12 millones de euros y que, en colaboraci\u00f3n con el Instituto de Investigaci\u00f3n Biom\u00e9dica de Salamanca (IBSAL) y el Gobierno [&hellip;]<\/p>\n","protected":false},"author":1,"featured_media":2409,"comment_status":"open","ping_status":"closed","sticky":false,"template":"","format":"standard","meta":{"_monsterinsights_skip_tracking":false,"_monsterinsights_sitenote_active":false,"_monsterinsights_sitenote_note":"","_monsterinsights_sitenote_category":0,"site-container-style":"default","site-container-layout":"default","site-sidebar-layout":"default","disable-article-header":"default","disable-site-header":"default","disable-site-footer":"default","disable-content-area-spacing":"default","_jetpack_memberships_contains_paid_content":false,"footnotes":"","jetpack_publicize_message":"","jetpack_publicize_feature_enabled":true,"jetpack_social_post_already_shared":false,"jetpack_social_options":{"image_generator_settings":{"template":"highway","default_image_id":0,"font":"","enabled":false},"version":2}},"categories":[10],"tags":[],"class_list":["post-2408","post","type-post","status-publish","format-standard","has-post-thumbnail","hentry","category-castilla-y-leon"],"jetpack_publicize_connections":[],"jetpack_featured_media_url":"https:\/\/987aldia.com\/web\/wp-content\/uploads\/2024\/03\/2024-03-01@FHERAS-00025.jpg","jetpack_sharing_enabled":true,"_links":{"self":[{"href":"https:\/\/987aldia.com\/web\/wp-json\/wp\/v2\/posts\/2408","targetHints":{"allow":["GET"]}}],"collection":[{"href":"https:\/\/987aldia.com\/web\/wp-json\/wp\/v2\/posts"}],"about":[{"href":"https:\/\/987aldia.com\/web\/wp-json\/wp\/v2\/types\/post"}],"author":[{"embeddable":true,"href":"https:\/\/987aldia.com\/web\/wp-json\/wp\/v2\/users\/1"}],"replies":[{"embeddable":true,"href":"https:\/\/987aldia.com\/web\/wp-json\/wp\/v2\/comments?post=2408"}],"version-history":[{"count":1,"href":"https:\/\/987aldia.com\/web\/wp-json\/wp\/v2\/posts\/2408\/revisions"}],"predecessor-version":[{"id":2410,"href":"https:\/\/987aldia.com\/web\/wp-json\/wp\/v2\/posts\/2408\/revisions\/2410"}],"wp:featuredmedia":[{"embeddable":true,"href":"https:\/\/987aldia.com\/web\/wp-json\/wp\/v2\/media\/2409"}],"wp:attachment":[{"href":"https:\/\/987aldia.com\/web\/wp-json\/wp\/v2\/media?parent=2408"}],"wp:term":[{"taxonomy":"category","embeddable":true,"href":"https:\/\/987aldia.com\/web\/wp-json\/wp\/v2\/categories?post=2408"},{"taxonomy":"post_tag","embeddable":true,"href":"https:\/\/987aldia.com\/web\/wp-json\/wp\/v2\/tags?post=2408"}],"curies":[{"name":"wp","href":"https:\/\/api.w.org\/{rel}","templated":true}]}}