{"id":2411,"date":"2024-03-06T10:00:00","date_gmt":"2024-03-06T09:00:00","guid":{"rendered":"https:\/\/987aldia.com\/web\/?p=2411"},"modified":"2024-03-05T10:20:00","modified_gmt":"2024-03-05T09:20:00","slug":"juan-carlos-rodriguez-nuevo-presidente-de-aletic","status":"publish","type":"post","link":"https:\/\/987aldia.com\/web\/juan-carlos-rodriguez-nuevo-presidente-de-aletic\/","title":{"rendered":"Juan Carlos Rodr\u00edguez, nuevo presidente de Aletic"},"content":{"rendered":"\n<p>El pasado jueves 29 de febrero, la Asociaci\u00f3n Leonesa de Empresas de Tecnolog\u00edas de la Informaci\u00f3n y la Comunicaci\u00f3n (ALETIC), celebr\u00f3 elecciones a la presidencia.<\/p>\n\n\n\n<p>Juan Carlos Rodr\u00edguez Fraile result\u00f3 elegido nuevo presidente de la asociaci\u00f3n para los pr\u00f3ximos 3 a\u00f1os. Suceder\u00e1 en el cargo a Lucio Fuertes, CEO de Leasba Consulting, que llevaba en su trayectoria como presidente de la asociaci\u00f3n 7 a\u00f1os y que seguir\u00e1 apoyando a la directiva como vicepresidente.<\/p>\n\n\n\n<p>Juan Carlos Rodr\u00edguez, CEO y Fundador del Grupo Ocho Ca\u00f1os, tiene una larga trayectoria profesional dentro del mundo de las telecomunicaciones, con una dilatada experiencia de m\u00e1s de 35 a\u00f1os, siendo uno de los l\u00edderes del sector, con delegaciones por toda Espa\u00f1a, y cooperando con primeras marcas de este pa\u00eds como Movistar, Iberdrola o Wifinova.<\/p>\n\n\n\n<p>\u201cEl objetivo es seguir la senda marcada hasta ahora, dando mayor visibilidad a las empresas tecnol\u00f3gicas, algo fundamental para la econom\u00eda de la provincia y clave para su futuro; seguir con los planes de crecimiento y diferentes proyectos en los que ven\u00edamos trabajando\u201d, asegura Juan Carlos Rodr\u00edguez.<\/p>\n\n\n\n<p>No faltar\u00e1n proyectos ni ilusi\u00f3n, aseguran desde la asociaci\u00f3n leonesa, que acaba de firmar diferentes acuerdos de colaboraci\u00f3n con INCIBE, la Universidad de Le\u00f3n, as\u00ed como otros que se cerrar\u00e1n pr\u00f3ximamente.<\/p>\n","protected":false},"excerpt":{"rendered":"<p>El pasado jueves 29 de febrero, la Asociaci\u00f3n Leonesa de Empresas de Tecnolog\u00edas de la Informaci\u00f3n y la Comunicaci\u00f3n (ALETIC), celebr\u00f3 elecciones a la presidencia. Juan Carlos Rodr\u00edguez Fraile result\u00f3 elegido nuevo presidente de la asociaci\u00f3n para los pr\u00f3ximos 3 a\u00f1os. Suceder\u00e1 en el cargo a Lucio Fuertes, CEO de Leasba Consulting, que llevaba en [&hellip;]<\/p>\n","protected":false},"author":1,"featured_media":2412,"comment_status":"open","ping_status":"closed","sticky":false,"template":"","format":"standard","meta":{"_monsterinsights_skip_tracking":false,"_monsterinsights_sitenote_active":false,"_monsterinsights_sitenote_note":"","_monsterinsights_sitenote_category":0,"site-container-style":"default","site-container-layout":"default","site-sidebar-layout":"default","disable-article-header":"default","disable-site-header":"default","disable-site-footer":"default","disable-content-area-spacing":"default","_jetpack_memberships_contains_paid_content":false,"footnotes":"","jetpack_publicize_message":"","jetpack_publicize_feature_enabled":true,"jetpack_social_post_already_shared":false,"jetpack_social_options":{"image_generator_settings":{"template":"highway","default_image_id":0,"font":"","enabled":false},"version":2}},"categories":[7],"tags":[],"class_list":["post-2411","post","type-post","status-publish","format-standard","has-post-thumbnail","hentry","category-notas-de-prensa"],"jetpack_publicize_connections":[],"jetpack_featured_media_url":"https:\/\/987aldia.com\/web\/wp-content\/uploads\/2024\/03\/Sin-titulo-1.jpg","jetpack_sharing_enabled":true,"_links":{"self":[{"href":"https:\/\/987aldia.com\/web\/wp-json\/wp\/v2\/posts\/2411","targetHints":{"allow":["GET"]}}],"collection":[{"href":"https:\/\/987aldia.com\/web\/wp-json\/wp\/v2\/posts"}],"about":[{"href":"https:\/\/987aldia.com\/web\/wp-json\/wp\/v2\/types\/post"}],"author":[{"embeddable":true,"href":"https:\/\/987aldia.com\/web\/wp-json\/wp\/v2\/users\/1"}],"replies":[{"embeddable":true,"href":"https:\/\/987aldia.com\/web\/wp-json\/wp\/v2\/comments?post=2411"}],"version-history":[{"count":1,"href":"https:\/\/987aldia.com\/web\/wp-json\/wp\/v2\/posts\/2411\/revisions"}],"predecessor-version":[{"id":2413,"href":"https:\/\/987aldia.com\/web\/wp-json\/wp\/v2\/posts\/2411\/revisions\/2413"}],"wp:featuredmedia":[{"embeddable":true,"href":"https:\/\/987aldia.com\/web\/wp-json\/wp\/v2\/media\/2412"}],"wp:attachment":[{"href":"https:\/\/987aldia.com\/web\/wp-json\/wp\/v2\/media?parent=2411"}],"wp:term":[{"taxonomy":"category","embeddable":true,"href":"https:\/\/987aldia.com\/web\/wp-json\/wp\/v2\/categories?post=2411"},{"taxonomy":"post_tag","embeddable":true,"href":"https:\/\/987aldia.com\/web\/wp-json\/wp\/v2\/tags?post=2411"}],"curies":[{"name":"wp","href":"https:\/\/api.w.org\/{rel}","templated":true}]}}