{"id":2420,"date":"2024-03-11T10:00:00","date_gmt":"2024-03-11T09:00:00","guid":{"rendered":"https:\/\/987aldia.com\/web\/?p=2420"},"modified":"2024-03-08T12:04:20","modified_gmt":"2024-03-08T11:04:20","slug":"la-junta-destina-un-presupuesto-historico-de-4-879-millones-a-sanidad-con-nuevas-prestaciones-especial-atencion-al-medio-rural-y-una-inversion-record-en-infraestructuras-y-equipamiento","status":"publish","type":"post","link":"https:\/\/987aldia.com\/web\/la-junta-destina-un-presupuesto-historico-de-4-879-millones-a-sanidad-con-nuevas-prestaciones-especial-atencion-al-medio-rural-y-una-inversion-record-en-infraestructuras-y-equipamiento\/","title":{"rendered":"La Junta destina un presupuesto hist\u00f3rico de 4.879 millones a Sanidad, con nuevas prestaciones, especial atenci\u00f3n al medio rural y una inversi\u00f3n r\u00e9cord en infraestructuras y equipamiento"},"content":{"rendered":"\n<ul class=\"wp-block-list\">\n<li>Castilla y Le\u00f3n se mantiene como la tercera Comunidad en gasto sanitario en atenci\u00f3n primaria, con 1,4 puntos por encima de la media nacional y especial \u00e9nfasis en el mundo rural<\/li>\n\n\n\n<li>La cartera de servicios incluir\u00e1 nuevas prestaciones en salud bucodental, reproducci\u00f3n asistida, detecci\u00f3n precoz de c\u00e1ncer de mama y colorrectal o vacunaciones<\/li>\n\n\n\n<li>Castilla y Le\u00f3n es la segunda Comunidad que m\u00e1s recursos destina a la salud p\u00fablica, con un 2,5 %, es decir, m\u00e1s del doble de la media nacional<\/li>\n\n\n\n<li>Este a\u00f1o se va a realizar la mayor inversi\u00f3n de la historia en infraestructuras y equipamiento asistencial, con 193 millones de euros<\/li>\n<\/ul>\n\n\n\n<p>El consejero de Econom\u00eda y Hacienda, Carlos Fern\u00e1ndez Carriedo, ha presentado ante la Comisi\u00f3n de Econom\u00eda y Hacienda de las Cortes de Castilla y Le\u00f3n el proyecto de presupuestos de la Consejer\u00eda de Sanidad previsto para 2024, que con un total de 4.879.888.893 euros, un 2,7 % m\u00e1s que el ejercicio anterior, permitir\u00e1 aumentar los cr\u00e9ditos pr\u00e1cticamente de todos sus cap\u00edtulos de gasto, con la finalidad de avanzar en la consolidaci\u00f3n de un modelo sanitario p\u00fablico, universal y gratuito para todas las personas en Castilla y Le\u00f3n, reafirmando un a\u00f1o m\u00e1s que la sanidad es la principal prioridad pol\u00edtica del Gobierno presidido por Alfonso Fern\u00e1ndez Ma\u00f1ueco.<\/p>\n\n\n\n<p>En este sentido, el compromiso por la sanidad p\u00fablica se ha visto materializado en un incremento constante de los cr\u00e9ditos, habiendo pasado de 3.588 millones en el a\u00f1o 2020 a m\u00e1s de 4.879 millones de euros en 2024, es decir, un 36 % m\u00e1s.<\/p>\n\n\n\n<p>Esto permitir\u00e1 cumplir varios aspectos clave: en primer lugar, mantener el 7 % del PIB regional dedicado a la sanidad, lo que muestra el esfuerzo por garantizar un servicio p\u00fablico de calidad; en segundo, superar el m\u00e1ximo hist\u00f3rico del presupuesto de esta Consejer\u00eda, alcanzando los 2.110 euros por habitante y manteni\u00e9ndose as\u00ed en el grupo de cabeza entre las comunidades aut\u00f3nomas; en tercer lugar, concentrar en la sanidad m\u00e1s del 41 % de los cr\u00e9ditos disponibles para todas las consejer\u00edas.<\/p>\n\n\n\n<p>En cuarto, asignar a la Atenci\u00f3n Primaria m\u00e1s de un 20 % del presupuesto de la Gerencia Regional de Salud, es decir, casi 800 millones, sin computar el gasto de receta farmac\u00e9utica, lo que permite continuar cumpliendo con otro de los compromisos de legislatura de reforzar este pilar fundamental del sistema sanitario, y mantenerse como la tercera Comunidad en gasto sanitario en Atenci\u00f3n Primaria, con 1,4 puntos por encima de la media nacional.<\/p>\n\n\n\n<p>Y en quinto lugar, consolidar a Castilla y Le\u00f3n como la segunda Comunidad que m\u00e1s recursos destina a salud p\u00fablica, con un 2,5 %, es decir, m\u00e1s del doble de la media nacional, situada en el 1,1 %.<\/p>\n\n\n\n<p><strong>Mejoras en Recursos Humanos<\/strong><\/p>\n\n\n\n<p>Por lo que se refiere a los presupuestos, el Cap\u00edtulo 1 de gastos de personal refleja que las actuaciones para desarrollar en 2024 no solo se dirigen a procurar la dotaci\u00f3n de los profesionales que necesita el sistema y mejorar sus condiciones retributivas y laborales, sino que se seguir\u00e1 avanzando en promover una mayor estabilidad, disponibilidad de profesionales y mejora de sus condiciones de trabajo, mediante aspectos como:<\/p>\n\n\n\n<ul class=\"wp-block-list\">\n<li>La pr\u00f3xima resoluci\u00f3n del concurso de traslados de car\u00e1cter extraordinario, en el que se han ofertado un total de 11.266 vacantes para 87 categor\u00edas profesionales.<\/li>\n\n\n\n<li>La resoluci\u00f3n de la convocatoria de la OPE ordinaria de 2022 y de la convocatoria del proceso de estabilizaci\u00f3n en la modalidad de concurso que permitir\u00e1, en momentos de escasez de profesionales m\u00e9dicos y enfermeras, incorporar de manera estable a 1.000 licenciados, de los cuales 330 ser\u00e1n de atenci\u00f3n primaria tras la resoluci\u00f3n de la OPE y 670 del \u00e1mbito hospitalario como consecuencia del proceso de estabilizaci\u00f3n; y hay que sumar a 2.019 enfermeras, 900 tras la resoluci\u00f3n de la convocatoria de la OPE y 1.119 del citado proceso de estabilizaci\u00f3n.<\/li>\n<\/ul>\n\n\n\n<p>Esto supone que a finales de a\u00f1o se habr\u00e1 consolidado como personal fijo a casi el 80 % del personal m\u00e9dico y el 70 % del personal enfermer\u00eda interino.<\/p>\n\n\n\n<p>Una vez finalizados estos dos procesos se abordar\u00e1 la definici\u00f3n e incentivaci\u00f3n de los puestos de dif\u00edcil cobertura, para dotarlos realmente de singularidad y hacerlos atractivos para los profesionales.<\/p>\n\n\n\n<p>La Gerencia Regional de Salud afrontar\u00e1 adem\u00e1s medidas para garantizar la asistencia sanitaria en centros que requieran apoyo coyuntural, promoviendo la participaci\u00f3n de todos los profesionales. Habr\u00e1 medidas tambi\u00e9n para dotar a la sanidad p\u00fablica de los facultativos m\u00e1s cualificados, adaptando el ya conocido programa de fidelizaci\u00f3n de residentes, que el pasado a\u00f1o se tradujo en un balance muy positivo.<\/p>\n\n\n\n<p>Adem\u00e1s, habr\u00e1 medidas dirigidas al reconocimiento y promoci\u00f3n de los trabajadores, como el desarrollo de un nuevo modelo de carrera profesional m\u00e1s sencillo y \u00e1gil en cuanto a su procedimiento, u ofertando nuevas plazas de Formaci\u00f3n Sanitaria Especializada, especialmente en aquellas especialidades deficitarias, trabajando para aumentar la capacidad docente del sistema, y solicitando al Ministerio de Sanidad que se tomen las medidas necesarias para lograr la acreditaci\u00f3n de centros rurales de atenci\u00f3n primaria como centros de docencia especializada.<\/p>\n\n\n\n<p>Con estas actuaciones se reforzar\u00e1 la Formaci\u00f3n Sanitaria Especializada para dotarla de una estructura docente fuerte, y Castilla y Le\u00f3n es la Comunidad de Espa\u00f1a que m\u00e1s plazas oferta en relaci\u00f3n con las acreditadas, un 97,4 %.<\/p>\n\n\n\n<p><strong>Farmacia<\/strong><\/p>\n\n\n\n<p>En el \u00e1rea de prestaci\u00f3n farmac\u00e9utica se consignan 1.076 millones entre los cap\u00edtulos II y IV, lo que representa m\u00e1s de un 22 % del presupuesto total. Entre las actuaciones a destacar se encuentra el futuro modelo de entrega en proximidad de medicamentos, que actualmente se dispensan en los servicios de Farmacia hospitalarios, especialmente destinado a los usuarios del medio rural m\u00e1s alejados de su hospital de referencia. Los t\u00e9cnicos est\u00e1n realizando el dise\u00f1o, seleccionando los f\u00e1rmacos, pacientes adecuados y oficinas de farmacia que formar\u00e1n parte de este novedoso proyecto. Este novedoso modelo ser\u00e1 una realidad en el \u00c1rea de Salud Le\u00f3n este mismo a\u00f1o.<\/p>\n\n\n\n<p>Y asimismo, como novedad para 2024, est\u00e1 el desarrollo de un sistema integral para gestionar la prescripci\u00f3n ortoprot\u00e9sica, que permita implantar un sistema de pago directo por Sacyl a los establecimientos dispensadores, facilitando el acceso de los pacientes al material ortoprot\u00e9sico prescrito sin que tengan que adelantar su importe.<\/p>\n\n\n\n<p><strong>Inversiones<\/strong><\/p>\n\n\n\n<p>Los 193,4 millones incluidos en el Cap\u00edtulo VI suponen un incremento del 7,30 % y permitir\u00e1n el desarrollo de distintas acciones, con la inversi\u00f3n m\u00e1s alta hasta el momento en infraestructuras y equipamiento sanitarios, que permite continuar en la l\u00ednea seguida en 2023 como la administraci\u00f3n p\u00fablica que m\u00e1s obra sanitaria licit\u00f3 en Espa\u00f1a, con 228,6 millones.<\/p>\n\n\n\n<ul class=\"wp-block-list\">\n<li>En Atenci\u00f3n Primaria, estas inversiones muestran el compromiso de la Junta de Castilla y Le\u00f3n con la igualdad, con las personas y con el territorio, con un incremento hist\u00f3rico del cr\u00e9dito en un 37,4 %, alcanzando los 44,9 millones. Las inversiones se resumen de la siguiente manera:<\/li>\n\n\n\n<li>En \u00c1vila, continuar las obras de reforma del Centro de Salud de Madrigal de las Altas Torres y el Centro de Salud de Ar\u00e9valo; la licitaci\u00f3n del nuevo Centro de Salud de Sotillo de la Adrada; y la redacci\u00f3n del proyecto de reforma del Centro de Salud \u00c1vila Estaci\u00f3n en el que ya se est\u00e1n realizando actuaciones. En Burgos se impulsar\u00e1n las obras del Centro de Salud Garc\u00eda Lorca y se proceder\u00e1 a la licitaci\u00f3n de la redacci\u00f3n del proyecto de ampliaci\u00f3n del Centro de Salud Las Huelgas.<\/li>\n\n\n\n<li>En Le\u00f3n se prev\u00e9 reiniciar las obras de construcci\u00f3n del nuevo Centro de Salud de Sahag\u00fan, as\u00ed como proseguir con la ampliaci\u00f3n del Centro de Salud de Pinilla, en San Andr\u00e9s del Rabanedo. En Palencia finalizar\u00e1 la obra del Centro de Salud de Aguilar de Campoo y se avanzar\u00e1 en la licitaci\u00f3n del Centro de Salud de Venta de Ba\u00f1os. Y finalizar\u00e1n las obras de ampliaci\u00f3n y reforma del Centro de Salud de Fr\u00f3mista.<\/li>\n\n\n\n<li>En Salamanca inicio de las obras del Centro de Salud Prosperidad, as\u00ed como las obras de ampliaci\u00f3n del Centro de Salud de Santa Marta de Tormes. En Segovia arrancar\u00e1n las obras del nuevo Centro de Salud Segovia IV, as\u00ed como el tr\u00e1mite para la licitaci\u00f3n de las obras del nuevo Centro de Salud de Cu\u00e9llar.<\/li>\n\n\n\n<li>En Soria, redacci\u00f3n del proyecto del nuevo Centro de Salud Soria Norte, as\u00ed como la licitaci\u00f3n del proyecto de San Leonardo de Yag\u00fce y los estudios precisos para la ampliaci\u00f3n en Almaz\u00e1n, donde ya se han llevado a cabo reformas en 2023 para sustituir las carpinter\u00edas exteriores. Por otro lado, est\u00e1 prevista la licitaci\u00f3n de la obra del nuevo Centro de Salud de El Burgo de Osma, as\u00ed como la ampliaci\u00f3n del Punto de Atenci\u00f3n Continuada del Centro de Salud Soria Sur, ya en marcha.<\/li>\n\n\n\n<li>En Valladolid culminar\u00e1n las obras del nuevo Centro de Salud La Magdalena y comenzar\u00e1 la licitaci\u00f3n de la reforma del de Medina de Rioseco. Se llevar\u00e1 a cabo la redacci\u00f3n del proyecto del nuevo Centro de Salud Arturo Eyries, as\u00ed como la redacci\u00f3n de los proyectos para la ampliaci\u00f3n de los centro de salud de Laguna de Duero y Covaresa. Continuar\u00e1 la reforma del Centro de Salud de Mayorga de Campos, la adecuaci\u00f3n de espacios de fisioterapia en tres centros de Atenci\u00f3n Primaria y la reforma de las instalaciones del Centro de Salud Casa del Barco.<\/li>\n\n\n\n<li>Finalmente, en la provincia de Zamora se llevar\u00e1 a cabo se llevar\u00e1 a cabo la reforma integral del Centro de Salud de Alca\u00f1ices y la reforma del Benavente Sur.<\/li>\n<\/ul>\n\n\n\n<p>Es tambi\u00e9n una prioridad la dotaci\u00f3n y renovaci\u00f3n del equipamiento en atenci\u00f3n primaria, con el objetivo de garantizar el mayor nivel de calidad y equidad en la asistencia. Destacan inversiones como dotar de desfibriladores semiautom\u00e1ticos a todos los consultorios locales con m\u00e1s de 250 tarjetas.<\/p>\n\n\n\n<p>En Atenci\u00f3n Hospitalaria, con 123,3 millones consignados y un aumento superior al 4 % con respecto a 2023, las inversiones se resumen en:<\/p>\n\n\n\n<ul class=\"wp-block-list\">\n<li>Ejecuci\u00f3n de las obras de construcci\u00f3n del nuevo Hospital de Aranda de Duero en Burgos; ejecuci\u00f3n de las obras del Bloque T\u00e9cnico y comienzo de la Unidad Sat\u00e9lite de Radioterapia del Hospital de Palencia; construcci\u00f3n del edificio de consultas externas del Nuevo Hospital de Salamanca; continuaci\u00f3n de la reforma de la Fase II del Hospital Santa B\u00e1rbara de Soria y de su Unidad Sat\u00e9lite de Radioterapia; Inicio de los tr\u00e1mites para la licitaci\u00f3n del proyecto de una nueva infraestructura en Segovia que permita una mejora de los servicios de mayor frecuentaci\u00f3n por parte de los usuarios como son los de car\u00e1cter ambulatorio, incluida la Unidad Sat\u00e9lite de Radioterapia.<\/li>\n\n\n\n<li>En el Hospital El Bierzo, comienzo de las obras en el antiguo archivo para la nueva ubicaci\u00f3n del servicio de Rehabilitaci\u00f3n y de la zona de consultas de la Unidad Sat\u00e9lite de Radioterapia, cuyo proyecto se redactar\u00e1 este a\u00f1o; en el Hospital de Le\u00f3n se elaborar\u00e1 el proyecto para la nueva Unidad de Reanimaci\u00f3n que permitir\u00e1 la ampliaci\u00f3n de puestos de UCI; y en el Hospital de \u00c1vila se redactar\u00e1 el proyecto del Nuevo Hospital de D\u00eda Onco-Hematol\u00f3gico.<\/li>\n\n\n\n<li>Adem\u00e1s de todo lo se\u00f1alado, se llevar\u00e1n a cabo diferentes actuaciones de conservaci\u00f3n y mejora de las infraestructuras existentes por valor superior a 7 millones, destacando el helipuerto en el Hospital Santa B\u00e1rbara de Soria, la mejora en la hospitalizaci\u00f3n del Cl\u00ednico de Valladolid o la sala de necropsias en el Hospital de Le\u00f3n.<\/li>\n<\/ul>\n\n\n\n<p>Del total de la inversi\u00f3n prevista, 41 millones ir\u00e1n destinados a equipamiento m\u00e9dico, tanto a la renovaci\u00f3n y actualizaci\u00f3n del ya existente como a la adquisici\u00f3n de nuevas tecnolog\u00edas, destacando los siguientes:<\/p>\n\n\n\n<ul class=\"wp-block-list\">\n<li>Incorporaci\u00f3n de equipos de cirug\u00eda rob\u00f3tica para extender esta prestaci\u00f3n a todas las \u00e1reas de salud de la Comunidad.<\/li>\n\n\n\n<li>Acelerador Lineal y TAC de planificaci\u00f3n para la nueva Unidad Sat\u00e9lite de Radioterapia de Soria.&nbsp;<\/li>\n\n\n\n<li>Incorporaci\u00f3n de la \u00faltima tecnolog\u00eda de ultrasonidos de alta intensidad para el tratamiento del parkinson y el temblor esencial en el Hospital Universitario de Salamanca, que ser\u00e1 de referencia en la Comunidad.<\/li>\n\n\n\n<li>Renovaci\u00f3n de Resonancia Magn\u00e9tica de 1,5 Teslas del Hospital Universitario R\u00edo Hortega.<\/li>\n\n\n\n<li>Nuevos secuenciadores masivos para la medicina de precisi\u00f3n en el Hospital Universitario de Le\u00f3n y el Hospital Cl\u00ednico Universitario de Valladolid<\/li>\n\n\n\n<li>Extensi\u00f3n de los exoesqueletos pedi\u00e1tricos a m\u00e1s hospitales de la Comunidad, que se sumar\u00e1n al que, de manera pionera, funciona en el Hospital Cl\u00ednico Universitario de Valladolid.<\/li>\n\n\n\n<li>Nuevas salas blancas para el servicio de farmacia del Hospital de Le\u00f3n.<\/li>\n\n\n\n<li>Plan de montaje para el Hospital de Soria incluyendo el equipamiento para la nueva Unidad de Di\u00e1lisis.<\/li>\n\n\n\n<li>Incorporaci\u00f3n de sistemas de dispensaci\u00f3n automatizada de medicamentos en el Hospital Nuestra Se\u00f1ora de Sonsoles de \u00c1vila.<\/li>\n\n\n\n<li>Dotaci\u00f3n de un robot dispensador para el \u00e1rea de pacientes externos del Servicio de Farmacia en el Hospital Universitario R\u00edo Hortega.<\/li>\n\n\n\n<li>Completar la dotaci\u00f3n de esc\u00e1neres de patolog\u00eda digital en los hospitales Santos Reyes, Santiago Ap\u00f3stol, El Bierzo, Palencia, Segovia, Soria, Medina del Campo y Hospital Cl\u00ednico de Valladolid, que permitir\u00e1n finalizar la implantaci\u00f3n del proyecto de patolog\u00eda digital.<\/li>\n\n\n\n<li>Y el equipamiento para laboratorios de las unidades de reproducci\u00f3n humana asistida en los hospitales universitarios Cl\u00ednico de Valladolid y R\u00edo Hortega.<\/li>\n<\/ul>\n\n\n\n<p>Por \u00faltimo, en cuanto a las inversiones para Emergencias Sanitarias, se destinar\u00e1n 590.000 euros para obras y equipamientos diversos, entre los que cabe destacar las obras de adaptaci\u00f3n en la Unidad de Emergencias de Zamora y la reforma de la Unidad de Enfermer\u00eda de Emergencias de Boceguillas, en Segovia.<\/p>\n\n\n\n<p><strong>Salud p\u00fablica<\/strong><\/p>\n\n\n\n<p>El programa de Salud P\u00fablica dispondr\u00e1 en 2024 de 110,6 millones, un 3 % m\u00e1s. Entre sus actuaciones previstas destaca el Programa de Detecci\u00f3n Precoz de Enfermedades Cong\u00e9nitas, que se ampliar\u00e1 con tres nuevas pruebas: Tirosinemia tipo I, Acidemia Metilmal\u00f3nica y Acidemia Propi\u00f3nica.<\/p>\n\n\n\n<p>El calendario de vacunaci\u00f3n e inmunizaci\u00f3n de Castilla y Le\u00f3n, que es de los m\u00e1s completos de Espa\u00f1a y de Europa, incluir\u00e1 como novedad la vacunaci\u00f3n frente a la meningitis A, C, W e Y a los 4 meses, anticipando la protecci\u00f3n de los lactantes frente una enfermedad tan grave. Se mejora tambi\u00e9n la protecci\u00f3n frente a la enfermedad por neumococo con la introducci\u00f3n de una vacuna contra 15 tipos de esta bacteria, frente a los 13 tipos de antes. Se ampl\u00eda el n\u00famero de personas a las que va destinada la vacuna frente al herpes z\u00f3ster, incluyendo por primera vez a las personas de 80 a\u00f1os. Y finalmente, se consolida la inmunizaci\u00f3n frente al virus respiratorio sincitial, causante de la bronquiolitis en lactantes y que ha tenido un abrumador impacto en la disminuci\u00f3n de esta patolog\u00eda, reduciendo la presi\u00f3n asistencial y lo m\u00e1s importante, el sufrimiento de los ni\u00f1os y sus familias.<\/p>\n\n\n\n<p>Y en tercer lugar destacan los programas de cribado para la detecci\u00f3n precoz del c\u00e1ncer colorrectal y del c\u00e1ncer de mama, con la novedad de incluir a las personas entre 70 y 74 a\u00f1os. Ello supondr\u00e1, en el caso del c\u00e1ncer de mama, realizar mamograf\u00edas este a\u00f1o a 4.000 mujeres m\u00e1s en ese rango de edad. Con esta ampliaci\u00f3n se completa el programa de cribado que ya se realizaba a partir de los 45 a\u00f1os (por tanto entre 45 y 74 a\u00f1os), cinco antes de lo previsto en el Sistema Nacional de Salud (que lo mantiene entre 50-69), siempre de acuerdo con la evidencia cient\u00edfica.<\/p>\n\n\n\n<p><strong>Asistencia Sanitaria<\/strong><\/p>\n\n\n\n<p>El programa de Asistencia Sanitaria incluye en primer lugar el subprograma de ATENCI\u00d3N PRIMARIA, dotado con 1.555 millones de euros, y que tiene como novedades m\u00e1s relevantes el objetivo de garantizar una demora menor de 48 horas para obtener cita en consulta, potenciando las unidades administrativas para una respuesta m\u00e1s r\u00e1pida y cercana; reforzar la dotaci\u00f3n de equipamiento diagn\u00f3stico y terap\u00e9utico en los centros de salud y PAC o mejorar la accesibilidad con la interconsulta no presencial o la telemedicina.<\/p>\n\n\n\n<p>Las prestaciones de salud bucodental se van a mejorar con la novedosa incorporaci\u00f3n del tratamiento ortod\u00f3ntico en pacientes con malformaciones craneofaciales de car\u00e1cter cong\u00e9nito que afectan al paladar, as\u00ed como extender el programa espec\u00edfico para las personas con discapacidad.<\/p>\n\n\n\n<p>Sanidad seguir\u00e1 con su apuesta por el modelo de atenci\u00f3n al dolor mediante la extensi\u00f3n de las unidades y programas de Afrontamiento Activo del Dolor Cr\u00f3nico, de manera que este a\u00f1o se extender\u00e1 a nuevas \u00e1reas de salud, y se potenciar\u00e1n las unidades de dolor hospitalarias.<\/p>\n\n\n\n<p>Se va a aprobar adem\u00e1s la nueva Estrategia de la Cronicidad de Castilla y Le\u00f3n 2024-2030, destinada a la mejora de la calidad en la atenci\u00f3n al paciente cr\u00f3nico. As\u00ed, se promover\u00e1n servicios asistenciales que acerquen las prestaciones a la poblaci\u00f3n en el medio rural mediante la atenci\u00f3n farmac\u00e9utica de proximidad, el proyecto de hospitales de d\u00eda en proximidad, los cuidados de enfermer\u00eda, la telemedicina o el proyecto de promoci\u00f3n del ejercicio f\u00edsico adaptado.<\/p>\n\n\n\n<p>El segundo subprograma es el de ATENCI\u00d3N HOSPITALARIA, dotado con 2.849 millones, en el que destaca un nuevo impulso al Plan Integral de Enfermedades Raras de Castilla y Le\u00f3n 2023-2027 (PIERCyL), dotando a los cuatro Nodos Asistenciales de Referencia (Burgos, Le\u00f3n, Salamanca, y el nodo de Valladolid integrado por los dos hospitales) de tecnolog\u00eda avanzada (secuenciadores y sistemas de informaci\u00f3n) para la realizaci\u00f3n de nuevos diagn\u00f3sticos y la mejora del trabajo en red.<\/p>\n\n\n\n<p>Adem\u00e1s, se ampliar\u00e1 la cartera de diagn\u00f3stico de pruebas de Gen\u00e9tica Molecular y Gen\u00f3mica, y se promover\u00e1 la formaci\u00f3n de los equipos humanos multidisciplinares ya constituidos en la red hospitalaria en diagn\u00f3stico gen\u00e9tico cl\u00ednico para la atenci\u00f3n precoz de las enfermedades raras.<\/p>\n\n\n\n<p>Un apartado al que se va a dedicar un esfuerzo especial es el referido a potenciar las actuaciones relacionadas con la mejora de la atenci\u00f3n a la salud mental, mediante la aprobaci\u00f3n de la Estrategia de Salud Mental de Castilla y Le\u00f3n 2024-2030, que mejorar\u00e1 la autonom\u00eda del paciente. Continuar\u00e1 adem\u00e1s el despliegue de la vigente Estrategia de Prevenci\u00f3n de la Conducta Suicida, con la ampliaci\u00f3n de la red para la prevenci\u00f3n incluyendo, como novedad este a\u00f1o, a las personas mayores.<\/p>\n\n\n\n<p>Est\u00e1 prevista adem\u00e1s la creaci\u00f3n de recursos asistenciales espec\u00edficamente destinados a menores y j\u00f3venes, como los nuevos hospitales de d\u00eda de salud mental infanto-juvenil, en Le\u00f3n y en Burgos. Y se ampliar\u00e1 el n\u00famero de camas de agudos y subagudos en la unidad de referencia regional de Valladolid de hospitalizaci\u00f3n psiqui\u00e1trica infanto-juvenil.<\/p>\n\n\n\n<p>Otro objetivo novedoso es la mejora de la prestaci\u00f3n de Reproducci\u00f3n Humana Asistida, Se potenciar\u00e1n las unidades de referencia regional de la Comunidad (Hospital Cl\u00ednico Universitario de Valladolid y Hospital Universitario R\u00edo Hortega) con la extensi\u00f3n del diagn\u00f3stico gen\u00e9tico preimplantacional a ambas unidades y m\u00e1s recursos y personal. Recordar que desde hace solo tres meses se ha aumentado la edad hasta los 42 a\u00f1os en el caso de las mujeres y hasta los 60 en el de los hombres, con la inclusi\u00f3n de las personas con hijos previos.<\/p>\n\n\n\n<p>En cuanto al despliegue de la Estrategia Regional de Atenci\u00f3n al Paciente Oncol\u00f3gico de Castilla y Le\u00f3n, est\u00e1 previsto mejorar la calidad de los tratamientos tras completar la instalaci\u00f3n de los cinco equipos de tecnolog\u00eda PET y los aceleradores lineales, as\u00ed como el desarrollo de las nuevas unidades sat\u00e9lite de radioterapia o la incorporaci\u00f3n de terapias innovadoras como las terapias CAR-T.<\/p>\n\n\n\n<p>Otras actuaciones ser\u00e1n la mejora a la atenci\u00f3n de los cuidados paliativos con el incremento de las camas de hospitalizaci\u00f3n, o el desarrollo del Plan Nacional de Resistencia a Antibi\u00f3ticos (PRAN), consolidando un segundo laboratorio de referencia de Microbiolog\u00eda en el Hospital Universitario R\u00edo Hortega que, junto al actual del Hospital Universitario de Burgos, ser\u00e1n referentes para el conjunto de la Comunidad.<\/p>\n\n\n\n<p>Tambi\u00e9n se quiere dar respuesta a la creciente demanda de los ciudadanos para formalizar sus documentos de instrucciones previas, prestando especial apoyo al medio rural, favoreciendo la tramitaci\u00f3n electr\u00f3nica y facilitando el acceso al registro de los profesionales implicados en la atenci\u00f3n, tanto m\u00e9dicos como enfermeras, a trav\u00e9s de la historia cl\u00ednica.<\/p>\n\n\n\n<p>En tercer lugar se incluye el subprograma de FORMACI\u00d3N DE INTERNOS Y RESIDENTES, dotado con cerca de 127 millones, que crece un 30,4 % respecto a 2023, una muestra m\u00e1s del compromiso de la Junta con la b\u00fasqueda de soluciones ante el problema de falta de profesionales.<\/p>\n\n\n\n<p>Por \u00faltimo, entre las actuaciones del programa de asistencia sanitaria se consolidar\u00e1 la mejora realizada en el transporte sanitario terrestre, que ha permitido disponer de un mayor n\u00famero de veh\u00edculos para emergencias, m\u00e1s de 194, y mayor disponibilidad horaria; y seguir\u00e1 la mejora en el transporte a\u00e9reo tras la dotaci\u00f3n del cuarto helic\u00f3ptero, con la incorporaci\u00f3n, como novedad, por primera vez, del vuelo nocturno entre hospitales para uno de los helic\u00f3pteros. Tambi\u00e9n se implantar\u00e1 la historia cl\u00ednica en movilidad en las unidades de soporte vital avanzado terrestre, para que los profesionales de emergencias tengan acceso a ella de forma r\u00e1pida y en cualquier lugar.<\/p>\n\n\n\n<p>Un gran esfuerzo presupuestario en el conjunto del transporte sanitario, superior a los 124 millones al a\u00f1o, que permite garantizar el transporte desde zonas alejadas del&nbsp;territorio dando cobertura a cualquier emergencia asistencial.<\/p>\n\n\n\n<p><strong>Investigaci\u00f3n y Desarrollo<\/strong><\/p>\n\n\n\n<p>En cuanto al programa de INVESTIGACI\u00d3N Y DESARROLLO, que dispondr\u00e1 este a\u00f1o de 8,3 millones (un 6 % m\u00e1s), se quiere consolidar el impulso que en esta legislatura se quiere dar a las l\u00edneas del Plan Estrat\u00e9gico de Investigaci\u00f3n e Innovaci\u00f3n en Salud 2023-2027. Entre las partidas econ\u00f3micas m\u00e1s destacadas cabe mencionar la elaboraci\u00f3n de una estrategia para potenciar la investigaci\u00f3n e innovaci\u00f3n en terapias avanzadas, as\u00ed como impulsar el Centro en Red de Medicina Regenerativa y Terapia Celular.<\/p>\n\n\n\n<p>La segunda l\u00ednea de trabajo ser\u00e1 la consolidaci\u00f3n y fortalecimiento de las estructuras de investigaci\u00f3n biosanitaria de la Comunidad, con casi dos millones, lo que supone m\u00e1s de un 40 % respecto a 2021. Destaca el incremento de presupuesto destinado a la puesta en marcha del Instituto de investigaci\u00f3n biosanitaria de Valladolid (IBioVALL) y la creaci\u00f3n del nuevo Instituto de Le\u00f3n. Ambos vendr\u00e1n a completar las estructuras ya existentes en este sector, manteniendo la subvenci\u00f3n al Instituto de Investigaci\u00f3n Biom\u00e9dica de Salamanca y consolidando m\u00e1s de medio mill\u00f3n al Instituto de Ciencias de la Salud de Castilla y Le\u00f3n.<\/p>\n\n\n\n<p>Se quiere tambi\u00e9n aumentar la masa cr\u00edtica de personal investigador, para lo cual se aumentar\u00e1 la dotaci\u00f3n de la convocatoria anual de ayudas a los proyectos de investigaci\u00f3n hasta los 1,2 millones. Se potenciar\u00e1 adem\u00e1s la intensificaci\u00f3n de profesionales del \u00e1mbito asistencial para el desarrollo de la actividad investigadora. Y se completar\u00e1 la red de unidades de apoyo a la investigaci\u00f3n existente en los centros asistenciales, destinando personal a la labor de gesti\u00f3n y desarrollando un itinerario formativo que incluya la mentorizaci\u00f3n de investigadores noveles.<\/p>\n\n\n\n<p>Por \u00faltimo, se pondr\u00e1n en marcha los primeros premios anuales de investigaci\u00f3n para reconocer los mejores proyectos desarrollados en la Comunidad y se celebrar\u00e1 la segunda edici\u00f3n del \u201cConcurso de Retos de innovaci\u00f3n en salud\u201d para impulsar la colaboraci\u00f3n entre todos los agentes del ecosistema y propiciar la transferencia y explotaci\u00f3n de los resultados de I + i.<\/p>\n\n\n\n<p>Por su parte, el programa de COMUNICACIONES, dotado este a\u00f1o de 58,8 millones, pretende como eje principal mejorar la capacidad diagn\u00f3stica y terap\u00e9utica utilizando las TIC, con la finalizaci\u00f3n del proyecto de anatom\u00eda patol\u00f3gica digital, la implantaci\u00f3n del proyecto del Sistema Integral de Laboratorio en toda la Gerencia Regional de Salud, y el desarrollo de un nuevo sistema de orientaci\u00f3n terap\u00e9utica a profesionales basado en herramientas de inteligencia artificial a trav\u00e9s del modelo farmacogen\u00e9tico 5SPM, que promover\u00e1 el desarrollo de la medicina personalizada y de precisi\u00f3n.<\/p>\n\n\n\n<p>Adem\u00e1s, se van a potenciar los canales de acceso de los ciudadanos a la informaci\u00f3n cl\u00ednica y administrativa, con una inversi\u00f3n estimada de 1,2 millones de euros, destinados a la aplicaci\u00f3n Sacyl Conecta y la Carpeta del Paciente, con mejoras en la documentaci\u00f3n accesible y nuevos servicios; a la cita previa telef\u00f3nica, con cambios en el procedimiento de identificaci\u00f3n; y la extensi\u00f3n de las notificaciones SMS y el recordatorio de cita en atenci\u00f3n hospitalaria, incluyendo nuevos centros y agendas de consultas y pruebas diagn\u00f3sticas.<\/p>\n\n\n\n<p>Por \u00faltimo, el programa de PLANIFICACI\u00d3N cuenta con varios ejes de actuaci\u00f3n: publicar el proyecto que amplia los supuestos de la segunda opini\u00f3n m\u00e9dica; completar la elaboraci\u00f3n del V Plan de Salud Castilla y Le\u00f3n bajo el lema de \u201cSalud en todas las pol\u00edticas\u201d, desarrollado con un enfoque participativo y como eje l de la acci\u00f3n pol\u00edtica en salud; y aprobar el Plan Estrat\u00e9gico de Medicina Personalizada y de Precisi\u00f3n de Castilla y Le\u00f3n.<\/p>\n\n\n\n<p>En la presentaci\u00f3n de las cuentas sanitarias para 2024 se ha dado a conocer tambi\u00e9n el presupuesto de la FUNDACI\u00d3N CENTRO DE HEMOTERAPIA Y HEMODONACI\u00d3N, que dispondr\u00e1 de 22 millones de euros para su funcionamiento, lo que permitir\u00e1 garantizar la cobertura de la demanda de componentes sangu\u00edneos y hemoderivados obtenidos del plasma para los hospitales.<\/p>\n\n\n\n<p>El Chemcyl prev\u00e9 realizar este a\u00f1o 102.500 extracciones de sangre, 13.000 de plaquetas, 2.500 af\u00e9resis de multicomponentes, 9.000 af\u00e9resis de plasma y fraccionar 29.000 litros de plasma para la obtenci\u00f3n de hemoderivados. Asimismo, se mantendr\u00e1n los programas de donaci\u00f3n de sangre de cord\u00f3n, biobanco, banco de tejidos y preparados biol\u00f3gicos, banco de leche materna, cribado neonatal de enfermedades cong\u00e9nitas, programa de garant\u00eda externa de calidad para laboratorios de inmunolog\u00eda (GECLID) y de garant\u00eda externa de calidad para cribado neonatal (GECCN).<\/p>\n\n\n\n<p>En el caso del cribado neonatal de enfermedades cong\u00e9nitas mencionado en el apartado de Salud P\u00fablica se ha previsto la incorporaci\u00f3n de las nuevas enfermedades aprobadas para su introducci\u00f3n a lo largo del a\u00f1o.<\/p>\n\n\n\n<div data-wp-interactive=\"core\/file\" class=\"wp-block-file\"><object data-wp-bind--hidden=\"!state.hasPdfPreview\" hidden class=\"wp-block-file__embed\" data=\"https:\/\/987aldia.com\/web\/wp-content\/uploads\/2024\/03\/ComparecenciadelconsejerodeSanidadenfunciones.pdf\" type=\"application\/pdf\" style=\"width:100%;height:600px\" aria-label=\"Incrustado de ComparecenciadelconsejerodeSanidadenfunciones.\"><\/object><a id=\"wp-block-file--media-7b55be35-2b23-408c-9576-885e40db9f3f\" href=\"https:\/\/987aldia.com\/web\/wp-content\/uploads\/2024\/03\/ComparecenciadelconsejerodeSanidadenfunciones.pdf\">ComparecenciadelconsejerodeSanidadenfunciones<\/a><a href=\"https:\/\/987aldia.com\/web\/wp-content\/uploads\/2024\/03\/ComparecenciadelconsejerodeSanidadenfunciones.pdf\" class=\"wp-block-file__button wp-element-button\" download aria-describedby=\"wp-block-file--media-7b55be35-2b23-408c-9576-885e40db9f3f\">Descarga<\/a><\/div>\n","protected":false},"excerpt":{"rendered":"<p>El consejero de Econom\u00eda y Hacienda, Carlos Fern\u00e1ndez Carriedo, ha presentado ante la Comisi\u00f3n de Econom\u00eda y Hacienda de las Cortes de Castilla y Le\u00f3n el proyecto de presupuestos de la Consejer\u00eda de Sanidad previsto para 2024, que con un total de 4.879.888.893 euros, un 2,7 % m\u00e1s que el ejercicio anterior, permitir\u00e1 aumentar los [&hellip;]<\/p>\n","protected":false},"author":1,"featured_media":2422,"comment_status":"open","ping_status":"closed","sticky":false,"template":"","format":"standard","meta":{"_monsterinsights_skip_tracking":false,"_monsterinsights_sitenote_active":false,"_monsterinsights_sitenote_note":"","_monsterinsights_sitenote_category":0,"site-container-style":"default","site-container-layout":"default","site-sidebar-layout":"default","disable-article-header":"default","disable-site-header":"default","disable-site-footer":"default","disable-content-area-spacing":"default","_jetpack_memberships_contains_paid_content":false,"footnotes":"","jetpack_publicize_message":"","jetpack_publicize_feature_enabled":true,"jetpack_social_post_already_shared":false,"jetpack_social_options":{"image_generator_settings":{"template":"highway","default_image_id":0,"font":"","enabled":false},"version":2}},"categories":[10],"tags":[],"class_list":["post-2420","post","type-post","status-publish","format-standard","has-post-thumbnail","hentry","category-castilla-y-leon"],"jetpack_publicize_connections":[],"jetpack_featured_media_url":"https:\/\/987aldia.com\/web\/wp-content\/uploads\/2024\/03\/medical-hero-fighting-coronavirus.jpg","jetpack_sharing_enabled":true,"_links":{"self":[{"href":"https:\/\/987aldia.com\/web\/wp-json\/wp\/v2\/posts\/2420","targetHints":{"allow":["GET"]}}],"collection":[{"href":"https:\/\/987aldia.com\/web\/wp-json\/wp\/v2\/posts"}],"about":[{"href":"https:\/\/987aldia.com\/web\/wp-json\/wp\/v2\/types\/post"}],"author":[{"embeddable":true,"href":"https:\/\/987aldia.com\/web\/wp-json\/wp\/v2\/users\/1"}],"replies":[{"embeddable":true,"href":"https:\/\/987aldia.com\/web\/wp-json\/wp\/v2\/comments?post=2420"}],"version-history":[{"count":1,"href":"https:\/\/987aldia.com\/web\/wp-json\/wp\/v2\/posts\/2420\/revisions"}],"predecessor-version":[{"id":2423,"href":"https:\/\/987aldia.com\/web\/wp-json\/wp\/v2\/posts\/2420\/revisions\/2423"}],"wp:featuredmedia":[{"embeddable":true,"href":"https:\/\/987aldia.com\/web\/wp-json\/wp\/v2\/media\/2422"}],"wp:attachment":[{"href":"https:\/\/987aldia.com\/web\/wp-json\/wp\/v2\/media?parent=2420"}],"wp:term":[{"taxonomy":"category","embeddable":true,"href":"https:\/\/987aldia.com\/web\/wp-json\/wp\/v2\/categories?post=2420"},{"taxonomy":"post_tag","embeddable":true,"href":"https:\/\/987aldia.com\/web\/wp-json\/wp\/v2\/tags?post=2420"}],"curies":[{"name":"wp","href":"https:\/\/api.w.org\/{rel}","templated":true}]}}