{"id":2424,"date":"2024-03-08T12:13:40","date_gmt":"2024-03-08T11:13:40","guid":{"rendered":"https:\/\/987aldia.com\/web\/?p=2424"},"modified":"2024-03-08T12:13:41","modified_gmt":"2024-03-08T11:13:41","slug":"un-8m-para-conquistar-una-esfera-politica-para-la-mujer-rural","status":"publish","type":"post","link":"https:\/\/987aldia.com\/web\/un-8m-para-conquistar-una-esfera-politica-para-la-mujer-rural\/","title":{"rendered":"Un 8M para conquistar una esfera pol\u00edtica para la mujer rural"},"content":{"rendered":"\n<ul class=\"wp-block-list\">\n<li>El mundo rural sigue sufriendo un machismo estructural que no permite la participaci\u00f3n real de la mujer, siendo \u00e9sta la que asume el peso del trabajo reproductivo.<\/li>\n\n\n\n<li>Las mujeres siguen siendo las que asumen casi exclusivamente el cuidado y el sost\u00e9n de la familia, y en muchas ocasiones sin compensaci\u00f3n econ\u00f3mica, sin contrato y sin reconocimiento.<\/li>\n\n\n\n<li>Las organizaciones agroalimentarias, y las instituciones en general, siguen concentrando el poder en los hombres, con una presencia residual de las mujeres en sus \u00f3rganos de gobierno y representaci\u00f3n.<\/li>\n<\/ul>\n\n\n\n<p>08\/03\/2024; (Pa\u00eds Llion\u00e9s): Monta\u00f1esas, ribere\u00f1as, las mujeres del mundo rural que con su coraz\u00f3n, sus manos y sus pasos han construido nuestros pueblos, nuestra sociedad. Las menos veces o\u00eddas, y nunca escuchadas. La falta de espacio para la participaci\u00f3n de la mujer rural sigue aqu\u00ed.<\/p>\n\n\n\n<p>Cada a\u00f1o se reivindican y conmemoran todas las luchas que unen a millones de mujeres de todo el mundo. Unidas y fuertes contra el sistema que nos viene impuesto, reivindicando justicia y feminismo para todas. Este a\u00f1o, en el contexto de las protestas del campo y despoblaci\u00f3n de nuestros pueblos, en Alantre queremos defender una visi\u00f3n feminista apegada a nuestra realidad territorial agroganadera.<\/p>\n\n\n\n<p>La socializaci\u00f3n de nuestras mujeres y las pr\u00e1cticas del d\u00eda a d\u00eda, incluida la vida laboral y familiar, limitan la participaci\u00f3n cultural y pol\u00edtica, conllevando una devaluaci\u00f3n de su capital social, cultural, pol\u00edtico y econ\u00f3mico siendo actualmente la generaci\u00f3n mejor formada. Por ello, exigimos a los poderes p\u00fablicos y aspiramos en nuestro futuro autogobierno, al fomento de la participaci\u00f3n de las mujeres en la gobernanza de los comunales, los Concejos (Juntas Vecinales), y la dotaci\u00f3n de todos los recursos necesarios a nivel productivo y reproductivo. Tambi\u00e9n apostamos por impulsar el asociacionismo y el liderazgo en sectores masculinizados, y el incremento<\/p>\n\n\n\n<p>de la presencia de la mujer en los puestos de mando. El impulso de un modelo de vida sostenible que permita una cotitularidad de las explotaciones para garantizar la soberan\u00eda alimentaria de nuestras hijas, con condiciones de trabajo y vida que confronten las pol\u00edticas liberales que est\u00e1n llevando a nuestros pueblos a la precarizaci\u00f3n y desigualdad social de nuestro pa\u00eds.<\/p>\n\n\n\n<p>Las Administraciones leonesas tienen que promover cambios en la estructura patriarcal. Urge la necesidad de legislar en una Ley de Titularidad Compartida que garantice los derechos de igualdad sobre la explotaci\u00f3n y en lo que se refiere al empleo, y regularice la situaci\u00f3n de much\u00edsimas mujeres. Adem\u00e1s, se debe afrontar la interseccional de g\u00e9nero y social que las mujeres rurales afrontamos respecto a las grandes urbes con respecto a la falta de servicios y el incremento de atenci\u00f3n a personas dependientes que recae en nosotras, o en personas vulnerabilizadas que aceptan condiciones de trabajo muy precarias.<\/p>\n","protected":false},"excerpt":{"rendered":"<p>08\/03\/2024; (Pa\u00eds Llion\u00e9s): Monta\u00f1esas, ribere\u00f1as, las mujeres del mundo rural que con su coraz\u00f3n, sus manos y sus pasos han construido nuestros pueblos, nuestra sociedad. Las menos veces o\u00eddas, y nunca escuchadas. La falta de espacio para la participaci\u00f3n de la mujer rural sigue aqu\u00ed. Cada a\u00f1o se reivindican y conmemoran todas las luchas que [&hellip;]<\/p>\n","protected":false},"author":1,"featured_media":2425,"comment_status":"open","ping_status":"closed","sticky":false,"template":"","format":"standard","meta":{"_monsterinsights_skip_tracking":false,"_monsterinsights_sitenote_active":false,"_monsterinsights_sitenote_note":"","_monsterinsights_sitenote_category":0,"site-container-style":"default","site-container-layout":"default","site-sidebar-layout":"default","disable-article-header":"default","disable-site-header":"default","disable-site-footer":"default","disable-content-area-spacing":"default","_jetpack_memberships_contains_paid_content":false,"footnotes":"","jetpack_publicize_message":"","jetpack_publicize_feature_enabled":true,"jetpack_social_post_already_shared":false,"jetpack_social_options":{"image_generator_settings":{"template":"highway","default_image_id":0,"font":"","enabled":false},"version":2}},"categories":[1],"tags":[],"class_list":["post-2424","post","type-post","status-publish","format-standard","has-post-thumbnail","hentry","category-uncategorized"],"jetpack_publicize_connections":[],"jetpack_featured_media_url":"https:\/\/987aldia.com\/web\/wp-content\/uploads\/2024\/03\/Sin-titulo-1-1.jpg","jetpack_sharing_enabled":true,"_links":{"self":[{"href":"https:\/\/987aldia.com\/web\/wp-json\/wp\/v2\/posts\/2424","targetHints":{"allow":["GET"]}}],"collection":[{"href":"https:\/\/987aldia.com\/web\/wp-json\/wp\/v2\/posts"}],"about":[{"href":"https:\/\/987aldia.com\/web\/wp-json\/wp\/v2\/types\/post"}],"author":[{"embeddable":true,"href":"https:\/\/987aldia.com\/web\/wp-json\/wp\/v2\/users\/1"}],"replies":[{"embeddable":true,"href":"https:\/\/987aldia.com\/web\/wp-json\/wp\/v2\/comments?post=2424"}],"version-history":[{"count":1,"href":"https:\/\/987aldia.com\/web\/wp-json\/wp\/v2\/posts\/2424\/revisions"}],"predecessor-version":[{"id":2426,"href":"https:\/\/987aldia.com\/web\/wp-json\/wp\/v2\/posts\/2424\/revisions\/2426"}],"wp:featuredmedia":[{"embeddable":true,"href":"https:\/\/987aldia.com\/web\/wp-json\/wp\/v2\/media\/2425"}],"wp:attachment":[{"href":"https:\/\/987aldia.com\/web\/wp-json\/wp\/v2\/media?parent=2424"}],"wp:term":[{"taxonomy":"category","embeddable":true,"href":"https:\/\/987aldia.com\/web\/wp-json\/wp\/v2\/categories?post=2424"},{"taxonomy":"post_tag","embeddable":true,"href":"https:\/\/987aldia.com\/web\/wp-json\/wp\/v2\/tags?post=2424"}],"curies":[{"name":"wp","href":"https:\/\/api.w.org\/{rel}","templated":true}]}}