{"id":2465,"date":"2024-04-01T10:00:00","date_gmt":"2024-04-01T08:00:00","guid":{"rendered":"https:\/\/987aldia.com\/web\/?p=2465"},"modified":"2024-03-22T12:28:59","modified_gmt":"2024-03-22T11:28:59","slug":"la-junta-exige-a-renfe-prevision-coordinacion-e-informacion-sobre-los-cambios-horarios-por-las-obras-en-chamartin-ante-los-perjuicios-ocasionados-a-los-usuarios","status":"publish","type":"post","link":"https:\/\/987aldia.com\/web\/la-junta-exige-a-renfe-prevision-coordinacion-e-informacion-sobre-los-cambios-horarios-por-las-obras-en-chamartin-ante-los-perjuicios-ocasionados-a-los-usuarios\/","title":{"rendered":"La Junta exige a Renfe previsi\u00f3n, coordinaci\u00f3n e informaci\u00f3n sobre los cambios horarios por las obras en Chamart\u00edn ante los perjuicios ocasionados a los usuarios"},"content":{"rendered":"\n<h2 class=\"wp-block-heading\"><strong>La consejera de Movilidad y Transformaci\u00f3n Digital, Mar\u00eda Gonz\u00e1lez Corral, ha remitido una carta al presidente de Renfe, Ra\u00fcl Blanco, solicitando una reuni\u00f3n urgente para abordar la reorganizaci\u00f3n de horarios de los servicios ferroviarios que afectan a Castilla y Le\u00f3n y que se dieron a conocer ayer, una semana m\u00e1s tarde de lo anunciado por la empresa p\u00fablica ferroviaria. Pide, adem\u00e1s, respuesta a la reuni\u00f3n solicitada el pasado mes de enero para abordar todos los asuntos que afectan a la Comunidad en esta materia.<\/strong><\/h2>\n\n\n\n<p>Las obras de ampliaci\u00f3n de la estaci\u00f3n de Chamart\u00edn, en la capital madrile\u00f1a, han supuesto una reorganizaci\u00f3n de los horarios de los servicios ferroviarios que discurren por la Comunidad. Una reorganizaci\u00f3n que, tal y como recuerda en su carta la consejera de Movilidad y Transformaci\u00f3n Digital, Mar\u00eda Gonz\u00e1lez Corral, se dio a conocer por parte de Renfe el pasado 8 de marzo, sin concretar los nuevos horarios: \u201cEn esa misma nota, se adquir\u00eda el compromiso de poner a la venta los billetes en la semana del 11 de marzo, extremo que no se ha cumplido hasta el d\u00eda de ayer y que ha ocasionado perjuicios e incertidumbre en los usuarios\u201d.<\/p>\n\n\n\n<p>Ante esta situaci\u00f3n, la consejera pone de manifiesto en su misiva que, en la actualidad, la Junta colabora de forma estrecha en el marco del convenio, firmado el pasado 2 de diciembre de 2022, entre la Consejer\u00eda y Renfe, para la aplicaci\u00f3n de la bonificaci\u00f3n del 25 % en el precio de los t\u00edtulos de transporte multiviaje de Media Distancia-Alta Velocidad (AVANT). \u201cEn dicho convenio, se establece una Comisi\u00f3n de Seguimiento, entre cuyas funciones, se encuentra la coordinaci\u00f3n para la consecuci\u00f3n del objetivo del convenio. Por ello, te agradecer\u00eda que las modificaciones que se produzcan en estos servicios ferroviarios y que afecten a Castilla y Le\u00f3n se trasladen a dicha Comisi\u00f3n para poder conocerlas con la suficiente antelaci\u00f3n y de manera previa a que se hagan efectivas, ya que, como sabr\u00e1s, pueden tener gran incidencia para los usuarios de Castilla y Le\u00f3n\u201d.<\/p>\n\n\n\n<p>Gonz\u00e1lez Corral subraya la apuesta decidida de la Junta por el transporte ferroviario de viajeros, \u201cpues en nuestra comunidad este tipo de transporte es de vital importancia, por lo que la planificaci\u00f3n de estos servicios que se lleve a cabo desde RENFE y que afecte a los viajeros de Castilla y Le\u00f3n, muchos de ellos recurrentes, es fundamental para que puedan programar y organizar su d\u00eda a d\u00eda, especialmente aquellos que utilizan este medio de transporte por motivos de trabajo o estudios\u201d. Por todo ello, pide al presidente de la empresa p\u00fablica ferroviaria una reuni\u00f3n de car\u00e1cter urgente, que se suma a la que ya solicit\u00f3 el pasado mes de enero, con el objeto de tratar \u201cestos y otros asuntos relativos al los servicios ferroviarios que afectan a Castilla y Le\u00f3n, de los que, en algunos casos, nos enteramos por cauces que no son los oficiales\u201d.<\/p>\n","protected":false},"excerpt":{"rendered":"<p>La consejera de Movilidad y Transformaci\u00f3n Digital, Mar\u00eda Gonz\u00e1lez Corral, ha remitido una carta al presidente de Renfe, Ra\u00fcl Blanco, solicitando una reuni\u00f3n urgente para abordar la reorganizaci\u00f3n de horarios de los servicios ferroviarios que afectan a Castilla y Le\u00f3n y que se dieron a conocer ayer, una semana m\u00e1s tarde de lo anunciado por [&hellip;]<\/p>\n","protected":false},"author":1,"featured_media":2466,"comment_status":"open","ping_status":"closed","sticky":false,"template":"","format":"standard","meta":{"_monsterinsights_skip_tracking":false,"_monsterinsights_sitenote_active":false,"_monsterinsights_sitenote_note":"","_monsterinsights_sitenote_category":0,"site-container-style":"default","site-container-layout":"default","site-sidebar-layout":"default","disable-article-header":"default","disable-site-header":"default","disable-site-footer":"default","disable-content-area-spacing":"default","_jetpack_memberships_contains_paid_content":false,"footnotes":"","jetpack_publicize_message":"La Junta exige a Renfe previsi\u00f3n, coordinaci\u00f3n e informaci\u00f3n sobre los cambios horarios por las obras en Chamart\u00edn ante los perjuicios ocasionados a los usuarios\n\n#Le\u00f3nNoticias #Actualidad #castillayleon #Opini\u00f3nLeonesa #PeriodismoDigital #Noticias","jetpack_publicize_feature_enabled":true,"jetpack_social_post_already_shared":true,"jetpack_social_options":{"image_generator_settings":{"template":"highway","default_image_id":0,"font":"","enabled":false},"version":2}},"categories":[10],"tags":[],"class_list":["post-2465","post","type-post","status-publish","format-standard","has-post-thumbnail","hentry","category-castilla-y-leon"],"jetpack_publicize_connections":[],"jetpack_featured_media_url":"https:\/\/987aldia.com\/web\/wp-content\/uploads\/2024\/03\/Sin-titulo-1-4.jpg","jetpack_sharing_enabled":true,"_links":{"self":[{"href":"https:\/\/987aldia.com\/web\/wp-json\/wp\/v2\/posts\/2465","targetHints":{"allow":["GET"]}}],"collection":[{"href":"https:\/\/987aldia.com\/web\/wp-json\/wp\/v2\/posts"}],"about":[{"href":"https:\/\/987aldia.com\/web\/wp-json\/wp\/v2\/types\/post"}],"author":[{"embeddable":true,"href":"https:\/\/987aldia.com\/web\/wp-json\/wp\/v2\/users\/1"}],"replies":[{"embeddable":true,"href":"https:\/\/987aldia.com\/web\/wp-json\/wp\/v2\/comments?post=2465"}],"version-history":[{"count":1,"href":"https:\/\/987aldia.com\/web\/wp-json\/wp\/v2\/posts\/2465\/revisions"}],"predecessor-version":[{"id":2467,"href":"https:\/\/987aldia.com\/web\/wp-json\/wp\/v2\/posts\/2465\/revisions\/2467"}],"wp:featuredmedia":[{"embeddable":true,"href":"https:\/\/987aldia.com\/web\/wp-json\/wp\/v2\/media\/2466"}],"wp:attachment":[{"href":"https:\/\/987aldia.com\/web\/wp-json\/wp\/v2\/media?parent=2465"}],"wp:term":[{"taxonomy":"category","embeddable":true,"href":"https:\/\/987aldia.com\/web\/wp-json\/wp\/v2\/categories?post=2465"},{"taxonomy":"post_tag","embeddable":true,"href":"https:\/\/987aldia.com\/web\/wp-json\/wp\/v2\/tags?post=2465"}],"curies":[{"name":"wp","href":"https:\/\/api.w.org\/{rel}","templated":true}]}}