{"id":2469,"date":"2024-04-03T10:00:00","date_gmt":"2024-04-03T08:00:00","guid":{"rendered":"https:\/\/987aldia.com\/web\/?p=2469"},"modified":"2024-04-02T13:14:25","modified_gmt":"2024-04-02T11:14:25","slug":"valoracion-datos-del-paro-del-mes-de-marzo-2024","status":"publish","type":"post","link":"https:\/\/987aldia.com\/web\/valoracion-datos-del-paro-del-mes-de-marzo-2024\/","title":{"rendered":"Valoraci\u00f3n datos del paro del mes de marzo 2024"},"content":{"rendered":"\n<p>Le\u00f3n ha registrado en el mes de marzo un importante descenso del n\u00famero de parados inscritos en las oficinas del Servicio P\u00fablico de Empleo. 496 personas han encontrado un empleo en la provincia de Le\u00f3n en el \u00faltimo mes reduciendo la cifra de parados hasta las 22.788 personas. Son 936 menos (-3.95%) respecto a marzo del pasado a\u00f1o 2023.<\/p>\n\n\n\n<p>Como ya es habitual en la provincia, m\u00e1s a\u00fan en este periodo marcado por la Semana Santa, es el sector servicios el que copa el mayor descenso del n\u00famero de parados (-488). Le sigue agricultura (-19) e industria (-11). Por el contrario, construcci\u00f3n registra un incremento del paro en 15 personas y el colectivo sin empleo en 7 personas.<\/p>\n\n\n\n<p>En cuanto a afiliaci\u00f3n a la Seguridad Social, en el \u00faltimo mes Le\u00f3n sum\u00f3 1.251 afiliados, 2.726 m\u00e1s que en el mismo periodo del a\u00f1o anterior, lo que hace que la cifra de afiliados totales en la provincia ascienda a 165.526.<\/p>\n\n\n\n<p>Tras varios meses de incremento del paro, estas cifras demuestran la resiliencia y esfuerzo del tejido empresarial leon\u00e9s, especialmente en periodos de alta actividad.<\/p>\n\n\n\n<p>Con el comienzo del a\u00f1o las empresas han enfrentado un nuevo aumento de costes, en un contexto de incertidumbre a nivel internacional, y una continua presi\u00f3n fiscal mediante impuestos y cotizaciones sociales. En este entorno econ\u00f3mico tan vol\u00e1til, FELE insta a no agravar a\u00fan m\u00e1s la situaci\u00f3n con medidas que afecten a las empresas y a la indispensable flexibilidad requerida para adaptarse a las variadas circunstancias que enfrentan en t\u00e9rminos sectoriales y de tama\u00f1o. En este sentido el rol de la negociaci\u00f3n colectiva a la hora de alcanzar los equilibrios necesarios en cada empresa y sector es m\u00e1s imprescindible que nunca.<\/p>\n\n\n\n<p>La Federaci\u00f3n Leonesa de Empresarios (FELE) recuerda que a\u00fan nos encontramos ante un escenario donde la econom\u00eda muestra cierta moderaci\u00f3n e incertidumbre. Es por ello crucial fomentar un ambiente de seguridad jur\u00eddica, estabilidad en la regulaci\u00f3n y previsibilidad, que propicie la confianza necesaria para consolidar las decisiones de inversi\u00f3n. Esto es fundamental para continuar avanzando en el proceso de mantener y crear empleo.<\/p>\n","protected":false},"excerpt":{"rendered":"<p>Le\u00f3n ha registrado en el mes de marzo un importante descenso del n\u00famero de parados inscritos en las oficinas del Servicio P\u00fablico de Empleo. 496 personas han encontrado un empleo en la provincia de Le\u00f3n en el \u00faltimo mes reduciendo la cifra de parados hasta las 22.788 personas. Son 936 menos (-3.95%) respecto a marzo [&hellip;]<\/p>\n","protected":false},"author":1,"featured_media":2470,"comment_status":"open","ping_status":"closed","sticky":false,"template":"","format":"standard","meta":{"_monsterinsights_skip_tracking":false,"_monsterinsights_sitenote_active":false,"_monsterinsights_sitenote_note":"","_monsterinsights_sitenote_category":0,"site-container-style":"default","site-container-layout":"default","site-sidebar-layout":"default","disable-article-header":"default","disable-site-header":"default","disable-site-footer":"default","disable-content-area-spacing":"default","_jetpack_memberships_contains_paid_content":false,"footnotes":"","jetpack_publicize_message":"Valoraci\u00f3n datos del paro del mes de marzo 2024\n\n#Le\u00f3nNoticias #Actualidad #castillayleon #Opini\u00f3nLeonesa #PeriodismoDigital #Noticias","jetpack_publicize_feature_enabled":true,"jetpack_social_post_already_shared":true,"jetpack_social_options":{"image_generator_settings":{"template":"highway","default_image_id":0,"font":"","enabled":false},"version":2}},"categories":[7],"tags":[],"class_list":["post-2469","post","type-post","status-publish","format-standard","has-post-thumbnail","hentry","category-notas-de-prensa"],"jetpack_publicize_connections":[],"jetpack_featured_media_url":"https:\/\/987aldia.com\/web\/wp-content\/uploads\/2024\/04\/Blog-scaled.jpg","jetpack_sharing_enabled":true,"_links":{"self":[{"href":"https:\/\/987aldia.com\/web\/wp-json\/wp\/v2\/posts\/2469","targetHints":{"allow":["GET"]}}],"collection":[{"href":"https:\/\/987aldia.com\/web\/wp-json\/wp\/v2\/posts"}],"about":[{"href":"https:\/\/987aldia.com\/web\/wp-json\/wp\/v2\/types\/post"}],"author":[{"embeddable":true,"href":"https:\/\/987aldia.com\/web\/wp-json\/wp\/v2\/users\/1"}],"replies":[{"embeddable":true,"href":"https:\/\/987aldia.com\/web\/wp-json\/wp\/v2\/comments?post=2469"}],"version-history":[{"count":1,"href":"https:\/\/987aldia.com\/web\/wp-json\/wp\/v2\/posts\/2469\/revisions"}],"predecessor-version":[{"id":2471,"href":"https:\/\/987aldia.com\/web\/wp-json\/wp\/v2\/posts\/2469\/revisions\/2471"}],"wp:featuredmedia":[{"embeddable":true,"href":"https:\/\/987aldia.com\/web\/wp-json\/wp\/v2\/media\/2470"}],"wp:attachment":[{"href":"https:\/\/987aldia.com\/web\/wp-json\/wp\/v2\/media?parent=2469"}],"wp:term":[{"taxonomy":"category","embeddable":true,"href":"https:\/\/987aldia.com\/web\/wp-json\/wp\/v2\/categories?post=2469"},{"taxonomy":"post_tag","embeddable":true,"href":"https:\/\/987aldia.com\/web\/wp-json\/wp\/v2\/tags?post=2469"}],"curies":[{"name":"wp","href":"https:\/\/api.w.org\/{rel}","templated":true}]}}