{"id":2472,"date":"2024-04-05T10:00:00","date_gmt":"2024-04-05T08:00:00","guid":{"rendered":"https:\/\/987aldia.com\/web\/?p=2472"},"modified":"2024-04-04T13:11:27","modified_gmt":"2024-04-04T11:11:27","slug":"primeros-contactos-entre-delegacion-de-la-junta-y-tresca-para-conocer-el-plan-de-negocio-de-la-compania","status":"publish","type":"post","link":"https:\/\/987aldia.com\/web\/primeros-contactos-entre-delegacion-de-la-junta-y-tresca-para-conocer-el-plan-de-negocio-de-la-compania\/","title":{"rendered":"Primeros contactos entre Delegaci\u00f3n de la Junta y TRESCA para conocer el plan de negocio de la compa\u00f1\u00eda"},"content":{"rendered":"\n<h2 class=\"wp-block-heading\"><strong>Esta empresa, que apuesta por la transici\u00f3n energ\u00e9tica, es responsable de m\u00e1s de 100 proyectos de instalaciones que producir\u00e1n hidr\u00f3geno verde y derivados que tendr\u00e1n su aplicaci\u00f3n en la industria y cuenta con el apoyo expreso de la Consejer\u00eda de Econom\u00eda y Hacienda<\/strong>.<\/h2>\n\n\n\n<p>La delegada territorial, Leticia Garc\u00eda, ha recibido esta ma\u00f1ana a representantes de TRESCA Ingenier\u00eda, con sede en Le\u00f3n, Madrid y Asturias, para conocer los proyectos que la empresa est\u00e1 llevando a cabo, as\u00ed como su plan de negocio en la provincia de Zamora. Han estado presentes en la misma, el director Comercial y de Desarrollo de Negocio de Tresca, Ra\u00fal Rodr\u00edguez, y su director Financiero, Alejandro Fern\u00e1ndez; que han explicado a la delegada los detalles de su trabajo en torno al hidr\u00f3geno verde y derivados que tendr\u00e1n su aplicaci\u00f3n en la industria y cuenta con el apoyo expreso de la Consejer\u00eda de Econom\u00eda y Hacienda.<\/p>\n\n\n\n<p>Durante este encuentro, Leticia Garc\u00eda se ha interesado por los distintos proyectos que la compa\u00f1\u00eda mantiene activos y que el pasado a\u00f1o fueron reconocidos por la Junta de Castilla y Le\u00f3n como estrat\u00e9gicos en su plan de expansi\u00f3n y de crecimiento al haber sido declarados de Especial Inter\u00e9s. Esta distinci\u00f3n subraya el significativo impacto que estos planes podr\u00edan tener en diversos aspectos de la Comunidad, abarcando desde el \u00e1mbito social hasta el econ\u00f3mico y empresarial.<\/p>\n\n\n\n<p>La delegada territorial, Leticia Garc\u00eda, ha destacado que \u201cZamora sigue siendo un destino atractivo como demuestra la apuesta de numerosas empresas en nuestro territorio y, ahora, la de TRESCA Ingenier\u00eda, que fomenta en sus planes de expansi\u00f3n la implantaci\u00f3n de proyectos en nuestra provincia, que adem\u00e1s lleva a Castilla y Le\u00f3n hacia un nuevo paradigma en las energ\u00edas renovables con nuevos modelos m\u00e1s sostenibles\u201d.<\/p>\n\n\n\n<p>TRESCA Ingenier\u00eda, con la integraci\u00f3n del I+D en esta estrategia, resalta su compromiso con la innovaci\u00f3n y la mejora continua. Adem\u00e1s, se espera que este enfoque permita a la compa\u00f1\u00eda expandirse y crear hasta 250 nuevos puestos de trabajo para el a\u00f1o 2027. Desde TRESCA Ingenier\u00eda, adem\u00e1s, se ha puesto en valor el potencial de la provincia de Zamora en el \u00e1mbito energ\u00e9tico. Por todo ello, ambas partes han mostrado su satisfacci\u00f3n por esta primera toma de contacto de cara a seguir manteniendo un di\u00e1logo fluido que permita el desarrollo de algunas de las propuestas de valor que la empresa energ\u00e9tica est\u00e1 dise\u00f1ando en la actualidad para la provincia zamorana.<\/p>\n","protected":false},"excerpt":{"rendered":"<p>Esta empresa, que apuesta por la transici\u00f3n energ\u00e9tica, es responsable de m\u00e1s de 100 proyectos de instalaciones que producir\u00e1n hidr\u00f3geno verde y derivados que tendr\u00e1n su aplicaci\u00f3n en la industria y cuenta con el apoyo expreso de la Consejer\u00eda de Econom\u00eda y Hacienda. La delegada territorial, Leticia Garc\u00eda, ha recibido esta ma\u00f1ana a representantes de [&hellip;]<\/p>\n","protected":false},"author":1,"featured_media":2473,"comment_status":"open","ping_status":"closed","sticky":false,"template":"","format":"standard","meta":{"_monsterinsights_skip_tracking":false,"_monsterinsights_sitenote_active":false,"_monsterinsights_sitenote_note":"","_monsterinsights_sitenote_category":0,"site-container-style":"default","site-container-layout":"default","site-sidebar-layout":"default","disable-article-header":"default","disable-site-header":"default","disable-site-footer":"default","disable-content-area-spacing":"default","_jetpack_memberships_contains_paid_content":false,"footnotes":"","jetpack_publicize_message":"Primeros contactos entre Delegaci\u00f3n de la Junta y TRESCA para conocer el plan de negocio de la compa\u00f1\u00eda\n\n#Le\u00f3nNoticias #Actualidad #castillayleon #Opini\u00f3nLeonesa #PeriodismoDigital #Noticias","jetpack_publicize_feature_enabled":true,"jetpack_social_post_already_shared":true,"jetpack_social_options":{"image_generator_settings":{"template":"highway","default_image_id":0,"font":"","enabled":false},"version":2}},"categories":[10],"tags":[],"class_list":["post-2472","post","type-post","status-publish","format-standard","has-post-thumbnail","hentry","category-castilla-y-leon"],"jetpack_publicize_connections":[],"jetpack_featured_media_url":"https:\/\/987aldia.com\/web\/wp-content\/uploads\/2024\/04\/Sin-titulo-1.jpg","jetpack_sharing_enabled":true,"_links":{"self":[{"href":"https:\/\/987aldia.com\/web\/wp-json\/wp\/v2\/posts\/2472","targetHints":{"allow":["GET"]}}],"collection":[{"href":"https:\/\/987aldia.com\/web\/wp-json\/wp\/v2\/posts"}],"about":[{"href":"https:\/\/987aldia.com\/web\/wp-json\/wp\/v2\/types\/post"}],"author":[{"embeddable":true,"href":"https:\/\/987aldia.com\/web\/wp-json\/wp\/v2\/users\/1"}],"replies":[{"embeddable":true,"href":"https:\/\/987aldia.com\/web\/wp-json\/wp\/v2\/comments?post=2472"}],"version-history":[{"count":1,"href":"https:\/\/987aldia.com\/web\/wp-json\/wp\/v2\/posts\/2472\/revisions"}],"predecessor-version":[{"id":2474,"href":"https:\/\/987aldia.com\/web\/wp-json\/wp\/v2\/posts\/2472\/revisions\/2474"}],"wp:featuredmedia":[{"embeddable":true,"href":"https:\/\/987aldia.com\/web\/wp-json\/wp\/v2\/media\/2473"}],"wp:attachment":[{"href":"https:\/\/987aldia.com\/web\/wp-json\/wp\/v2\/media?parent=2472"}],"wp:term":[{"taxonomy":"category","embeddable":true,"href":"https:\/\/987aldia.com\/web\/wp-json\/wp\/v2\/categories?post=2472"},{"taxonomy":"post_tag","embeddable":true,"href":"https:\/\/987aldia.com\/web\/wp-json\/wp\/v2\/tags?post=2472"}],"curies":[{"name":"wp","href":"https:\/\/api.w.org\/{rel}","templated":true}]}}