{"id":2482,"date":"2024-04-12T10:00:00","date_gmt":"2024-04-12T08:00:00","guid":{"rendered":"https:\/\/987aldia.com\/web\/?p=2482"},"modified":"2024-04-11T17:50:38","modified_gmt":"2024-04-11T15:50:38","slug":"manueco-solicita-al-gobierno-medidas-contra-la-despoblacion-reforzar-las-infraestructuras-hidraulicas-y-una-red-de-suministro-energetico-adecuada-para-la-comunidad","status":"publish","type":"post","link":"https:\/\/987aldia.com\/web\/manueco-solicita-al-gobierno-medidas-contra-la-despoblacion-reforzar-las-infraestructuras-hidraulicas-y-una-red-de-suministro-energetico-adecuada-para-la-comunidad\/","title":{"rendered":"Ma\u00f1ueco solicita al Gobierno medidas contra la despoblaci\u00f3n, reforzar las infraestructuras hidr\u00e1ulicas y una red de suministro energ\u00e9tico adecuada para la Comunidad"},"content":{"rendered":"\n<h2 class=\"wp-block-heading\"><strong>El presidente de la Junta ha mantenido hoy una reuni\u00f3n con la ministra para la Transici\u00f3n Ecol\u00f3gica y el Reto Demogr\u00e1fico, Teresa Ribera, para analizar diferentes asuntos que afectan a Castilla y Le\u00f3n, como la ejecuci\u00f3n de las depuradoras pendientes declaradas de inter\u00e9s general del Estado, entre otros asuntos.<\/strong><\/h2>\n\n\n\n<p>El presidente de la Junta de Castilla y Le\u00f3n, Alfonso Fern\u00e1ndez Ma\u00f1ueco, se ha reunido hoy en Madrid con la ministra para la Transici\u00f3n Ecol\u00f3gica y el Reto Demogr\u00e1fico, Teresa Ribera, para analizar diferentes asuntos que afectan a Castilla y Le\u00f3n.<\/p>\n\n\n\n<p>Entre ellos, ha solicitado que adopte medidas contra la despoblaci\u00f3n para lo que es fundamental, contar con una \u00abfinanciaci\u00f3n adecuada\u00bb por parte del Gobierno de Espa\u00f1a y as\u00ed atender el coste real de prestaci\u00f3n de los servicios p\u00fablicos en toda la Comunidad. De hecho, Fern\u00e1ndez Ma\u00f1ueco ha recordado que el Ejecutivo auton\u00f3mico&nbsp;mantiene abiertos en Castilla y Le\u00f3n 3.600&nbsp;consultorios y escuelas desde tres ni\u00f1os, entre otros ejemplos de servicios disponibles en todo el territorio.<\/p>\n\n\n\n<p>Adem\u00e1s, en este objetivo de abordar el reto demogr\u00e1fico, ha se\u00f1alado que es necesario que el Gobierno central aplique otras medidas, como una fiscalidad diferenciada, llegando a una bonificaci\u00f3n del&nbsp;20 % en costes laborales en Soria, y ampliarla a Zamora y a otras zonas afectadas gravemente por la despoblaci\u00f3n; mejorar el transporte y descartar la supresi\u00f3n de las casi 350 paradas del medio rural que prev\u00e9 el Mapa de los Servicios de Transporte P\u00fablico Interurbano; mecanismos de simplificaci\u00f3n normativa para facilitar el emprendimiento rural, reduciendo tr\u00e1mites para la apertura e instalaci\u00f3n de negocios; un programa conjunto con el Gobierno auton\u00f3mico para mejorar el acceso a la vivienda en el medio rural; y, por \u00faltimo, discriminaci\u00f3n positiva en la inversi\u00f3n en zonas con despoblaci\u00f3n y en los criterios de reparto de los fondos de cohesi\u00f3n territorial. &nbsp;<\/p>\n\n\n\n<p><strong>Infraestructuras hidr\u00e1ulicas y gesti\u00f3n del agua<\/strong><\/p>\n\n\n\n<p>Tambi\u00e9n, Fern\u00e1ndez Ma\u00f1ueco le ha trasladado a la ministra Ribera que es necesario reforzar las infraestructuras hidr\u00e1ulicas y la gesti\u00f3n del agua, para poder garantizar este servicio de primera necesidad&nbsp;en cantidad y calidad suficientes.<\/p>\n\n\n\n<p>Entre otras cuestiones, ha demandado una mayor capacidad de regulaci\u00f3n en la Cuenca del Duero; impulsar obras y actuaciones, como la presa del r\u00edo Mayor en Soria, la de Castrovido en Burgos, la central hidroel\u00e9ctrica de Irue\u00f1a y el recrecimiento de Santa Teresa, en Salamanca, o un nuevo embalse en el r\u00edo Cigui\u00f1uela en Segovia; y, tambi\u00e9n, un mayor esfuerzo para poder potenciar los regad\u00edos, en algunos casos pendientes por retrasos en tr\u00e1mites ambientales del ministerio, como en La Cueza, Canal de San Jos\u00e9, Canal de Pisuerga, Campillo de Buitrago, Porma sector IV, Carri\u00f3n, Salda\u00f1a o Villamoronta.<\/p>\n\n\n\n<p>Dentro de este apartado, el jefe del Ejecutivo auton\u00f3mico ha pedido que el Ministerio ejecute las depuradoras declaradas de inter\u00e9s general del Estado en Castilla y Le\u00f3n, ya que est\u00e1n pendientes m\u00e1s de una decena en diferentes provincias. Son las siguientes: Aldeamayor de San Mart\u00edn, Ayll\u00f3n, Fermoselle, San Crist\u00f3bal de Entrev\u00edas, Villanueva de Duero, Villanueva de Yeltes, Astudillo, Quintanar de la Sierra, Morales del Vino, Monfarracinos, Villaralbo, Palacios de la Sierra, Castrovido, Hacinas, Castrillo de la Reina, Vilvestre de Pinar, Canicosa de la Sierra y el Espacio Natural de los Arribes del Duero.<\/p>\n\n\n\n<p><strong>En materia de energ\u00eda<\/strong><\/p>\n\n\n\n<p>En materia de energ\u00eda, el presidente de la Junta ha remarcado el potencial de Castilla y Le\u00f3n, al generar un 55 % m\u00e1s de la que consume, y ha recordado que la Comunidad es energ\u00e9ticamente solidaria. No obstante, necesita una red de suministro adecuada para los proyectos industriales y empresariales, que son fuente de riqueza y empleo.<\/p>\n\n\n\n<p>Por eso, Fern\u00e1ndez Ma\u00f1ueco ha pedido que, en la planificaci\u00f3n que est\u00e1 haciendo el Gobierno de Espa\u00f1a a trav\u00e9s de&nbsp;Red El\u00e9ctrica Espa\u00f1ola, se incluyan las mejoras que se precisan para atender las demandas de consumo de las \u00e1reas industriales; y que cambie la normativa para favorecer el consumo y el autoconsumo en las zonas donde se produce la energ\u00eda.<\/p>\n","protected":false},"excerpt":{"rendered":"<p>El presidente de la Junta ha mantenido hoy una reuni\u00f3n con la ministra para la Transici\u00f3n Ecol\u00f3gica y el Reto Demogr\u00e1fico, Teresa Ribera, para analizar diferentes asuntos que afectan a Castilla y Le\u00f3n, como la ejecuci\u00f3n de las depuradoras pendientes declaradas de inter\u00e9s general del Estado, entre otros asuntos. El presidente de la Junta de [&hellip;]<\/p>\n","protected":false},"author":1,"featured_media":2483,"comment_status":"open","ping_status":"closed","sticky":false,"template":"","format":"standard","meta":{"_monsterinsights_skip_tracking":false,"_monsterinsights_sitenote_active":false,"_monsterinsights_sitenote_note":"","_monsterinsights_sitenote_category":0,"site-container-style":"default","site-container-layout":"default","site-sidebar-layout":"default","disable-article-header":"default","disable-site-header":"default","disable-site-footer":"default","disable-content-area-spacing":"default","_jetpack_memberships_contains_paid_content":false,"footnotes":"","jetpack_publicize_message":"Ma\u00f1ueco solicita al Gobierno medidas contra la despoblaci\u00f3n, reforzar las infraestructuras hidr\u00e1ulicas y una red de suministro energ\u00e9tico adecuada para la Comunidad\n\n#Le\u00f3nNoticias #Actualidad #castillayleon #Opini\u00f3nLeonesa #PeriodismoDigital #Noticias","jetpack_publicize_feature_enabled":true,"jetpack_social_post_already_shared":true,"jetpack_social_options":{"image_generator_settings":{"template":"highway","default_image_id":0,"font":"","enabled":false},"version":2}},"categories":[10],"tags":[],"class_list":["post-2482","post","type-post","status-publish","format-standard","has-post-thumbnail","hentry","category-castilla-y-leon"],"jetpack_publicize_connections":[],"jetpack_featured_media_url":"https:\/\/987aldia.com\/web\/wp-content\/uploads\/2024\/04\/Sin-titulo-1-2.jpg","jetpack_sharing_enabled":true,"_links":{"self":[{"href":"https:\/\/987aldia.com\/web\/wp-json\/wp\/v2\/posts\/2482","targetHints":{"allow":["GET"]}}],"collection":[{"href":"https:\/\/987aldia.com\/web\/wp-json\/wp\/v2\/posts"}],"about":[{"href":"https:\/\/987aldia.com\/web\/wp-json\/wp\/v2\/types\/post"}],"author":[{"embeddable":true,"href":"https:\/\/987aldia.com\/web\/wp-json\/wp\/v2\/users\/1"}],"replies":[{"embeddable":true,"href":"https:\/\/987aldia.com\/web\/wp-json\/wp\/v2\/comments?post=2482"}],"version-history":[{"count":1,"href":"https:\/\/987aldia.com\/web\/wp-json\/wp\/v2\/posts\/2482\/revisions"}],"predecessor-version":[{"id":2484,"href":"https:\/\/987aldia.com\/web\/wp-json\/wp\/v2\/posts\/2482\/revisions\/2484"}],"wp:featuredmedia":[{"embeddable":true,"href":"https:\/\/987aldia.com\/web\/wp-json\/wp\/v2\/media\/2483"}],"wp:attachment":[{"href":"https:\/\/987aldia.com\/web\/wp-json\/wp\/v2\/media?parent=2482"}],"wp:term":[{"taxonomy":"category","embeddable":true,"href":"https:\/\/987aldia.com\/web\/wp-json\/wp\/v2\/categories?post=2482"},{"taxonomy":"post_tag","embeddable":true,"href":"https:\/\/987aldia.com\/web\/wp-json\/wp\/v2\/tags?post=2482"}],"curies":[{"name":"wp","href":"https:\/\/api.w.org\/{rel}","templated":true}]}}