{"id":2510,"date":"2024-04-29T10:13:16","date_gmt":"2024-04-29T08:13:16","guid":{"rendered":"https:\/\/987aldia.com\/web\/?p=2510"},"modified":"2024-04-29T10:13:18","modified_gmt":"2024-04-29T08:13:18","slug":"trafico-alternativo-en-la-sg-411-a-partir-de-hoy-lunes-por-las-obras-de-mejora-del-firme-que-acomete-la-junta","status":"publish","type":"post","link":"https:\/\/987aldia.com\/web\/trafico-alternativo-en-la-sg-411-a-partir-de-hoy-lunes-por-las-obras-de-mejora-del-firme-que-acomete-la-junta\/","title":{"rendered":"Tr\u00e1fico alternativo en la SG-411 a partir de hoy lunes, por las obras de mejora del firme que acomete la Junta"},"content":{"rendered":"\n<h2 class=\"wp-block-heading\"><strong>Aunque no es necesario el corte total al tr\u00e1fico de la carretera, se regular\u00e1 la circulaci\u00f3n mediante el paso alternativo de veh\u00edculos para la correcta ejecuci\u00f3n de los trabajos. Esta v\u00eda auton\u00f3mica que discurre entre San Crist\u00f3bal de la Vega y Ar\u00e9valo tiene una longitud de 8,3 kil\u00f3metros y una intensidad media diaria (IMD) de 995 veh\u00edculos, de los que el 12 % son pesados.<\/strong><\/h2>\n\n\n\n<p>Desde hoy lunes, 29 de abril, y durante los pr\u00f3ximos meses hasta la finalizaci\u00f3n de las obras previstas, se producir\u00e1n afecciones al tr\u00e1fico en la carretera SG-411, de San Crist\u00f3bal de la Vega a la carretera A-6 (Ar\u00e9valo), con motivo la mejora del firme que va a ejecutar la Junta de Castilla y Le\u00f3n en esta v\u00eda auton\u00f3mica, cuyo trazado atraviesa los n\u00facleos de San Crist\u00f3bal de la Vega, Rapariegos y Mart\u00edn Mu\u00f1oz de la Dehesa.<\/p>\n\n\n\n<p>Desde el Servicio Territorial de Movilidad y Transformaci\u00f3n Digital de Segovia se\u00f1alan que la actuaci\u00f3n incidir\u00e1 inevitablemente en la circulaci\u00f3n de veh\u00edculos en esta carretera, lo que se pone en conocimiento de los conductores que la utilizan, ya que se pueden producir algunas retenciones en las horas de m\u00e1s circulaci\u00f3n. Aunque no ser\u00e1 necesario el corte total al tr\u00e1fico de la v\u00eda, se regular\u00e1 el paso alternativo de veh\u00edculos en los tramos en los que se est\u00e9 interviniendo en cada momento.<\/p>\n\n\n\n<p>Las obras se encuadran en el contrato que mantiene la Junta de Castilla y Le\u00f3n para la ejecuci\u00f3n de operaciones de conservaci\u00f3n en las carreteras de la provincia de Segovia y las actuaciones a llevar a cabo consistir\u00e1n b\u00e1sicamente en la mejora y refuerzo del firme existente.<\/p>\n\n\n\n<p>De manera previa a la ejecuci\u00f3n de los trabajos de refuerzo que comienzan ma\u00f1ana lunes, se han realizado operaciones de limpieza y perfilado de cunetas y formaci\u00f3n de bermas, eliminando los mordientes y escalones de los m\u00e1rgenes con aportaci\u00f3n de material en toda la carretera.<\/p>\n\n\n\n<p>Una vez asentado el material aportado en los m\u00e1rgenes, ahora se va a proceder al fresado de la capa superficial deteriorada. A continuaci\u00f3n, se intervendr\u00e1 para reponer el firme mediante el extendido de una capa de mezcla bituminosa de rodadura con un espesor medio de unos 5 cent\u00edmetros, dependiendo de cada tramo, logrando la regularizaci\u00f3n del tramo en toda la longitud de la carretera, incluyendo, tambi\u00e9n, las traves\u00edas de los municipios San Crist\u00f3bal de la Vega, Rapariegos y Martin Mu\u00f1oz de la Dehesa.<\/p>\n\n\n\n<p>Con posterioridad a la ejecuci\u00f3n de la capa de aglomerado se tiene previsto rematar la berma con el extendido de unos cent\u00edmetros de material adecuado para que quede nivelado con la capa de aglomerado. Por \u00faltimo, se proceder\u00e1 a la ejecuci\u00f3n de la se\u00f1alizaci\u00f3n horizontal (pintado de marcas viales) en todo el tramo.<\/p>\n\n\n\n<p><strong>Obra necesaria para corregir deficiencias derivadas del envejecimiento del firme<\/strong><\/p>\n\n\n\n<p>La carretera auton\u00f3mica SG-411, de San Crist\u00f3bal de la Vega a Ar\u00e9valo, tiene una longitud de 8,3 kil\u00f3metros y una anchura de 6 metros. Su trazado discurre por terreno llano y atraviesa los n\u00facleos de San Crist\u00f3bal de la Vega, Rapariegos y Mart\u00edn Mu\u00f1oz de la Dehesa. Es una v\u00eda que comunica la N-601 con la A-6 y supone una continuaci\u00f3n del itinerario de la carretera auton\u00f3mica SG-351, que comienza en Santiuste de San Juan Bautista (SG-343). La intensidad media diaria (IMD) de la SG-411 es de 955 veh\u00edculos con un 12 % de pesados.<\/p>\n\n\n\n<p>Actualmente presenta deficiencias en el firme, que consisten principalmente en roderas, deformaciones longitudinales ocasionadas por el tr\u00e1fico de veh\u00edculos pesados y fisuraciones por agotamiento estructural del mismo. Su estado de conservaci\u00f3n requiere la actuaci\u00f3n que se va a acometer pues la superficie de rodadura est\u00e1 envejecida, con presencia de tramos de firme agrietado, agotado con roderas y bacheado.<\/p>\n","protected":false},"excerpt":{"rendered":"<p>Aunque no es necesario el corte total al tr\u00e1fico de la carretera, se regular\u00e1 la circulaci\u00f3n mediante el paso alternativo de veh\u00edculos para la correcta ejecuci\u00f3n de los trabajos. Esta v\u00eda auton\u00f3mica que discurre entre San Crist\u00f3bal de la Vega y Ar\u00e9valo tiene una longitud de 8,3 kil\u00f3metros y una intensidad media diaria (IMD) de [&hellip;]<\/p>\n","protected":false},"author":1,"featured_media":2511,"comment_status":"open","ping_status":"closed","sticky":false,"template":"","format":"standard","meta":{"_monsterinsights_skip_tracking":false,"_monsterinsights_sitenote_active":false,"_monsterinsights_sitenote_note":"","_monsterinsights_sitenote_category":0,"site-container-style":"default","site-container-layout":"default","site-sidebar-layout":"default","disable-article-header":"default","disable-site-header":"default","disable-site-footer":"default","disable-content-area-spacing":"default","_jetpack_memberships_contains_paid_content":false,"footnotes":"","jetpack_publicize_message":"","jetpack_publicize_feature_enabled":false,"jetpack_social_post_already_shared":false,"jetpack_social_options":{"image_generator_settings":{"template":"highway","default_image_id":0,"font":"","enabled":false},"version":2}},"categories":[10],"tags":[],"class_list":["post-2510","post","type-post","status-publish","format-standard","has-post-thumbnail","hentry","category-castilla-y-leon"],"jetpack_publicize_connections":[],"jetpack_featured_media_url":"https:\/\/987aldia.com\/web\/wp-content\/uploads\/2024\/04\/Sin-titulo-1-7.jpg","jetpack_sharing_enabled":true,"_links":{"self":[{"href":"https:\/\/987aldia.com\/web\/wp-json\/wp\/v2\/posts\/2510","targetHints":{"allow":["GET"]}}],"collection":[{"href":"https:\/\/987aldia.com\/web\/wp-json\/wp\/v2\/posts"}],"about":[{"href":"https:\/\/987aldia.com\/web\/wp-json\/wp\/v2\/types\/post"}],"author":[{"embeddable":true,"href":"https:\/\/987aldia.com\/web\/wp-json\/wp\/v2\/users\/1"}],"replies":[{"embeddable":true,"href":"https:\/\/987aldia.com\/web\/wp-json\/wp\/v2\/comments?post=2510"}],"version-history":[{"count":1,"href":"https:\/\/987aldia.com\/web\/wp-json\/wp\/v2\/posts\/2510\/revisions"}],"predecessor-version":[{"id":2512,"href":"https:\/\/987aldia.com\/web\/wp-json\/wp\/v2\/posts\/2510\/revisions\/2512"}],"wp:featuredmedia":[{"embeddable":true,"href":"https:\/\/987aldia.com\/web\/wp-json\/wp\/v2\/media\/2511"}],"wp:attachment":[{"href":"https:\/\/987aldia.com\/web\/wp-json\/wp\/v2\/media?parent=2510"}],"wp:term":[{"taxonomy":"category","embeddable":true,"href":"https:\/\/987aldia.com\/web\/wp-json\/wp\/v2\/categories?post=2510"},{"taxonomy":"post_tag","embeddable":true,"href":"https:\/\/987aldia.com\/web\/wp-json\/wp\/v2\/tags?post=2510"}],"curies":[{"name":"wp","href":"https:\/\/api.w.org\/{rel}","templated":true}]}}