{"id":2513,"date":"2024-05-03T10:00:00","date_gmt":"2024-05-03T08:00:00","guid":{"rendered":"https:\/\/987aldia.com\/web\/?p=2513"},"modified":"2024-04-30T18:26:22","modified_gmt":"2024-04-30T16:26:22","slug":"la-junta-publica-la-licitacion-de-las-viviendas-colaborativas-de-alquiler-joven-de-segovia-capital-con-un-presupuesto-de-124-millones-de-euros","status":"publish","type":"post","link":"https:\/\/987aldia.com\/web\/la-junta-publica-la-licitacion-de-las-viviendas-colaborativas-de-alquiler-joven-de-segovia-capital-con-un-presupuesto-de-124-millones-de-euros\/","title":{"rendered":"La Junta publica la licitaci\u00f3n de las viviendas colaborativas de alquiler joven de Segovia capital, con un presupuesto de 12,4 millones de euros"},"content":{"rendered":"\n<h2 class=\"wp-block-heading\"><strong>La Consejer\u00eda de Medio Ambiente, Vivienda y Ordenaci\u00f3n del Territorio, a trav\u00e9s de Somacyl, ha publicado el anuncio para contratar la redacci\u00f3n del proyecto de ejecuci\u00f3n y la construcci\u00f3n del grupo de 93 viviendas colaborativas de alquiler social para j\u00f3venes en el barrio de Ciudad y Tierra de Segovia.<\/strong><\/h2>\n\n\n\n<p>La Junta de Castilla y Le\u00f3n, a trav\u00e9s de la Sociedad P\u00fablica de Infraestructuras y Medio Ambiente (Somacyl), ha publicado en la Plataforma de Contrataci\u00f3n del Sector P\u00fablico el anuncio de la licitaci\u00f3n de la redacci\u00f3n del proyecto de ejecuci\u00f3n, construcci\u00f3n y puesta en uso del edificio de 93 viviendas colaborativas destinadas al alquiler para j\u00f3venes en Segovia capital. El presupuesto de licitaci\u00f3n asciende a 12.396.981,30 euros, el plazo de ejecuci\u00f3n est\u00e1 establecido en 23,5 meses y el periodo en el que las empresas pueden presentar ofertas finaliza el 20 de mayo.<\/p>\n\n\n\n<p>El n\u00famero final de viviendas a construir en esta promoci\u00f3n p\u00fablica viene determinado por los condicionantes establecidos en la licencia urban\u00edstica como consecuencia de la normativa del PGOU de Segovia. La Consejer\u00eda de Medio Ambiente, Vivienda y Ordenaci\u00f3n del Territorio promueve el grupo viviendas en un solar cedido por el Ayuntamiento de Segovia en la carretera de Valdevilla, esquina con la calle Procuradores del Com\u00fan, en el barrio de Ciudad y Tierra de la capital.<\/p>\n\n\n\n<p>Las viviendas tendr\u00e1n una superficie \u00fatil m\u00e1xima de 60 metros cuadrados, contar\u00e1n con sal\u00f3n-cocina, 2 dormitorios, 2 ba\u00f1os y terraza. Adem\u00e1s, el edificio dispondr\u00e1 de zonas comunes destinadas a coworking, lavander\u00eda o descanso.<\/p>\n\n\n\n<p>Una vez ejecutadas, las viviendas estar\u00e1n en disposici\u00f3n de formar parte del parque p\u00fablico de viviendas en alquiler que gestiona Somacyl y se destinar\u00e1n fundamentalmente a j\u00f3venes menores de 36 a\u00f1os.<\/p>\n\n\n\n<p><strong>Desarrollo del Programa TUYA en la provincia de Segovia<\/strong><\/p>\n\n\n\n<p>La construcci\u00f3n de este grupo de viviendas en la capital es una actuaci\u00f3n que se enmarca en el Programa TUYA de la Junta de Castilla y Le\u00f3n, cuyo objetivo es construir vivienda en venta y en alquiler destinada fundamentalmente a los j\u00f3venes de la Comunidad.<\/p>\n\n\n\n<p>En la provincia de Segovia, el Programa TUYA desarrolla tres promociones que supondr\u00e1n la construcci\u00f3n de 124 viviendas, que incluyen las 93 en licitaci\u00f3n en Segovia capital para alquiler joven y la construcci\u00f3n de 31 viviendas para su venta en dos promociones: 20 viviendas en el municipio de Sanchonu\u00f1o y 11 viviendas en Carbonero el Mayor.<\/p>\n\n\n\n<p>El objetivo actual de este Programa, que gestiona Somacyl, es la construcci\u00f3n de 1.703 viviendas en Castilla y Le\u00f3n en 80 promociones. De este total,1.197 viviendas se destinar\u00e1n a alquiler en 29 promociones, de ellas, para alquiler joven, est\u00e1n previstas 985 viviendas en \u00c1vila, Burgos, Aranda de Duero (Burgos), Miranda de Ebro (Burgos), Le\u00f3n, Ponferrada (Le\u00f3n), Palencia, Segovia, Soria, Valladolid, Medina del Campo (Valladolid) y Zamora. A estas se suman 127 viviendas de camineros en 10 promociones en distintos puntos de la Comunidad y 85 viviendas m\u00e1s en alquiler en peque\u00f1os municipios de Castilla y Le\u00f3n.<\/p>\n\n\n\n<p>En cuanto a venta, el Programa incluye la construcci\u00f3n de 506 viviendas en 51 promociones en varias capitales y municipios de la Comunidad aut\u00f3noma.<\/p>\n","protected":false},"excerpt":{"rendered":"<p>La Consejer\u00eda de Medio Ambiente, Vivienda y Ordenaci\u00f3n del Territorio, a trav\u00e9s de Somacyl, ha publicado el anuncio para contratar la redacci\u00f3n del proyecto de ejecuci\u00f3n y la construcci\u00f3n del grupo de 93 viviendas colaborativas de alquiler social para j\u00f3venes en el barrio de Ciudad y Tierra de Segovia. La Junta de Castilla y Le\u00f3n, [&hellip;]<\/p>\n","protected":false},"author":1,"featured_media":2514,"comment_status":"open","ping_status":"closed","sticky":false,"template":"","format":"standard","meta":{"_monsterinsights_skip_tracking":false,"_monsterinsights_sitenote_active":false,"_monsterinsights_sitenote_note":"","_monsterinsights_sitenote_category":0,"site-container-style":"default","site-container-layout":"default","site-sidebar-layout":"default","disable-article-header":"default","disable-site-header":"default","disable-site-footer":"default","disable-content-area-spacing":"default","_jetpack_memberships_contains_paid_content":false,"footnotes":"","jetpack_publicize_message":"","jetpack_publicize_feature_enabled":false,"jetpack_social_post_already_shared":true,"jetpack_social_options":{"image_generator_settings":{"template":"highway","default_image_id":0,"font":"","enabled":false},"version":2}},"categories":[10],"tags":[],"class_list":["post-2513","post","type-post","status-publish","format-standard","has-post-thumbnail","hentry","category-castilla-y-leon"],"jetpack_publicize_connections":[],"jetpack_featured_media_url":"https:\/\/987aldia.com\/web\/wp-content\/uploads\/2024\/04\/Sin-titulo-1-8.jpg","jetpack_sharing_enabled":true,"_links":{"self":[{"href":"https:\/\/987aldia.com\/web\/wp-json\/wp\/v2\/posts\/2513","targetHints":{"allow":["GET"]}}],"collection":[{"href":"https:\/\/987aldia.com\/web\/wp-json\/wp\/v2\/posts"}],"about":[{"href":"https:\/\/987aldia.com\/web\/wp-json\/wp\/v2\/types\/post"}],"author":[{"embeddable":true,"href":"https:\/\/987aldia.com\/web\/wp-json\/wp\/v2\/users\/1"}],"replies":[{"embeddable":true,"href":"https:\/\/987aldia.com\/web\/wp-json\/wp\/v2\/comments?post=2513"}],"version-history":[{"count":1,"href":"https:\/\/987aldia.com\/web\/wp-json\/wp\/v2\/posts\/2513\/revisions"}],"predecessor-version":[{"id":2515,"href":"https:\/\/987aldia.com\/web\/wp-json\/wp\/v2\/posts\/2513\/revisions\/2515"}],"wp:featuredmedia":[{"embeddable":true,"href":"https:\/\/987aldia.com\/web\/wp-json\/wp\/v2\/media\/2514"}],"wp:attachment":[{"href":"https:\/\/987aldia.com\/web\/wp-json\/wp\/v2\/media?parent=2513"}],"wp:term":[{"taxonomy":"category","embeddable":true,"href":"https:\/\/987aldia.com\/web\/wp-json\/wp\/v2\/categories?post=2513"},{"taxonomy":"post_tag","embeddable":true,"href":"https:\/\/987aldia.com\/web\/wp-json\/wp\/v2\/tags?post=2513"}],"curies":[{"name":"wp","href":"https:\/\/api.w.org\/{rel}","templated":true}]}}