{"id":2524,"date":"2024-05-10T10:00:00","date_gmt":"2024-05-10T08:00:00","guid":{"rendered":"https:\/\/987aldia.com\/web\/?p=2524"},"modified":"2024-05-09T12:49:21","modified_gmt":"2024-05-09T10:49:21","slug":"la-gerencia-de-asistencia-de-avila-actualiza-el-proceso-asistencial-de-insuficiencia-cardiaca","status":"publish","type":"post","link":"https:\/\/987aldia.com\/web\/la-gerencia-de-asistencia-de-avila-actualiza-el-proceso-asistencial-de-insuficiencia-cardiaca\/","title":{"rendered":"La Gerencia de Asistencia de \u00c1vila actualiza el proceso asistencial de insuficiencia cardiaca"},"content":{"rendered":"\n<h2 class=\"wp-block-heading\"><strong>El objetivo es la actualizaci\u00f3n de los profesionales en el manejo de la insuficiencia cardiaca para mejorar la atenci\u00f3n sanitaria de los pacientes con esta patolog\u00eda en nuestra \u00e1rea de salud.<\/strong><\/h2>\n\n\n\n<p>La insuficiencia card\u00edaca es un s\u00edndrome cl\u00ednico que ocasiona graves problemas de salud en los pacientes que lo sufren y un gran impacto en el sistema sanitario, por la extraordinaria prevalencia (con estimaciones imprecisas) y las complicaciones que conlleva. Puesto que muchas de las causas que lo originan son prevenibles, y la prevenci\u00f3n terciaria es crucial para evitar complicaciones mayores, hospitalizaciones o muerte, se considera un problema de salud p\u00fablica que debe ser abordado en todas sus dimensiones.<\/p>\n\n\n\n<p>En Castilla y Le\u00f3n no existen datos de prevalencia pero, dado el envejecimiento de la poblaci\u00f3n, seguramente estaremos por encima del 5% que se estima en la poblaci\u00f3n espa\u00f1ola. La incidencia anual estimada en poblaciones muy heterog\u00e9neas se sit\u00faa en torno al 3%, increment\u00e1ndose con la edad.<\/p>\n\n\n\n<p>Estas caracter\u00edsticas de relevancia para la salud p\u00fablica han sido el determinante para la realizaci\u00f3n de la actualizaci\u00f3n del proceso asistencial de insuficiencia cardiaca durante 2023-2024, con una difusi\u00f3n impresa del proceso, en formato gu\u00eda, de m\u00e1s de 400 ejemplares y con m\u00faltiples sesiones cl\u00ednicas en todas las zonas b\u00e1sicas de salud del \u00e1rea de \u00c1vila, incluido el Complejo Asistencial. Todo ello con el objetivo de actualizar los conocimientos de los profesionales en el manejo de la insuficiencia cardiaca para mejorar la atenci\u00f3n sanitaria de los pacientes con esta patolog\u00eda en el \u00e1rea de salud. Para su realizaci\u00f3n se ha contado con los profesionales de referencia en esta patolog\u00eda del \u00e1rea de salud de \u00c1vila.<\/p>\n\n\n\n<p>La gu\u00eda se ha presentado en un acto en el que tambi\u00e9n se han tratado asuntos de inter\u00e9s para los profesionales implicados, como la mejora de la coordinaci\u00f3n entre atenci\u00f3n primaria y hospitalaria durante la atenci\u00f3n del enfermo con insuficiencia cardiaca seg\u00fan sus comorbilidades; la actualizaci\u00f3n del tratamiento farmacol\u00f3gico y no farmacol\u00f3gico seg\u00fan la evoluci\u00f3n natural de la enfermedad, con el objetivo de preservar la calidad de vida en los pacientes; la educaci\u00f3n en la poblaci\u00f3n para que forme parte activa de su autocuidado; y la planificaci\u00f3n compartida de la atenci\u00f3n en pacientes con insuficiencia cardiaca al final de la vida.<\/p>\n","protected":false},"excerpt":{"rendered":"<p>El objetivo es la actualizaci\u00f3n de los profesionales en el manejo de la insuficiencia cardiaca para mejorar la atenci\u00f3n sanitaria de los pacientes con esta patolog\u00eda en nuestra \u00e1rea de salud. La insuficiencia card\u00edaca es un s\u00edndrome cl\u00ednico que ocasiona graves problemas de salud en los pacientes que lo sufren y un gran impacto en [&hellip;]<\/p>\n","protected":false},"author":1,"featured_media":2525,"comment_status":"open","ping_status":"closed","sticky":false,"template":"","format":"standard","meta":{"_monsterinsights_skip_tracking":false,"_monsterinsights_sitenote_active":false,"_monsterinsights_sitenote_note":"","_monsterinsights_sitenote_category":0,"site-container-style":"default","site-container-layout":"default","site-sidebar-layout":"default","disable-article-header":"default","disable-site-header":"default","disable-site-footer":"default","disable-content-area-spacing":"default","_jetpack_memberships_contains_paid_content":false,"footnotes":"","jetpack_publicize_message":"","jetpack_publicize_feature_enabled":false,"jetpack_social_post_already_shared":true,"jetpack_social_options":{"image_generator_settings":{"template":"highway","default_image_id":0,"font":"","enabled":false},"version":2}},"categories":[10],"tags":[],"class_list":["post-2524","post","type-post","status-publish","format-standard","has-post-thumbnail","hentry","category-castilla-y-leon"],"jetpack_publicize_connections":[],"jetpack_featured_media_url":"https:\/\/987aldia.com\/web\/wp-content\/uploads\/2024\/05\/Sin-titulo-1-1.jpg","jetpack_sharing_enabled":true,"_links":{"self":[{"href":"https:\/\/987aldia.com\/web\/wp-json\/wp\/v2\/posts\/2524","targetHints":{"allow":["GET"]}}],"collection":[{"href":"https:\/\/987aldia.com\/web\/wp-json\/wp\/v2\/posts"}],"about":[{"href":"https:\/\/987aldia.com\/web\/wp-json\/wp\/v2\/types\/post"}],"author":[{"embeddable":true,"href":"https:\/\/987aldia.com\/web\/wp-json\/wp\/v2\/users\/1"}],"replies":[{"embeddable":true,"href":"https:\/\/987aldia.com\/web\/wp-json\/wp\/v2\/comments?post=2524"}],"version-history":[{"count":1,"href":"https:\/\/987aldia.com\/web\/wp-json\/wp\/v2\/posts\/2524\/revisions"}],"predecessor-version":[{"id":2526,"href":"https:\/\/987aldia.com\/web\/wp-json\/wp\/v2\/posts\/2524\/revisions\/2526"}],"wp:featuredmedia":[{"embeddable":true,"href":"https:\/\/987aldia.com\/web\/wp-json\/wp\/v2\/media\/2525"}],"wp:attachment":[{"href":"https:\/\/987aldia.com\/web\/wp-json\/wp\/v2\/media?parent=2524"}],"wp:term":[{"taxonomy":"category","embeddable":true,"href":"https:\/\/987aldia.com\/web\/wp-json\/wp\/v2\/categories?post=2524"},{"taxonomy":"post_tag","embeddable":true,"href":"https:\/\/987aldia.com\/web\/wp-json\/wp\/v2\/tags?post=2524"}],"curies":[{"name":"wp","href":"https:\/\/api.w.org\/{rel}","templated":true}]}}