{"id":2527,"date":"2024-05-13T10:00:00","date_gmt":"2024-05-13T08:00:00","guid":{"rendered":"https:\/\/987aldia.com\/web\/?p=2527"},"modified":"2024-05-10T13:14:50","modified_gmt":"2024-05-10T11:14:50","slug":"la-casa-de-cultura-de-trobajo-acoge-una-exposicionque-propone-un-paseo-por-el-municipio-a-travesde-una-treintena-de-fotografias","status":"publish","type":"post","link":"https:\/\/987aldia.com\/web\/la-casa-de-cultura-de-trobajo-acoge-una-exposicionque-propone-un-paseo-por-el-municipio-a-travesde-una-treintena-de-fotografias\/","title":{"rendered":"La Casa de Cultura de Trobajo acoge una exposici\u00f3nque propone un \u201cpaseo por el municipio\u201d a trav\u00e9sde una treintena de fotograf\u00edas"},"content":{"rendered":"\n<h2 class=\"wp-block-heading\">La muestra, obra de Isaac Llamazares, refleja la arquitectura y la naturaleza de San Andr\u00e9s del Rabanedo, y se podr\u00e1 visitar hasta el 7 de junio.<\/h2>\n\n\n\n<p>La Casa de Cultura de la localidad de Trobajo del Camino acoge durante estos d\u00edas una exposici\u00f3n fotogr\u00e1fica en la que su autor, Isaac Llamazares, propone \u201cun paseo por el municipio\u201d mediante una treintena de im\u00e1genes con las que busca \u201crelatar la historia\u201d de San Andr\u00e9s del Rabanedo.<\/p>\n\n\n\n<p>Las im\u00e1genes fueron tomadas en el a\u00f1o 2018. Seg\u00fan ha relatado el autor, un vecino del municipio fue el que le sugiri\u00f3 llevar sus trabajos a una exposici\u00f3n despu\u00e9s de un \u201ctrabajo de investigaci\u00f3n\u201d sobre aquellos elementos clave del patrimonio arquitect\u00f3nico y natural con el que cuenta San Andr\u00e9s.<\/p>\n\n\n\n<p>La exposici\u00f3n est\u00e1 dividida en dos partes. La primera de ellas, la m\u00e1s extensa, sobre fotograf\u00edas tomadas en el municipio donde retrata los lugares m\u00e1s caracter\u00edsticos de San Andr\u00e9s del Rabanedo. La segunda parte son im\u00e1genes tomadas en Le\u00f3n capital.<\/p>\n\n\n\n<p>La alcaldesa de San Andr\u00e9s del Rabanedo, Ana Caurel, junto con otros miembros del equipo de gobierno y varios portavoces del resto de la corporaci\u00f3n municipal, han asistido a la inauguraci\u00f3n oficial de la exposici\u00f3n fotogr\u00e1fica de Isaac Llamazares, colaborador habitual de varios medios de comunicaci\u00f3n provinciales.<\/p>\n\n\n\n<p>La muestra est\u00e1 situada en la primera planta de la Casa de Cultura de Trobajo del Camino y se podr\u00e1 visitar hasta el pr\u00f3ximo 7 de junio, en horario de 10:00 a 14:00 horas y de 17:00 a 20:00 horas. Cuenta con la colaboraci\u00f3n de la Concejal\u00eda de Fiestas, Turismo, Cultura, Juventud y Deportes del Ayuntamiento de San Andr\u00e9s&nbsp;del&nbsp;Rabanedo.<\/p>\n","protected":false},"excerpt":{"rendered":"<p>La muestra, obra de Isaac Llamazares, refleja la arquitectura y la naturaleza de San Andr\u00e9s del Rabanedo, y se podr\u00e1 visitar hasta el 7 de junio. La Casa de Cultura de la localidad de Trobajo del Camino acoge durante estos d\u00edas una exposici\u00f3n fotogr\u00e1fica en la que su autor, Isaac Llamazares, propone \u201cun paseo por [&hellip;]<\/p>\n","protected":false},"author":1,"featured_media":2528,"comment_status":"open","ping_status":"closed","sticky":false,"template":"","format":"standard","meta":{"_monsterinsights_skip_tracking":false,"_monsterinsights_sitenote_active":false,"_monsterinsights_sitenote_note":"","_monsterinsights_sitenote_category":0,"site-container-style":"default","site-container-layout":"default","site-sidebar-layout":"default","disable-article-header":"default","disable-site-header":"default","disable-site-footer":"default","disable-content-area-spacing":"default","_jetpack_memberships_contains_paid_content":false,"footnotes":"","jetpack_publicize_message":"","jetpack_publicize_feature_enabled":false,"jetpack_social_post_already_shared":true,"jetpack_social_options":{"image_generator_settings":{"template":"highway","default_image_id":0,"font":"","enabled":false},"version":2}},"categories":[7],"tags":[],"class_list":["post-2527","post","type-post","status-publish","format-standard","has-post-thumbnail","hentry","category-notas-de-prensa"],"jetpack_publicize_connections":[],"jetpack_featured_media_url":"https:\/\/987aldia.com\/web\/wp-content\/uploads\/2024\/05\/IMG_1786.jpg","jetpack_sharing_enabled":true,"_links":{"self":[{"href":"https:\/\/987aldia.com\/web\/wp-json\/wp\/v2\/posts\/2527","targetHints":{"allow":["GET"]}}],"collection":[{"href":"https:\/\/987aldia.com\/web\/wp-json\/wp\/v2\/posts"}],"about":[{"href":"https:\/\/987aldia.com\/web\/wp-json\/wp\/v2\/types\/post"}],"author":[{"embeddable":true,"href":"https:\/\/987aldia.com\/web\/wp-json\/wp\/v2\/users\/1"}],"replies":[{"embeddable":true,"href":"https:\/\/987aldia.com\/web\/wp-json\/wp\/v2\/comments?post=2527"}],"version-history":[{"count":1,"href":"https:\/\/987aldia.com\/web\/wp-json\/wp\/v2\/posts\/2527\/revisions"}],"predecessor-version":[{"id":2529,"href":"https:\/\/987aldia.com\/web\/wp-json\/wp\/v2\/posts\/2527\/revisions\/2529"}],"wp:featuredmedia":[{"embeddable":true,"href":"https:\/\/987aldia.com\/web\/wp-json\/wp\/v2\/media\/2528"}],"wp:attachment":[{"href":"https:\/\/987aldia.com\/web\/wp-json\/wp\/v2\/media?parent=2527"}],"wp:term":[{"taxonomy":"category","embeddable":true,"href":"https:\/\/987aldia.com\/web\/wp-json\/wp\/v2\/categories?post=2527"},{"taxonomy":"post_tag","embeddable":true,"href":"https:\/\/987aldia.com\/web\/wp-json\/wp\/v2\/tags?post=2527"}],"curies":[{"name":"wp","href":"https:\/\/api.w.org\/{rel}","templated":true}]}}