{"id":2530,"date":"2024-05-15T10:00:00","date_gmt":"2024-05-15T08:00:00","guid":{"rendered":"https:\/\/987aldia.com\/web\/?p=2530"},"modified":"2024-05-14T13:36:20","modified_gmt":"2024-05-14T11:36:20","slug":"san-andres-abre-vias-de-colaboracion-con-aderlepara-visibilizar-las-enfermedades-raras","status":"publish","type":"post","link":"https:\/\/987aldia.com\/web\/san-andres-abre-vias-de-colaboracion-con-aderlepara-visibilizar-las-enfermedades-raras\/","title":{"rendered":"San Andr\u00e9s abre v\u00edas de colaboraci\u00f3n con ADERLEpara visibilizar las enfermedades raras"},"content":{"rendered":"\n<p>San Andr\u00e9s del Rabanedo.- La alcaldesa de San Andr\u00e9s del Rabanedo, Ana Caurel, ha mantenido un encuentro con representantes de la directiva<br>de la Asociaci\u00f3n de Enfermedades Raras de Le\u00f3n (ADERLE) con el objetivo de colaborar para el desarrollo de determinadas iniciativas conjuntas y dar visibilidad a las personas afectadas por este tipo de patolog\u00edas y a sus familias.<\/p>\n\n\n\n<p>Caurel ha recibido a la presidenta de ADERLE, Ana Rosa \u00c1lvarez, y a la responsable de Redes Sociales, Josefa Garc\u00eda, que forman parte de la directiva de una asociaci\u00f3n que cuenta con 67 personas afectadas por alguna enfermedad rara, pero que tambi\u00e9n da apoyo a sus familias.<\/p>\n\n\n\n<p>Entre las posibilidades de colaboraci\u00f3n entre el Ayuntamiento de San Andr\u00e9s del Rabanedo y ADERLE se encuentra estudiar la realizaci\u00f3n de una marcha solidaria en el municipio para dar a conocer la realidad de las personas afectadas y sus problem\u00e1ticas, as\u00ed como la organizaci\u00f3n en centros municipales de charlas de divulgaci\u00f3n sobre las enfermedades raras.<\/p>\n\n\n\n<p>Este encuentro se enmarca en las relaciones que desde el equipo de gobierno se est\u00e1n estableciendo con diferentes asociaciones y colectivos de car\u00e1cter social y del&nbsp;tercer&nbsp;sector.<\/p>\n","protected":false},"excerpt":{"rendered":"<p>San Andr\u00e9s del Rabanedo.- La alcaldesa de San Andr\u00e9s del Rabanedo, Ana Caurel, ha mantenido un encuentro con representantes de la directivade la Asociaci\u00f3n de Enfermedades Raras de Le\u00f3n (ADERLE) con el objetivo de colaborar para el desarrollo de determinadas iniciativas conjuntas y dar visibilidad a las personas afectadas por este tipo de patolog\u00edas y [&hellip;]<\/p>\n","protected":false},"author":1,"featured_media":2531,"comment_status":"open","ping_status":"closed","sticky":false,"template":"","format":"standard","meta":{"_monsterinsights_skip_tracking":false,"_monsterinsights_sitenote_active":false,"_monsterinsights_sitenote_note":"","_monsterinsights_sitenote_category":0,"site-container-style":"default","site-container-layout":"default","site-sidebar-layout":"default","disable-article-header":"default","disable-site-header":"default","disable-site-footer":"default","disable-content-area-spacing":"default","_jetpack_memberships_contains_paid_content":false,"footnotes":"","jetpack_publicize_message":"","jetpack_publicize_feature_enabled":false,"jetpack_social_post_already_shared":true,"jetpack_social_options":{"image_generator_settings":{"template":"highway","default_image_id":0,"font":"","enabled":false},"version":2}},"categories":[7],"tags":[],"class_list":["post-2530","post","type-post","status-publish","format-standard","has-post-thumbnail","hentry","category-notas-de-prensa"],"jetpack_publicize_connections":[],"jetpack_featured_media_url":"https:\/\/987aldia.com\/web\/wp-content\/uploads\/2024\/05\/Sin-titulo-1-2.jpg","jetpack_sharing_enabled":true,"_links":{"self":[{"href":"https:\/\/987aldia.com\/web\/wp-json\/wp\/v2\/posts\/2530","targetHints":{"allow":["GET"]}}],"collection":[{"href":"https:\/\/987aldia.com\/web\/wp-json\/wp\/v2\/posts"}],"about":[{"href":"https:\/\/987aldia.com\/web\/wp-json\/wp\/v2\/types\/post"}],"author":[{"embeddable":true,"href":"https:\/\/987aldia.com\/web\/wp-json\/wp\/v2\/users\/1"}],"replies":[{"embeddable":true,"href":"https:\/\/987aldia.com\/web\/wp-json\/wp\/v2\/comments?post=2530"}],"version-history":[{"count":1,"href":"https:\/\/987aldia.com\/web\/wp-json\/wp\/v2\/posts\/2530\/revisions"}],"predecessor-version":[{"id":2532,"href":"https:\/\/987aldia.com\/web\/wp-json\/wp\/v2\/posts\/2530\/revisions\/2532"}],"wp:featuredmedia":[{"embeddable":true,"href":"https:\/\/987aldia.com\/web\/wp-json\/wp\/v2\/media\/2531"}],"wp:attachment":[{"href":"https:\/\/987aldia.com\/web\/wp-json\/wp\/v2\/media?parent=2530"}],"wp:term":[{"taxonomy":"category","embeddable":true,"href":"https:\/\/987aldia.com\/web\/wp-json\/wp\/v2\/categories?post=2530"},{"taxonomy":"post_tag","embeddable":true,"href":"https:\/\/987aldia.com\/web\/wp-json\/wp\/v2\/tags?post=2530"}],"curies":[{"name":"wp","href":"https:\/\/api.w.org\/{rel}","templated":true}]}}