{"id":4934,"date":"2025-02-13T19:07:45","date_gmt":"2025-02-13T18:07:45","guid":{"rendered":"https:\/\/987aldia.com\/web\/persiste-el-problema-de-calefaccion-en-el-faustina-alvarez-alumnos-soportan-clases-a-8-grados-denuncia-el-psoe\/"},"modified":"2025-02-13T19:07:45","modified_gmt":"2025-02-13T18:07:45","slug":"persiste-el-problema-de-calefaccion-en-el-faustina-alvarez-alumnos-soportan-clases-a-8-grados-denuncia-el-psoe","status":"publish","type":"post","link":"https:\/\/987aldia.com\/web\/persiste-el-problema-de-calefaccion-en-el-faustina-alvarez-alumnos-soportan-clases-a-8-grados-denuncia-el-psoe\/","title":{"rendered":"Persiste el problema de calefacci\u00f3n en el Faustina \u00c1lvarez: Alumnos soportan clases a 8 grados, denuncia el PSOE."},"content":{"rendered":"<p>El fr\u00edo se cuela en las aulas del colegio Faustina \u00c1lvarez, donde los alumnos se ven obligados a recibir clases a tan solo 8 grados. El Partido Socialista Obrero Espa\u00f1ol (PSOE) ha levantado la voz de alarma, denunciando la persistencia del problema de calefacci\u00f3n en el centro educativo.<\/p>\n<p>Ante esta situaci\u00f3n, el Procurador del Com\u00fan ha tomado cartas en el asunto y ha instado a que se tomen \u00abcuantas medidas sean necesarias\u00bb con la mayor prontitud posible para garantizar que tanto el alumnado como el resto de la comunidad educativa puedan permanecer en condiciones ambientales adecuadas.<\/p>\n<p>El fr\u00edo no solo afecta el confort de los estudiantes, sino que tambi\u00e9n puede interferir en su rendimiento acad\u00e9mico y bienestar. Es imperativo que las autoridades competentes act\u00faen de manera inmediata para resolver este problema y asegurar un entorno propicio para el aprendizaje.<\/p>\n","protected":false},"excerpt":{"rendered":"<p>El fr\u00edo se cuela en las aulas del colegio Faustina \u00c1lvarez, donde los alumnos se ven obligados a recibir clases a tan solo 8 grados. El Partido Socialista Obrero Espa\u00f1ol (PSOE) ha levantado la voz de alarma, denunciando la persistencia del problema de calefacci\u00f3n en el centro educativo. Ante esta situaci\u00f3n, el Procurador del Com\u00fan [&hellip;]<\/p>\n","protected":false},"author":1,"featured_media":4935,"comment_status":"open","ping_status":"closed","sticky":false,"template":"","format":"standard","meta":{"_monsterinsights_skip_tracking":false,"_monsterinsights_sitenote_active":false,"_monsterinsights_sitenote_note":"","_monsterinsights_sitenote_category":0,"site-container-style":"default","site-container-layout":"default","site-sidebar-layout":"default","disable-article-header":"default","disable-site-header":"default","disable-site-footer":"default","disable-content-area-spacing":"default","_jetpack_memberships_contains_paid_content":false,"footnotes":"","jetpack_publicize_message":"","jetpack_publicize_feature_enabled":true,"jetpack_social_post_already_shared":true,"jetpack_social_options":{"image_generator_settings":{"template":"highway","default_image_id":0,"font":"","enabled":false},"version":2}},"categories":[1],"tags":[],"class_list":["post-4934","post","type-post","status-publish","format-standard","has-post-thumbnail","hentry","category-uncategorized"],"jetpack_publicize_connections":[],"jetpack_featured_media_url":"https:\/\/987aldia.com\/web\/wp-content\/uploads\/2025\/02\/67ae34f10f084.jpg","jetpack_sharing_enabled":true,"_links":{"self":[{"href":"https:\/\/987aldia.com\/web\/wp-json\/wp\/v2\/posts\/4934","targetHints":{"allow":["GET"]}}],"collection":[{"href":"https:\/\/987aldia.com\/web\/wp-json\/wp\/v2\/posts"}],"about":[{"href":"https:\/\/987aldia.com\/web\/wp-json\/wp\/v2\/types\/post"}],"author":[{"embeddable":true,"href":"https:\/\/987aldia.com\/web\/wp-json\/wp\/v2\/users\/1"}],"replies":[{"embeddable":true,"href":"https:\/\/987aldia.com\/web\/wp-json\/wp\/v2\/comments?post=4934"}],"version-history":[{"count":0,"href":"https:\/\/987aldia.com\/web\/wp-json\/wp\/v2\/posts\/4934\/revisions"}],"wp:featuredmedia":[{"embeddable":true,"href":"https:\/\/987aldia.com\/web\/wp-json\/wp\/v2\/media\/4935"}],"wp:attachment":[{"href":"https:\/\/987aldia.com\/web\/wp-json\/wp\/v2\/media?parent=4934"}],"wp:term":[{"taxonomy":"category","embeddable":true,"href":"https:\/\/987aldia.com\/web\/wp-json\/wp\/v2\/categories?post=4934"},{"taxonomy":"post_tag","embeddable":true,"href":"https:\/\/987aldia.com\/web\/wp-json\/wp\/v2\/tags?post=4934"}],"curies":[{"name":"wp","href":"https:\/\/api.w.org\/{rel}","templated":true}]}}